{"id":609653,"date":"2025-10-05T14:56:57","date_gmt":"2025-10-05T20:56:57","guid":{"rendered":"https:\/\/www.zunoticia.com\/noticias-de-hidalgo\/?p=609653"},"modified":"2025-10-05T19:12:08","modified_gmt":"2025-10-06T01:12:08","slug":"julio-menchaca-respalda-a-claudia-sheinbaum-en-su-primer-ano-de-gobierno-y-celebra-compromiso-historico-con-hidalgo","status":"publish","type":"post","link":"https:\/\/www.zunoticia.com\/noticias-de-hidalgo\/2025\/10\/05\/julio-menchaca-respalda-a-claudia-sheinbaum-en-su-primer-ano-de-gobierno-y-celebra-compromiso-historico-con-hidalgo\/","title":{"rendered":"Julio Menchaca respalda a Claudia Sheinbaum en su primer a\u00f1o de gobierno y celebra compromiso hist\u00f3rico con Hidalgo"},"content":{"rendered":"<aside class=\"mashsb-container mashsb-main mashsb-stretched\"><div class=\"mashsb-box\"><div class=\"mashsb-count mash-large\" style=\"float:left\"><div class=\"counts mashsbcount\">0<\/div><span class=\"mashsb-sharetext\">SHARES<\/span><\/div><div class=\"mashsb-buttons\"><a class=\"mashicon-facebook mash-large mash-center mashsb-noshadow\" href=\"https:\/\/www.facebook.com\/sharer.php?u=https%3A%2F%2Fwww.zunoticia.com%2Fnoticias-de-hidalgo%2F2025%2F10%2F05%2Fjulio-menchaca-respalda-a-claudia-sheinbaum-en-su-primer-ano-de-gobierno-y-celebra-compromiso-historico-con-hidalgo%2F\" target=\"_top\" rel=\"nofollow\"><span class=\"icon\"><\/span><span class=\"text\">Share<\/span><\/a><a class=\"mashicon-twitter mash-large mash-center mashsb-noshadow\" href=\"https:\/\/twitter.com\/intent\/tweet?text=&amp;url=https:\/\/www.zunoticia.com\/noticias-de-hidalgo\/2025\/10\/05\/julio-menchaca-respalda-a-claudia-sheinbaum-en-su-primer-ano-de-gobierno-y-celebra-compromiso-historico-con-hidalgo\/\" target=\"_top\" rel=\"nofollow\"><span class=\"icon\"><\/span><span class=\"text\">Tweet<\/span><\/a><div class=\"onoffswitch2 mash-large mashsb-noshadow\" style=\"display:none\"><\/div><\/div>\n            <\/div>\n                <div style=\"clear:both\"><\/div><div class=\"mashsb-toggle-container\"><\/div><\/aside>\n            <!-- Share buttons by mashshare.net - Version: 4.0.47-->\n<ul class=\"wp-block-list\">\n<li>El mandatario hidalguense reconoci\u00f3 el apoyo del Gobierno de M\u00e9xico a trav\u00e9s de obras y acciones que buscan saldar rezagos hist\u00f3ricos en la entidad.<\/li>\n<\/ul>\n\n\n\n<p><em>Por Redacci\u00f3n\/Zunoticia<\/em><\/p>\n\n\n\n<p><strong>Pachuca de Soto, Hgo<\/strong><strong>.-<\/strong> El gobernador de Hidalgo, Julio Menchaca, acompa\u00f1\u00f3 a la presidenta Claudia Sheinbaum Pardo durante su primer informe de gobierno en el Z\u00f3calo capitalino, donde se dieron cita 400 mil personas. Ah\u00ed respald\u00f3 el proyecto de transformaci\u00f3n nacional y reconoci\u00f3 los avances en justicia social, infraestructura y derechos sociales, temas que destac\u00f3 entre los logros de su administraci\u00f3n.<\/p>\n\n\n\n<figure class=\"wp-block-image size-large\"><img fetchpriority=\"high\" decoding=\"async\" width=\"1024\" height=\"683\" src=\"https:\/\/www.zunoticia.com\/noticias-de-hidalgo\/wp-content\/uploads\/2025\/10\/eZy-Watermark_05-10-2025_02-47-32-1810p.m-1024x683.jpg\" alt=\"\" class=\"wp-image-609661\" srcset=\"https:\/\/www.zunoticia.com\/noticias-de-hidalgo\/wp-content\/uploads\/2025\/10\/eZy-Watermark_05-10-2025_02-47-32-1810p.m-1024x683.jpg 1024w, https:\/\/www.zunoticia.com\/noticias-de-hidalgo\/wp-content\/uploads\/2025\/10\/eZy-Watermark_05-10-2025_02-47-32-1810p.m-300x200.jpg 300w, https:\/\/www.zunoticia.com\/noticias-de-hidalgo\/wp-content\/uploads\/2025\/10\/eZy-Watermark_05-10-2025_02-47-32-1810p.m-768x512.jpg 768w, https:\/\/www.zunoticia.com\/noticias-de-hidalgo\/wp-content\/uploads\/2025\/10\/eZy-Watermark_05-10-2025_02-47-32-1810p.m.jpg 1280w\" sizes=\"(max-width: 1024px) 100vw, 1024px\" \/><\/figure>\n\n\n\n<p>&#8220;Al igual que la presidenta, en Hidalgo estamos convencidos que la honestidad no es la excepci\u00f3n, sino la regla&#8221;, enfatiz\u00f3 Menchaca, quien adem\u00e1s agradeci\u00f3 el compromiso de la mandataria federal con el estado, el cual se refleja en los proyectos estrat\u00e9gicos impulsados por su gobierno para atender los rezagos hist\u00f3ricos que por a\u00f1os han afectado a la entidad.<\/p>\n\n\n\n<figure class=\"wp-block-image size-large\"><img decoding=\"async\" width=\"1024\" height=\"681\" src=\"https:\/\/www.zunoticia.com\/noticias-de-hidalgo\/wp-content\/uploads\/2025\/10\/eZy-Watermark_05-10-2025_07-03-42-0990p.m-1024x681.jpg\" alt=\"\" class=\"wp-image-609691\" srcset=\"https:\/\/www.zunoticia.com\/noticias-de-hidalgo\/wp-content\/uploads\/2025\/10\/eZy-Watermark_05-10-2025_07-03-42-0990p.m-1024x681.jpg 1024w, https:\/\/www.zunoticia.com\/noticias-de-hidalgo\/wp-content\/uploads\/2025\/10\/eZy-Watermark_05-10-2025_07-03-42-0990p.m-300x200.jpg 300w, https:\/\/www.zunoticia.com\/noticias-de-hidalgo\/wp-content\/uploads\/2025\/10\/eZy-Watermark_05-10-2025_07-03-42-0990p.m-768x511.jpg 768w, https:\/\/www.zunoticia.com\/noticias-de-hidalgo\/wp-content\/uploads\/2025\/10\/eZy-Watermark_05-10-2025_07-03-42-0990p.m-1536x1021.jpg 1536w, https:\/\/www.zunoticia.com\/noticias-de-hidalgo\/wp-content\/uploads\/2025\/10\/eZy-Watermark_05-10-2025_07-03-42-0990p.m-1568x1043.jpg 1568w, https:\/\/www.zunoticia.com\/noticias-de-hidalgo\/wp-content\/uploads\/2025\/10\/eZy-Watermark_05-10-2025_07-03-42-0990p.m.jpg 1600w\" sizes=\"(max-width: 1024px) 100vw, 1024px\" \/><\/figure>\n\n\n\n<figure class=\"wp-block-image size-large\"><img decoding=\"async\" width=\"1024\" height=\"768\" src=\"https:\/\/www.zunoticia.com\/noticias-de-hidalgo\/wp-content\/uploads\/2025\/10\/eZy-Watermark_05-10-2025_02-47-52-5350p.m-1024x768.jpg\" alt=\"\" class=\"wp-image-609663\" srcset=\"https:\/\/www.zunoticia.com\/noticias-de-hidalgo\/wp-content\/uploads\/2025\/10\/eZy-Watermark_05-10-2025_02-47-52-5350p.m-1024x768.jpg 1024w, https:\/\/www.zunoticia.com\/noticias-de-hidalgo\/wp-content\/uploads\/2025\/10\/eZy-Watermark_05-10-2025_02-47-52-5350p.m-300x225.jpg 300w, https:\/\/www.zunoticia.com\/noticias-de-hidalgo\/wp-content\/uploads\/2025\/10\/eZy-Watermark_05-10-2025_02-47-52-5350p.m-768x576.jpg 768w, https:\/\/www.zunoticia.com\/noticias-de-hidalgo\/wp-content\/uploads\/2025\/10\/eZy-Watermark_05-10-2025_02-47-52-5350p.m.jpg 1280w\" sizes=\"(max-width: 1024px) 100vw, 1024px\" \/><\/figure>\n\n\n\n<p>Finalmente,, subray\u00f3 que las obras en materia de conectividad, infraestructura social, salud y bienestar no s\u00f3lo representan un acto de justicia para el pueblo hidalguense, sino tambi\u00e9n una muestra clara de que el desarrollo con equidad es posible cuando el gobierno act\u00faa con visi\u00f3n, sensibilidad y cercan\u00eda al pueblo.<\/p>\n\n\n\n<figure class=\"wp-block-image size-large\"><img loading=\"lazy\" decoding=\"async\" width=\"1024\" height=\"683\" src=\"https:\/\/www.zunoticia.com\/noticias-de-hidalgo\/wp-content\/uploads\/2025\/10\/eZy-Watermark_05-10-2025_02-48-10-8590p.m-1024x683.jpg\" alt=\"\" class=\"wp-image-609662\" srcset=\"https:\/\/www.zunoticia.com\/noticias-de-hidalgo\/wp-content\/uploads\/2025\/10\/eZy-Watermark_05-10-2025_02-48-10-8590p.m-1024x683.jpg 1024w, https:\/\/www.zunoticia.com\/noticias-de-hidalgo\/wp-content\/uploads\/2025\/10\/eZy-Watermark_05-10-2025_02-48-10-8590p.m-300x200.jpg 300w, https:\/\/www.zunoticia.com\/noticias-de-hidalgo\/wp-content\/uploads\/2025\/10\/eZy-Watermark_05-10-2025_02-48-10-8590p.m-768x512.jpg 768w, https:\/\/www.zunoticia.com\/noticias-de-hidalgo\/wp-content\/uploads\/2025\/10\/eZy-Watermark_05-10-2025_02-48-10-8590p.m.jpg 1280w\" sizes=\"(max-width: 1024px) 100vw, 1024px\" \/><\/figure>\n\n\n\n<figure class=\"wp-block-image size-large\"><img loading=\"lazy\" decoding=\"async\" width=\"1024\" height=\"768\" src=\"https:\/\/www.zunoticia.com\/noticias-de-hidalgo\/wp-content\/uploads\/2025\/10\/eZy-Watermark_05-10-2025_02-46-52-7640p.m-1024x768.jpg\" alt=\"\" class=\"wp-image-609660\" srcset=\"https:\/\/www.zunoticia.com\/noticias-de-hidalgo\/wp-content\/uploads\/2025\/10\/eZy-Watermark_05-10-2025_02-46-52-7640p.m-1024x768.jpg 1024w, https:\/\/www.zunoticia.com\/noticias-de-hidalgo\/wp-content\/uploads\/2025\/10\/eZy-Watermark_05-10-2025_02-46-52-7640p.m-300x225.jpg 300w, https:\/\/www.zunoticia.com\/noticias-de-hidalgo\/wp-content\/uploads\/2025\/10\/eZy-Watermark_05-10-2025_02-46-52-7640p.m-768x576.jpg 768w, https:\/\/www.zunoticia.com\/noticias-de-hidalgo\/wp-content\/uploads\/2025\/10\/eZy-Watermark_05-10-2025_02-46-52-7640p.m.jpg 1280w\" sizes=\"(max-width: 1024px) 100vw, 1024px\" \/><\/figure>\n","protected":false},"excerpt":{"rendered":"<p>Por Redacci\u00f3n\/Zunoticia Pachuca de Soto, Hgo.- El gobernador de Hidalgo, Julio Menchaca, acompa\u00f1\u00f3 a la presidenta Claudia Sheinbaum Pardo durante su primer informe de gobierno en el Z\u00f3calo capitalino, donde se dieron cita 400 mil personas. Ah\u00ed respald\u00f3 el proyecto de transformaci\u00f3n nacional y reconoci\u00f3 los avances en justicia social, infraestructura y derechos sociales, temas&hellip; <a class=\"more-link\" href=\"https:\/\/www.zunoticia.com\/noticias-de-hidalgo\/2025\/10\/05\/julio-menchaca-respalda-a-claudia-sheinbaum-en-su-primer-ano-de-gobierno-y-celebra-compromiso-historico-con-hidalgo\/\">Seguir leyendo <span class=\"screen-reader-text\">Julio Menchaca respalda a Claudia Sheinbaum en su primer a\u00f1o de gobierno y celebra compromiso hist\u00f3rico con Hidalgo<\/span><\/a><\/p>\n","protected":false},"author":12,"featured_media":609692,"comment_status":"open","ping_status":"open","sticky":false,"template":"","format":"standard","meta":{"rop_custom_images_group":[],"rop_custom_messages_group":[],"rop_publish_now":"initial","rop_publish_now_accounts":{"facebook_10159540855086992_322828327761733":""},"rop_publish_now_history":[],"rop_publish_now_status":"pending","footnotes":""},"categories":[208],"tags":[214],"class_list":["post-609653","post","type-post","status-publish","format-standard","has-post-thumbnail","hentry","category-estado","tag-estado","entry"],"_links":{"self":[{"href":"https:\/\/www.zunoticia.com\/noticias-de-hidalgo\/wp-json\/wp\/v2\/posts\/609653","targetHints":{"allow":["GET"]}}],"collection":[{"href":"https:\/\/www.zunoticia.com\/noticias-de-hidalgo\/wp-json\/wp\/v2\/posts"}],"about":[{"href":"https:\/\/www.zunoticia.com\/noticias-de-hidalgo\/wp-json\/wp\/v2\/types\/post"}],"author":[{"embeddable":true,"href":"https:\/\/www.zunoticia.com\/noticias-de-hidalgo\/wp-json\/wp\/v2\/users\/12"}],"replies":[{"embeddable":true,"href":"https:\/\/www.zunoticia.com\/noticias-de-hidalgo\/wp-json\/wp\/v2\/comments?post=609653"}],"version-history":[{"count":2,"href":"https:\/\/www.zunoticia.com\/noticias-de-hidalgo\/wp-json\/wp\/v2\/posts\/609653\/revisions"}],"predecessor-version":[{"id":609694,"href":"https:\/\/www.zunoticia.com\/noticias-de-hidalgo\/wp-json\/wp\/v2\/posts\/609653\/revisions\/609694"}],"wp:featuredmedia":[{"embeddable":true,"href":"https:\/\/www.zunoticia.com\/noticias-de-hidalgo\/wp-json\/wp\/v2\/media\/609692"}],"wp:attachment":[{"href":"https:\/\/www.zunoticia.com\/noticias-de-hidalgo\/wp-json\/wp\/v2\/media?parent=609653"}],"wp:term":[{"taxonomy":"category","embeddable":true,"href":"https:\/\/www.zunoticia.com\/noticias-de-hidalgo\/wp-json\/wp\/v2\/categories?post=609653"},{"taxonomy":"post_tag","embeddable":true,"href":"https:\/\/www.zunoticia.com\/noticias-de-hidalgo\/wp-json\/wp\/v2\/tags?post=609653"}],"curies":[{"name":"wp","href":"https:\/\/api.w.org\/{rel}","templated":true}]}}