{"id":609665,"date":"2025-10-05T16:05:51","date_gmt":"2025-10-05T22:05:51","guid":{"rendered":"https:\/\/www.zunoticia.com\/noticias-de-hidalgo\/?p=609665"},"modified":"2025-10-05T16:08:18","modified_gmt":"2025-10-05T22:08:18","slug":"con-concurso-de-oratoria-y-declamacion-conmemoran-el-53-aniversario-del-cbta-5","status":"publish","type":"post","link":"https:\/\/www.zunoticia.com\/noticias-de-hidalgo\/2025\/10\/05\/con-concurso-de-oratoria-y-declamacion-conmemoran-el-53-aniversario-del-cbta-5\/","title":{"rendered":"Con concurso de Oratoria y Declamaci\u00f3n Conmemoran el 53\u00b0 Aniversario del CBTa 5"},"content":{"rendered":"<aside class=\"mashsb-container mashsb-main mashsb-stretched\"><div class=\"mashsb-box\"><div class=\"mashsb-count mash-large\" style=\"float:left\"><div class=\"counts mashsbcount\">0<\/div><span class=\"mashsb-sharetext\">SHARES<\/span><\/div><div class=\"mashsb-buttons\"><a class=\"mashicon-facebook mash-large mash-center mashsb-noshadow\" href=\"https:\/\/www.facebook.com\/sharer.php?u=https%3A%2F%2Fwww.zunoticia.com%2Fnoticias-de-hidalgo%2F2025%2F10%2F05%2Fcon-concurso-de-oratoria-y-declamacion-conmemoran-el-53-aniversario-del-cbta-5%2F\" target=\"_top\" rel=\"nofollow\"><span class=\"icon\"><\/span><span class=\"text\">Share<\/span><\/a><a class=\"mashicon-twitter mash-large mash-center mashsb-noshadow\" href=\"https:\/\/twitter.com\/intent\/tweet?text=&amp;url=https:\/\/www.zunoticia.com\/noticias-de-hidalgo\/2025\/10\/05\/con-concurso-de-oratoria-y-declamacion-conmemoran-el-53-aniversario-del-cbta-5\/\" target=\"_top\" rel=\"nofollow\"><span class=\"icon\"><\/span><span class=\"text\">Tweet<\/span><\/a><div class=\"onoffswitch2 mash-large mashsb-noshadow\" style=\"display:none\"><\/div><\/div>\n            <\/div>\n                <div style=\"clear:both\"><\/div><div class=\"mashsb-toggle-container\"><\/div><\/aside>\n            <!-- Share buttons by mashshare.net - Version: 4.0.47-->\n<ul class=\"wp-block-list\">\n<li>Celebran un a\u00f1o m\u00e1s de servicio y compromiso.<\/li>\n<\/ul>\n\n\n\n<p><em>Por Gabriela Hern\u00e1ndez\/Zunoticia<\/em><\/p>\n\n\n\n<p><strong>Huejutla, Hgo.-<\/strong> Como parte de las actividades conmemorativas por el 53\u00b0 Aniversario del Centro de Bachillerato Tecnol\u00f3gico No. 5 \u201cHermanos Flores Mag\u00f3n\u201d CBTa 5, el pasado s\u00e1bado llev\u00f3 a cabo el Primer Concurso de Oratoria y Declamaci\u00f3n denominado: Encuentro Amistoso \u201cLa elocuencia y la palabra\u201d, donde se tuvo gran participaci\u00f3n de alumnos de diferentes instituciones educativas de nivel medio superior.<\/p>\n\n\n\n<figure class=\"wp-block-image size-large\"><img fetchpriority=\"high\" decoding=\"async\" width=\"1024\" height=\"769\" src=\"https:\/\/www.zunoticia.com\/noticias-de-hidalgo\/wp-content\/uploads\/2025\/10\/eZy-Watermark_05-10-2025_12-46-14-3460p.m-1024x769.jpg\" alt=\"\" class=\"wp-image-609635\" srcset=\"https:\/\/www.zunoticia.com\/noticias-de-hidalgo\/wp-content\/uploads\/2025\/10\/eZy-Watermark_05-10-2025_12-46-14-3460p.m-1024x769.jpg 1024w, https:\/\/www.zunoticia.com\/noticias-de-hidalgo\/wp-content\/uploads\/2025\/10\/eZy-Watermark_05-10-2025_12-46-14-3460p.m-300x225.jpg 300w, https:\/\/www.zunoticia.com\/noticias-de-hidalgo\/wp-content\/uploads\/2025\/10\/eZy-Watermark_05-10-2025_12-46-14-3460p.m-768x577.jpg 768w, https:\/\/www.zunoticia.com\/noticias-de-hidalgo\/wp-content\/uploads\/2025\/10\/eZy-Watermark_05-10-2025_12-46-14-3460p.m.jpg 1156w\" sizes=\"(max-width: 1024px) 100vw, 1024px\" \/><\/figure>\n\n\n\n<p>Los alumnos, quienes destacaron en sus respectivas categor\u00edas fueron: Concurso de Oratoria, 1er. Lugar, Jos\u00e9 Luis Ord\u00fa\u00f1ez Naranjo del CBTa N\u00b0 5; 2do. Lugar, Kendy Agust\u00edn Gallegos, del CECyTEH-Coacuilco, Huejutla; 3er. Lugar, \u00c1ngel Gael Mart\u00ednez Mart\u00ednez de la Respetable Logia Simb\u00f3lica Huasteca Libre No. 6, Huejutla.<\/p>\n\n\n\n<figure class=\"wp-block-image size-large\"><img decoding=\"async\" width=\"1024\" height=\"768\" src=\"https:\/\/www.zunoticia.com\/noticias-de-hidalgo\/wp-content\/uploads\/2025\/10\/eZy-Watermark_05-10-2025_12-46-52-6800p.m-1024x768.jpg\" alt=\"\" class=\"wp-image-609637\" srcset=\"https:\/\/www.zunoticia.com\/noticias-de-hidalgo\/wp-content\/uploads\/2025\/10\/eZy-Watermark_05-10-2025_12-46-52-6800p.m-1024x768.jpg 1024w, https:\/\/www.zunoticia.com\/noticias-de-hidalgo\/wp-content\/uploads\/2025\/10\/eZy-Watermark_05-10-2025_12-46-52-6800p.m-300x225.jpg 300w, https:\/\/www.zunoticia.com\/noticias-de-hidalgo\/wp-content\/uploads\/2025\/10\/eZy-Watermark_05-10-2025_12-46-52-6800p.m-768x576.jpg 768w, https:\/\/www.zunoticia.com\/noticias-de-hidalgo\/wp-content\/uploads\/2025\/10\/eZy-Watermark_05-10-2025_12-46-52-6800p.m.jpg 1440w\" sizes=\"(max-width: 1024px) 100vw, 1024px\" \/><\/figure>\n\n\n\n<p>Por otro lado, en el concurso de Declamaci\u00f3n: 1er. Lugar, Heli Suyay Hern\u00e1ndez P\u00e9rez, del CBTa N\u00b0 5; 2do.Lugar, Yoltzy Edith G\u00f3mez Cruz, del CECyTEH-Coacuilco, Huejutla; 3er. Lugar Esleydi Naomi Reyes Bautista del COBAEH-Tehuetl\u00e1n, Huejutla.<\/p>\n\n\n\n<figure class=\"wp-block-image size-full\"><img decoding=\"async\" width=\"720\" height=\"703\" src=\"https:\/\/www.zunoticia.com\/noticias-de-hidalgo\/wp-content\/uploads\/2025\/10\/eZy-Watermark_05-10-2025_12-45-49-9900p.m.jpg\" alt=\"\" class=\"wp-image-609636\" srcset=\"https:\/\/www.zunoticia.com\/noticias-de-hidalgo\/wp-content\/uploads\/2025\/10\/eZy-Watermark_05-10-2025_12-45-49-9900p.m.jpg 720w, https:\/\/www.zunoticia.com\/noticias-de-hidalgo\/wp-content\/uploads\/2025\/10\/eZy-Watermark_05-10-2025_12-45-49-9900p.m-300x293.jpg 300w\" sizes=\"(max-width: 720px) 100vw, 720px\" \/><\/figure>\n\n\n\n<p>Durante dicho evento se cont\u00f3 con la distinguida presencia de la Mtra. Ivonne Salvador P\u00e9rez, Asesora T\u00e9cnico Pedag\u00f3gica de la Zona escolar 169 de Primarias Particulares y del Mtro. Nivardo Ramos Rojas, Supervisor de la zona escolar 169 de Primarias Particulares, quienes fungieron como Jurado calificador de este evento.<\/p>\n\n\n\n<figure class=\"wp-block-image size-large\"><img loading=\"lazy\" decoding=\"async\" width=\"1024\" height=\"768\" src=\"https:\/\/www.zunoticia.com\/noticias-de-hidalgo\/wp-content\/uploads\/2025\/10\/eZy-Watermark_05-10-2025_12-45-29-5110p.m-1024x768.jpg\" alt=\"\" class=\"wp-image-609638\" srcset=\"https:\/\/www.zunoticia.com\/noticias-de-hidalgo\/wp-content\/uploads\/2025\/10\/eZy-Watermark_05-10-2025_12-45-29-5110p.m-1024x768.jpg 1024w, https:\/\/www.zunoticia.com\/noticias-de-hidalgo\/wp-content\/uploads\/2025\/10\/eZy-Watermark_05-10-2025_12-45-29-5110p.m-300x225.jpg 300w, https:\/\/www.zunoticia.com\/noticias-de-hidalgo\/wp-content\/uploads\/2025\/10\/eZy-Watermark_05-10-2025_12-45-29-5110p.m-768x576.jpg 768w, https:\/\/www.zunoticia.com\/noticias-de-hidalgo\/wp-content\/uploads\/2025\/10\/eZy-Watermark_05-10-2025_12-45-29-5110p.m.jpg 1280w\" sizes=\"(max-width: 1024px) 100vw, 1024px\" \/><\/figure>\n\n\n\n<p>Continuando con la celebraci\u00f3n, se llev\u00f3 a cabo una demostraci\u00f3n de pintura de los estudiantes de esta casa de estudios, Meredith Ximena Flores Fern\u00e1ndez del 5\u00b0 \u201cA\u201d, de T\u00e9cnico en Producci\u00f3n Industrial de Alimentos; Johan Emir Mart\u00ednez Hern\u00e1ndez del 5\u00b0 \u201cA\u201d, de T\u00e9cnico en Sistemas de Producci\u00f3n Agr\u00edcola; Dafne Rivera Hern\u00e1ndez del 3\u00b0 \u201cB\u201d, de T\u00e9cnico en Sistemas de Producci\u00f3n Pecuaria; Zadkiel Mendiola Delgado 3\u00b0 \u201cB\u201d, T\u00e9cnico en Sistemas de Producci\u00f3n Pecuaria; Joshua Andr\u00e9s M\u00e1rquez Hern\u00e1ndez 3\u00b0 \u201cB\u201d, T\u00e9cnico en Sistemas de Producci\u00f3n Pecuaria; Rub\u00e9n Vite Bautista del 1er Semestre Grupo \u201cL\u201d.<\/p>\n\n\n\n<figure class=\"wp-block-image size-large\"><img loading=\"lazy\" decoding=\"async\" width=\"1024\" height=\"576\" src=\"https:\/\/www.zunoticia.com\/noticias-de-hidalgo\/wp-content\/uploads\/2025\/10\/eZy-Watermark_05-10-2025_12-44-56-0440p.m-1024x576.jpg\" alt=\"\" class=\"wp-image-609633\" srcset=\"https:\/\/www.zunoticia.com\/noticias-de-hidalgo\/wp-content\/uploads\/2025\/10\/eZy-Watermark_05-10-2025_12-44-56-0440p.m-1024x576.jpg 1024w, https:\/\/www.zunoticia.com\/noticias-de-hidalgo\/wp-content\/uploads\/2025\/10\/eZy-Watermark_05-10-2025_12-44-56-0440p.m-300x169.jpg 300w, https:\/\/www.zunoticia.com\/noticias-de-hidalgo\/wp-content\/uploads\/2025\/10\/eZy-Watermark_05-10-2025_12-44-56-0440p.m-768x432.jpg 768w, https:\/\/www.zunoticia.com\/noticias-de-hidalgo\/wp-content\/uploads\/2025\/10\/eZy-Watermark_05-10-2025_12-44-56-0440p.m-1536x864.jpg 1536w, https:\/\/www.zunoticia.com\/noticias-de-hidalgo\/wp-content\/uploads\/2025\/10\/eZy-Watermark_05-10-2025_12-44-56-0440p.m-1568x882.jpg 1568w, https:\/\/www.zunoticia.com\/noticias-de-hidalgo\/wp-content\/uploads\/2025\/10\/eZy-Watermark_05-10-2025_12-44-56-0440p.m.jpg 1599w\" sizes=\"(max-width: 1024px) 100vw, 1024px\" \/><\/figure>\n\n\n\n<p>Dentro de las actividades conmemorativas se deposit\u00f3 un arreglo floral en el lugar que ocupa la Placa del 50 aniversario, a cargo del director el ingeniero Ignacio Hern\u00e1ndez Garc\u00eda en compa\u00f1\u00eda de docentes y alumnos.<\/p>\n","protected":false},"excerpt":{"rendered":"<p>Por Gabriela Hern\u00e1ndez\/Zunoticia Huejutla, Hgo.- Como parte de las actividades conmemorativas por el 53\u00b0 Aniversario del Centro de Bachillerato Tecnol\u00f3gico No. 5 \u201cHermanos Flores Mag\u00f3n\u201d CBTa 5, el pasado s\u00e1bado llev\u00f3 a cabo el Primer Concurso de Oratoria y Declamaci\u00f3n denominado: Encuentro Amistoso \u201cLa elocuencia y la palabra\u201d, donde se tuvo gran participaci\u00f3n de alumnos&hellip; <a class=\"more-link\" href=\"https:\/\/www.zunoticia.com\/noticias-de-hidalgo\/2025\/10\/05\/con-concurso-de-oratoria-y-declamacion-conmemoran-el-53-aniversario-del-cbta-5\/\">Seguir leyendo <span class=\"screen-reader-text\">Con concurso de Oratoria y Declamaci\u00f3n Conmemoran el 53\u00b0 Aniversario del CBTa 5<\/span><\/a><\/p>\n","protected":false},"author":12,"featured_media":609638,"comment_status":"open","ping_status":"open","sticky":false,"template":"","format":"standard","meta":{"rop_custom_images_group":[],"rop_custom_messages_group":[],"rop_publish_now":"initial","rop_publish_now_accounts":{"facebook_10159540855086992_322828327761733":""},"rop_publish_now_history":[],"rop_publish_now_status":"pending","footnotes":""},"categories":[181],"tags":[121],"class_list":["post-609665","post","type-post","status-publish","format-standard","has-post-thumbnail","hentry","category-huejutla","tag-huejutla","entry"],"_links":{"self":[{"href":"https:\/\/www.zunoticia.com\/noticias-de-hidalgo\/wp-json\/wp\/v2\/posts\/609665","targetHints":{"allow":["GET"]}}],"collection":[{"href":"https:\/\/www.zunoticia.com\/noticias-de-hidalgo\/wp-json\/wp\/v2\/posts"}],"about":[{"href":"https:\/\/www.zunoticia.com\/noticias-de-hidalgo\/wp-json\/wp\/v2\/types\/post"}],"author":[{"embeddable":true,"href":"https:\/\/www.zunoticia.com\/noticias-de-hidalgo\/wp-json\/wp\/v2\/users\/12"}],"replies":[{"embeddable":true,"href":"https:\/\/www.zunoticia.com\/noticias-de-hidalgo\/wp-json\/wp\/v2\/comments?post=609665"}],"version-history":[{"count":2,"href":"https:\/\/www.zunoticia.com\/noticias-de-hidalgo\/wp-json\/wp\/v2\/posts\/609665\/revisions"}],"predecessor-version":[{"id":609667,"href":"https:\/\/www.zunoticia.com\/noticias-de-hidalgo\/wp-json\/wp\/v2\/posts\/609665\/revisions\/609667"}],"wp:featuredmedia":[{"embeddable":true,"href":"https:\/\/www.zunoticia.com\/noticias-de-hidalgo\/wp-json\/wp\/v2\/media\/609638"}],"wp:attachment":[{"href":"https:\/\/www.zunoticia.com\/noticias-de-hidalgo\/wp-json\/wp\/v2\/media?parent=609665"}],"wp:term":[{"taxonomy":"category","embeddable":true,"href":"https:\/\/www.zunoticia.com\/noticias-de-hidalgo\/wp-json\/wp\/v2\/categories?post=609665"},{"taxonomy":"post_tag","embeddable":true,"href":"https:\/\/www.zunoticia.com\/noticias-de-hidalgo\/wp-json\/wp\/v2\/tags?post=609665"}],"curies":[{"name":"wp","href":"https:\/\/api.w.org\/{rel}","templated":true}]}}