{"id":609688,"date":"2025-10-05T17:39:52","date_gmt":"2025-10-05T23:39:52","guid":{"rendered":"https:\/\/www.zunoticia.com\/noticias-de-hidalgo\/?p=609688"},"modified":"2025-10-05T17:39:54","modified_gmt":"2025-10-05T23:39:54","slug":"limpias-publicas-lleva-a-cabo-la-recoleccion-de-manera-eficiente-y-puntual","status":"publish","type":"post","link":"https:\/\/www.zunoticia.com\/noticias-de-hidalgo\/2025\/10\/05\/limpias-publicas-lleva-a-cabo-la-recoleccion-de-manera-eficiente-y-puntual\/","title":{"rendered":"Limpias P\u00fablicas lleva a cabo la recolecci\u00f3n de manera eficiente y puntual"},"content":{"rendered":"<aside class=\"mashsb-container mashsb-main mashsb-stretched\"><div class=\"mashsb-box\"><div class=\"mashsb-count mash-large\" style=\"float:left\"><div class=\"counts mashsbcount\">0<\/div><span class=\"mashsb-sharetext\">SHARES<\/span><\/div><div class=\"mashsb-buttons\"><a class=\"mashicon-facebook mash-large mash-center mashsb-noshadow\" href=\"https:\/\/www.facebook.com\/sharer.php?u=https%3A%2F%2Fwww.zunoticia.com%2Fnoticias-de-hidalgo%2F2025%2F10%2F05%2Flimpias-publicas-lleva-a-cabo-la-recoleccion-de-manera-eficiente-y-puntual%2F\" target=\"_top\" rel=\"nofollow\"><span class=\"icon\"><\/span><span class=\"text\">Share<\/span><\/a><a class=\"mashicon-twitter mash-large mash-center mashsb-noshadow\" href=\"https:\/\/twitter.com\/intent\/tweet?text=&amp;url=https:\/\/www.zunoticia.com\/noticias-de-hidalgo\/2025\/10\/05\/limpias-publicas-lleva-a-cabo-la-recoleccion-de-manera-eficiente-y-puntual\/\" target=\"_top\" rel=\"nofollow\"><span class=\"icon\"><\/span><span class=\"text\">Tweet<\/span><\/a><div class=\"onoffswitch2 mash-large mashsb-noshadow\" style=\"display:none\"><\/div><\/div>\n            <\/div>\n                <div style=\"clear:both\"><\/div><div class=\"mashsb-toggle-container\"><\/div><\/aside>\n            <!-- Share buttons by mashshare.net - Version: 4.0.47-->\n<p><em>Por Gabriela Hern\u00e1ndez\/Zunoticia<\/em><\/p>\n\n\n\n<p><strong>Huejutla, Hgo.-<\/strong> El departamento de Limpias P\u00fablicas, a cargo de Daniel Rivera, del Gobierno Municipal, dirigido por el Presidente, Jos\u00e9 Alfredo San Rom\u00e1n Duval, y bajo sus indicaciones, personal de dicha \u00e1rea, trabaja de manera eficiente en la recolecci\u00f3n de residuos s\u00f3lidos, en los diferentes sectores del municipio.<\/p>\n\n\n\n<p>El director de Servicios P\u00fablicos inform\u00f3 que, se redoblan esfuerzos para que la ciudad se mantenga en \u00f3ptimas condiciones, con los trabajos que se realizan d\u00eda con d\u00eda, con diversas actividades como: barrido en calles, retiro de maleza y recolecci\u00f3n de residuos s\u00f3lidos en diferentes colonias, en esta ocasi\u00f3n en la localidad de Tehuetl\u00e1n, despu\u00e9s del d\u00eda de plaza.<\/p>\n\n\n\n<p>Adem\u00e1s, reconoci\u00f3 el compromiso del personal que d\u00eda a d\u00eda enfrenta largas jornadas de trabajo, para mantener el municipio en mejores condiciones. Asimismo, destac\u00f3 que el cuidado del entorno no depende \u00fanicamente del gobierno, sino tambi\u00e9n de la colaboraci\u00f3n ciudadana, para separar residuos, respetar horarios de recolecci\u00f3n y mantener limpias las \u00e1reas comunes.<\/p>\n\n\n\n<figure class=\"wp-block-image size-large\"><img fetchpriority=\"high\" decoding=\"async\" width=\"1024\" height=\"768\" src=\"https:\/\/www.zunoticia.com\/noticias-de-hidalgo\/wp-content\/uploads\/2025\/10\/eZy-Watermark_05-10-2025_02-36-57-4220p.m-1024x768.jpg\" alt=\"\" class=\"wp-image-609659\" srcset=\"https:\/\/www.zunoticia.com\/noticias-de-hidalgo\/wp-content\/uploads\/2025\/10\/eZy-Watermark_05-10-2025_02-36-57-4220p.m-1024x768.jpg 1024w, https:\/\/www.zunoticia.com\/noticias-de-hidalgo\/wp-content\/uploads\/2025\/10\/eZy-Watermark_05-10-2025_02-36-57-4220p.m-300x225.jpg 300w, https:\/\/www.zunoticia.com\/noticias-de-hidalgo\/wp-content\/uploads\/2025\/10\/eZy-Watermark_05-10-2025_02-36-57-4220p.m-768x576.jpg 768w, https:\/\/www.zunoticia.com\/noticias-de-hidalgo\/wp-content\/uploads\/2025\/10\/eZy-Watermark_05-10-2025_02-36-57-4220p.m-1536x1152.jpg 1536w, https:\/\/www.zunoticia.com\/noticias-de-hidalgo\/wp-content\/uploads\/2025\/10\/eZy-Watermark_05-10-2025_02-36-57-4220p.m-2048x1536.jpg 2048w, https:\/\/www.zunoticia.com\/noticias-de-hidalgo\/wp-content\/uploads\/2025\/10\/eZy-Watermark_05-10-2025_02-36-57-4220p.m-1568x1176.jpg 1568w\" sizes=\"(max-width: 1024px) 100vw, 1024px\" \/><\/figure>\n\n\n\n<p>La administraci\u00f3n municipal sigue trabajando por el bienestar de la poblaci\u00f3n, asegurando que la recolecci\u00f3n de residuos s\u00f3lidos contin\u00fae siendo un servicio eficiente, confiable y prioritario para la salud y el desarrollo de Huejutla.<\/p>\n","protected":false},"excerpt":{"rendered":"<p>Por Gabriela Hern\u00e1ndez\/Zunoticia Huejutla, Hgo.- El departamento de Limpias P\u00fablicas, a cargo de Daniel Rivera, del Gobierno Municipal, dirigido por el Presidente, Jos\u00e9 Alfredo San Rom\u00e1n Duval, y bajo sus indicaciones, personal de dicha \u00e1rea, trabaja de manera eficiente en la recolecci\u00f3n de residuos s\u00f3lidos, en los diferentes sectores del municipio. El director de Servicios&hellip; <a class=\"more-link\" href=\"https:\/\/www.zunoticia.com\/noticias-de-hidalgo\/2025\/10\/05\/limpias-publicas-lleva-a-cabo-la-recoleccion-de-manera-eficiente-y-puntual\/\">Seguir leyendo <span class=\"screen-reader-text\">Limpias P\u00fablicas lleva a cabo la recolecci\u00f3n de manera eficiente y puntual<\/span><\/a><\/p>\n","protected":false},"author":12,"featured_media":609658,"comment_status":"open","ping_status":"open","sticky":false,"template":"","format":"standard","meta":{"rop_custom_images_group":[],"rop_custom_messages_group":[],"rop_publish_now":"initial","rop_publish_now_accounts":{"facebook_10159540855086992_322828327761733":""},"rop_publish_now_history":[],"rop_publish_now_status":"pending","footnotes":""},"categories":[181],"tags":[121],"class_list":["post-609688","post","type-post","status-publish","format-standard","has-post-thumbnail","hentry","category-huejutla","tag-huejutla","entry"],"_links":{"self":[{"href":"https:\/\/www.zunoticia.com\/noticias-de-hidalgo\/wp-json\/wp\/v2\/posts\/609688","targetHints":{"allow":["GET"]}}],"collection":[{"href":"https:\/\/www.zunoticia.com\/noticias-de-hidalgo\/wp-json\/wp\/v2\/posts"}],"about":[{"href":"https:\/\/www.zunoticia.com\/noticias-de-hidalgo\/wp-json\/wp\/v2\/types\/post"}],"author":[{"embeddable":true,"href":"https:\/\/www.zunoticia.com\/noticias-de-hidalgo\/wp-json\/wp\/v2\/users\/12"}],"replies":[{"embeddable":true,"href":"https:\/\/www.zunoticia.com\/noticias-de-hidalgo\/wp-json\/wp\/v2\/comments?post=609688"}],"version-history":[{"count":1,"href":"https:\/\/www.zunoticia.com\/noticias-de-hidalgo\/wp-json\/wp\/v2\/posts\/609688\/revisions"}],"predecessor-version":[{"id":609689,"href":"https:\/\/www.zunoticia.com\/noticias-de-hidalgo\/wp-json\/wp\/v2\/posts\/609688\/revisions\/609689"}],"wp:featuredmedia":[{"embeddable":true,"href":"https:\/\/www.zunoticia.com\/noticias-de-hidalgo\/wp-json\/wp\/v2\/media\/609658"}],"wp:attachment":[{"href":"https:\/\/www.zunoticia.com\/noticias-de-hidalgo\/wp-json\/wp\/v2\/media?parent=609688"}],"wp:term":[{"taxonomy":"category","embeddable":true,"href":"https:\/\/www.zunoticia.com\/noticias-de-hidalgo\/wp-json\/wp\/v2\/categories?post=609688"},{"taxonomy":"post_tag","embeddable":true,"href":"https:\/\/www.zunoticia.com\/noticias-de-hidalgo\/wp-json\/wp\/v2\/tags?post=609688"}],"curies":[{"name":"wp","href":"https:\/\/api.w.org\/{rel}","templated":true}]}}