{"id":609690,"date":"2025-10-05T19:23:57","date_gmt":"2025-10-06T01:23:57","guid":{"rendered":"https:\/\/www.zunoticia.com\/noticias-de-hidalgo\/?p=609690"},"modified":"2025-10-05T19:23:59","modified_gmt":"2025-10-06T01:23:59","slug":"comunidad-educativa-de-tula-de-allende-recibe-con-gratitud-donacion-de-mobiliario","status":"publish","type":"post","link":"https:\/\/www.zunoticia.com\/noticias-de-hidalgo\/2025\/10\/05\/comunidad-educativa-de-tula-de-allende-recibe-con-gratitud-donacion-de-mobiliario\/","title":{"rendered":"Comunidad educativa de Tula de Allende recibe con gratitud donaci\u00f3n de mobiliario"},"content":{"rendered":"<aside class=\"mashsb-container mashsb-main mashsb-stretched\"><div class=\"mashsb-box\"><div class=\"mashsb-count mash-large\" style=\"float:left\"><div class=\"counts mashsbcount\">0<\/div><span class=\"mashsb-sharetext\">SHARES<\/span><\/div><div class=\"mashsb-buttons\"><a class=\"mashicon-facebook mash-large mash-center mashsb-noshadow\" href=\"https:\/\/www.facebook.com\/sharer.php?u=https%3A%2F%2Fwww.zunoticia.com%2Fnoticias-de-hidalgo%2F2025%2F10%2F05%2Fcomunidad-educativa-de-tula-de-allende-recibe-con-gratitud-donacion-de-mobiliario%2F\" target=\"_top\" rel=\"nofollow\"><span class=\"icon\"><\/span><span class=\"text\">Share<\/span><\/a><a class=\"mashicon-twitter mash-large mash-center mashsb-noshadow\" href=\"https:\/\/twitter.com\/intent\/tweet?text=&amp;url=https:\/\/www.zunoticia.com\/noticias-de-hidalgo\/2025\/10\/05\/comunidad-educativa-de-tula-de-allende-recibe-con-gratitud-donacion-de-mobiliario\/\" target=\"_top\" rel=\"nofollow\"><span class=\"icon\"><\/span><span class=\"text\">Tweet<\/span><\/a><div class=\"onoffswitch2 mash-large mashsb-noshadow\" style=\"display:none\"><\/div><\/div>\n            <\/div>\n                <div style=\"clear:both\"><\/div><div class=\"mashsb-toggle-container\"><\/div><\/aside>\n            <!-- Share buttons by mashshare.net - Version: 4.0.47-->\n<p><em>Por Redacci\u00f3n\/Zunoticia<\/em><\/p>\n\n\n\n<p><strong>Tula de Allende, Hgo<\/strong><strong>.-<\/strong> Desde la Escuela Secundaria General Tollan, en el municipio de Tula de Allende, se refrend\u00f3 el compromiso compartido entre el gobierno de Hidalgo, y Petr\u00f3leos Mexicanos (Pemex) para fortalecer la infraestructura educativa y brindar mejores condiciones a la comunidad estudiantil.<\/p>\n\n\n\n<p>Esta instituci\u00f3n fue la primera en el estado en recibir mobiliario del programa \u201cJuntos por la Educaci\u00f3n\u201d, mediante el cual Pemex realiz\u00f3 la entrega de 200 paquetes de enseres escolares, cuya gesti\u00f3n fue del gobernador Julio Menchaca Salazar.<\/p>\n\n\n\n<p>La directora del plantel, Yolox\u00f3chitl Gonz\u00e1lez Oidor, expres\u00f3 la satisfacci\u00f3n de la comunidad educativa:<\/p>\n\n\n\n<p>\u201cEn esta ocasi\u00f3n estamos muy contentos toda la comunidad educativa, los padres de familia, los alumnos y el personal que trabaja en la instituci\u00f3n, porque vamos a recibir un beneficio de butacas, escritorios, pizarrones y archiveros, lo cual hace que nuestros alumnos tengan mejores condiciones para estar aqu\u00ed. Agradecemos mucho al gobernador y a Pemex, as\u00ed como a la Secretar\u00eda de Educaci\u00f3n P\u00fablica, por este gran apoyo\u201d.<\/p>\n\n\n\n<figure class=\"wp-block-image size-large\"><img fetchpriority=\"high\" decoding=\"async\" width=\"1024\" height=\"682\" src=\"https:\/\/www.zunoticia.com\/noticias-de-hidalgo\/wp-content\/uploads\/2025\/10\/eZy-Watermark_05-10-2025_07-05-12-2510p.m-1024x682.jpg\" alt=\"\" class=\"wp-image-609696\" srcset=\"https:\/\/www.zunoticia.com\/noticias-de-hidalgo\/wp-content\/uploads\/2025\/10\/eZy-Watermark_05-10-2025_07-05-12-2510p.m-1024x682.jpg 1024w, https:\/\/www.zunoticia.com\/noticias-de-hidalgo\/wp-content\/uploads\/2025\/10\/eZy-Watermark_05-10-2025_07-05-12-2510p.m-300x200.jpg 300w, https:\/\/www.zunoticia.com\/noticias-de-hidalgo\/wp-content\/uploads\/2025\/10\/eZy-Watermark_05-10-2025_07-05-12-2510p.m-768x512.jpg 768w, https:\/\/www.zunoticia.com\/noticias-de-hidalgo\/wp-content\/uploads\/2025\/10\/eZy-Watermark_05-10-2025_07-05-12-2510p.m-1536x1023.jpg 1536w, https:\/\/www.zunoticia.com\/noticias-de-hidalgo\/wp-content\/uploads\/2025\/10\/eZy-Watermark_05-10-2025_07-05-12-2510p.m-1568x1045.jpg 1568w, https:\/\/www.zunoticia.com\/noticias-de-hidalgo\/wp-content\/uploads\/2025\/10\/eZy-Watermark_05-10-2025_07-05-12-2510p.m.jpg 1600w\" sizes=\"(max-width: 1024px) 100vw, 1024px\" \/><figcaption class=\"wp-element-caption\">Elizabeth Mendoza de la Rosa<\/figcaption><\/figure>\n\n\n\n<p>Por su parte, Paula Elizabeth Mendoza de la Rosa, madre de la alumna Berenice Guti\u00e9rrez del primer grado, grupo &#8220;A&#8221;, destac\u00f3 la importancia de esta entrega para las familias y la comunidad escolar:<\/p>\n\n\n\n<p>\u201cEstamos muy agradecidos con la visita del gobernador y por todo lo que se nos dona para beneficio de los estudiantes y del personal de esta escuela. Como madre de familia me siento orgullosa de que mi hija estudie aqu\u00ed y de que hayan volteado a vernos; estos apoyos son muy necesarios y significan un gran impulso para el progreso educativo\u201d.<\/p>\n\n\n\n<p>Con estas acciones, el gobierno de Hidalgo, en coordinaci\u00f3n con Pemex, reafirma su compromiso con el fortalecimiento de la educaci\u00f3n p\u00fablica para brindar a ni\u00f1as, ni\u00f1os y j\u00f3venes espacios dignos que impulsen su aprendizaje y desarrollo integral.<\/p>\n\n\n\n<p>El mandatario estatal ha reiterado que la educaci\u00f3n es el instrumento m\u00e1s poderoso para la transformaci\u00f3n y en su gobierno, se ha contado con el acompa\u00f1amiento de Pemex, en esta ocasi\u00f3n, para mejorar la infraestructura educativa.<\/p>\n","protected":false},"excerpt":{"rendered":"<p>Por Redacci\u00f3n\/Zunoticia Tula de Allende, Hgo.- Desde la Escuela Secundaria General Tollan, en el municipio de Tula de Allende, se refrend\u00f3 el compromiso compartido entre el gobierno de Hidalgo, y Petr\u00f3leos Mexicanos (Pemex) para fortalecer la infraestructura educativa y brindar mejores condiciones a la comunidad estudiantil. Esta instituci\u00f3n fue la primera en el estado en&hellip; <a class=\"more-link\" href=\"https:\/\/www.zunoticia.com\/noticias-de-hidalgo\/2025\/10\/05\/comunidad-educativa-de-tula-de-allende-recibe-con-gratitud-donacion-de-mobiliario\/\">Seguir leyendo <span class=\"screen-reader-text\">Comunidad educativa de Tula de Allende recibe con gratitud donaci\u00f3n de mobiliario<\/span><\/a><\/p>\n","protected":false},"author":12,"featured_media":609695,"comment_status":"open","ping_status":"open","sticky":false,"template":"","format":"standard","meta":{"rop_custom_images_group":[],"rop_custom_messages_group":[],"rop_publish_now":"initial","rop_publish_now_accounts":{"facebook_10159540855086992_322828327761733":""},"rop_publish_now_history":[],"rop_publish_now_status":"pending","footnotes":""},"categories":[208],"tags":[214],"class_list":["post-609690","post","type-post","status-publish","format-standard","has-post-thumbnail","hentry","category-estado","tag-estado","entry"],"_links":{"self":[{"href":"https:\/\/www.zunoticia.com\/noticias-de-hidalgo\/wp-json\/wp\/v2\/posts\/609690","targetHints":{"allow":["GET"]}}],"collection":[{"href":"https:\/\/www.zunoticia.com\/noticias-de-hidalgo\/wp-json\/wp\/v2\/posts"}],"about":[{"href":"https:\/\/www.zunoticia.com\/noticias-de-hidalgo\/wp-json\/wp\/v2\/types\/post"}],"author":[{"embeddable":true,"href":"https:\/\/www.zunoticia.com\/noticias-de-hidalgo\/wp-json\/wp\/v2\/users\/12"}],"replies":[{"embeddable":true,"href":"https:\/\/www.zunoticia.com\/noticias-de-hidalgo\/wp-json\/wp\/v2\/comments?post=609690"}],"version-history":[{"count":1,"href":"https:\/\/www.zunoticia.com\/noticias-de-hidalgo\/wp-json\/wp\/v2\/posts\/609690\/revisions"}],"predecessor-version":[{"id":609709,"href":"https:\/\/www.zunoticia.com\/noticias-de-hidalgo\/wp-json\/wp\/v2\/posts\/609690\/revisions\/609709"}],"wp:featuredmedia":[{"embeddable":true,"href":"https:\/\/www.zunoticia.com\/noticias-de-hidalgo\/wp-json\/wp\/v2\/media\/609695"}],"wp:attachment":[{"href":"https:\/\/www.zunoticia.com\/noticias-de-hidalgo\/wp-json\/wp\/v2\/media?parent=609690"}],"wp:term":[{"taxonomy":"category","embeddable":true,"href":"https:\/\/www.zunoticia.com\/noticias-de-hidalgo\/wp-json\/wp\/v2\/categories?post=609690"},{"taxonomy":"post_tag","embeddable":true,"href":"https:\/\/www.zunoticia.com\/noticias-de-hidalgo\/wp-json\/wp\/v2\/tags?post=609690"}],"curies":[{"name":"wp","href":"https:\/\/api.w.org\/{rel}","templated":true}]}}