{"id":609722,"date":"2025-10-05T19:50:17","date_gmt":"2025-10-06T01:50:17","guid":{"rendered":"https:\/\/www.zunoticia.com\/noticias-de-hidalgo\/?p=609722"},"modified":"2025-10-05T19:50:19","modified_gmt":"2025-10-06T01:50:19","slug":"plasman-en-mural-en-proceso-la-frase-para-hablar-de-la-huasteca-hay-que-haber-nacido-alla","status":"publish","type":"post","link":"https:\/\/www.zunoticia.com\/noticias-de-hidalgo\/2025\/10\/05\/plasman-en-mural-en-proceso-la-frase-para-hablar-de-la-huasteca-hay-que-haber-nacido-alla\/","title":{"rendered":"Plasman en mural en proceso la frase &#8220;Para hablar de la Huasteca hay que haber nacido all\u00e1&#8221;"},"content":{"rendered":"<aside class=\"mashsb-container mashsb-main mashsb-stretched\"><div class=\"mashsb-box\"><div class=\"mashsb-count mash-large\" style=\"float:left\"><div class=\"counts mashsbcount\">0<\/div><span class=\"mashsb-sharetext\">SHARES<\/span><\/div><div class=\"mashsb-buttons\"><a class=\"mashicon-facebook mash-large mash-center mashsb-noshadow\" href=\"https:\/\/www.facebook.com\/sharer.php?u=https%3A%2F%2Fwww.zunoticia.com%2Fnoticias-de-hidalgo%2F2025%2F10%2F05%2Fplasman-en-mural-en-proceso-la-frase-para-hablar-de-la-huasteca-hay-que-haber-nacido-alla%2F\" target=\"_top\" rel=\"nofollow\"><span class=\"icon\"><\/span><span class=\"text\">Share<\/span><\/a><a class=\"mashicon-twitter mash-large mash-center mashsb-noshadow\" href=\"https:\/\/twitter.com\/intent\/tweet?text=&amp;url=https:\/\/www.zunoticia.com\/noticias-de-hidalgo\/2025\/10\/05\/plasman-en-mural-en-proceso-la-frase-para-hablar-de-la-huasteca-hay-que-haber-nacido-alla\/\" target=\"_top\" rel=\"nofollow\"><span class=\"icon\"><\/span><span class=\"text\">Tweet<\/span><\/a><div class=\"onoffswitch2 mash-large mashsb-noshadow\" style=\"display:none\"><\/div><\/div>\n            <\/div>\n                <div style=\"clear:both\"><\/div><div class=\"mashsb-toggle-container\"><\/div><\/aside>\n            <!-- Share buttons by mashshare.net - Version: 4.0.47-->\n<p><em>Por Salvador Altamirano\/Zunoticia<\/em><\/p>\n\n\n\n<p><strong>Huejutla, Hgo.-<\/strong> &#8220;Para hablar de la Huasteca hay que haber nacido all\u00e1&#8221; es una frase del huapango titulado &#8220;Las Tres Huastecas&#8221;, del prolifero canta autor Nicandro Castillo, canci\u00f3n que encapsula la profundidad cultural de la regi\u00f3n y su conexi\u00f3n con el devenir de la vida cotidiana, incluyendo elementos como la carne seca y el mezcal.<\/p>\n\n\n\n<p>Por ser una expresi\u00f3n que resalta la autenticidad y la vivencia directa como v\u00eda para hablar con propiedad de la Huasteca, integrantes de la \u201cComunidad Popular de Muralismo de Huejutla\u201d, la plasman en un mural en proceso en una de las paredes inferiores del puente de la Carretera Federal M\u00e9xico \u2013 Tampico.<\/p>\n\n\n\n<p>Al respecto, Derek Castillo refiri\u00f3 que, el mural est\u00e1 en proceso de elaboraci\u00f3n, el cual es un proyecto ideado y propuesto por un compa\u00f1ero promotor del arte pict\u00f3rico llamado Balo Cerecedo, con el prop\u00f3sito de decirle a los habitantes de Huejutla que &#8220;aqu\u00ed tambi\u00e9n hay talento&#8221;.<\/p>\n\n\n\n<figure class=\"wp-block-image size-large\"><img fetchpriority=\"high\" decoding=\"async\" width=\"1024\" height=\"768\" src=\"https:\/\/www.zunoticia.com\/noticias-de-hidalgo\/wp-content\/uploads\/2025\/10\/eZy-Watermark_05-10-2025_04-12-05-9340p.m-1024x768.jpg\" alt=\"\" class=\"wp-image-609669\" srcset=\"https:\/\/www.zunoticia.com\/noticias-de-hidalgo\/wp-content\/uploads\/2025\/10\/eZy-Watermark_05-10-2025_04-12-05-9340p.m-1024x768.jpg 1024w, https:\/\/www.zunoticia.com\/noticias-de-hidalgo\/wp-content\/uploads\/2025\/10\/eZy-Watermark_05-10-2025_04-12-05-9340p.m-300x225.jpg 300w, https:\/\/www.zunoticia.com\/noticias-de-hidalgo\/wp-content\/uploads\/2025\/10\/eZy-Watermark_05-10-2025_04-12-05-9340p.m-768x576.jpg 768w, https:\/\/www.zunoticia.com\/noticias-de-hidalgo\/wp-content\/uploads\/2025\/10\/eZy-Watermark_05-10-2025_04-12-05-9340p.m-1536x1152.jpg 1536w, https:\/\/www.zunoticia.com\/noticias-de-hidalgo\/wp-content\/uploads\/2025\/10\/eZy-Watermark_05-10-2025_04-12-05-9340p.m-1568x1176.jpg 1568w, https:\/\/www.zunoticia.com\/noticias-de-hidalgo\/wp-content\/uploads\/2025\/10\/eZy-Watermark_05-10-2025_04-12-05-9340p.m.jpg 1600w\" sizes=\"(max-width: 1024px) 100vw, 1024px\" \/><\/figure>\n\n\n\n<p>Al respecto, quien dijo responder al nombre de Jos\u00e9 Antonio Castillo, subray\u00f3 que, se debe de apoyar a los talentos art\u00edsticos locales, ya que fortalecen la identidad cultural, en este caso, del expresivo arte pict\u00f3rico.<\/p>\n\n\n\n<p>Adem\u00e1s, los artistas locales reflejan la esencia y las tradiciones de la regi\u00f3n, contribuyendo a la memoria colectiva y a la protecci\u00f3n del patrimonio art\u00edstico-cultural, concluy\u00f3.<\/p>\n\n\n\n<p>Pie:<\/p>\n\n\n\n<p>Mural en proceso en la parte baja del puente de la Carretera Federal M\u00e9xico \u2013 Tampico.<\/p>\n","protected":false},"excerpt":{"rendered":"<p>Por Salvador Altamirano\/Zunoticia Huejutla, Hgo.- &#8220;Para hablar de la Huasteca hay que haber nacido all\u00e1&#8221; es una frase del huapango titulado &#8220;Las Tres Huastecas&#8221;, del prolifero canta autor Nicandro Castillo, canci\u00f3n que encapsula la profundidad cultural de la regi\u00f3n y su conexi\u00f3n con el devenir de la vida cotidiana, incluyendo elementos como la carne seca&hellip; <a class=\"more-link\" href=\"https:\/\/www.zunoticia.com\/noticias-de-hidalgo\/2025\/10\/05\/plasman-en-mural-en-proceso-la-frase-para-hablar-de-la-huasteca-hay-que-haber-nacido-alla\/\">Seguir leyendo <span class=\"screen-reader-text\">Plasman en mural en proceso la frase &#8220;Para hablar de la Huasteca hay que haber nacido all\u00e1&#8221;<\/span><\/a><\/p>\n","protected":false},"author":12,"featured_media":609670,"comment_status":"open","ping_status":"open","sticky":false,"template":"","format":"standard","meta":{"rop_custom_images_group":[],"rop_custom_messages_group":[],"rop_publish_now":"initial","rop_publish_now_accounts":{"facebook_10159540855086992_322828327761733":""},"rop_publish_now_history":[],"rop_publish_now_status":"pending","footnotes":""},"categories":[181],"tags":[121],"class_list":["post-609722","post","type-post","status-publish","format-standard","has-post-thumbnail","hentry","category-huejutla","tag-huejutla","entry"],"_links":{"self":[{"href":"https:\/\/www.zunoticia.com\/noticias-de-hidalgo\/wp-json\/wp\/v2\/posts\/609722","targetHints":{"allow":["GET"]}}],"collection":[{"href":"https:\/\/www.zunoticia.com\/noticias-de-hidalgo\/wp-json\/wp\/v2\/posts"}],"about":[{"href":"https:\/\/www.zunoticia.com\/noticias-de-hidalgo\/wp-json\/wp\/v2\/types\/post"}],"author":[{"embeddable":true,"href":"https:\/\/www.zunoticia.com\/noticias-de-hidalgo\/wp-json\/wp\/v2\/users\/12"}],"replies":[{"embeddable":true,"href":"https:\/\/www.zunoticia.com\/noticias-de-hidalgo\/wp-json\/wp\/v2\/comments?post=609722"}],"version-history":[{"count":1,"href":"https:\/\/www.zunoticia.com\/noticias-de-hidalgo\/wp-json\/wp\/v2\/posts\/609722\/revisions"}],"predecessor-version":[{"id":609723,"href":"https:\/\/www.zunoticia.com\/noticias-de-hidalgo\/wp-json\/wp\/v2\/posts\/609722\/revisions\/609723"}],"wp:featuredmedia":[{"embeddable":true,"href":"https:\/\/www.zunoticia.com\/noticias-de-hidalgo\/wp-json\/wp\/v2\/media\/609670"}],"wp:attachment":[{"href":"https:\/\/www.zunoticia.com\/noticias-de-hidalgo\/wp-json\/wp\/v2\/media?parent=609722"}],"wp:term":[{"taxonomy":"category","embeddable":true,"href":"https:\/\/www.zunoticia.com\/noticias-de-hidalgo\/wp-json\/wp\/v2\/categories?post=609722"},{"taxonomy":"post_tag","embeddable":true,"href":"https:\/\/www.zunoticia.com\/noticias-de-hidalgo\/wp-json\/wp\/v2\/tags?post=609722"}],"curies":[{"name":"wp","href":"https:\/\/api.w.org\/{rel}","templated":true}]}}