{"id":611506,"date":"2025-10-18T10:28:49","date_gmt":"2025-10-18T16:28:49","guid":{"rendered":"https:\/\/www.zunoticia.com\/noticias-de-hidalgo\/?p=611506"},"modified":"2025-10-18T10:33:17","modified_gmt":"2025-10-18T16:33:17","slug":"educacion-inicial-y-preescolar-indigena-entregan-viveres-para-afectados-por-la-lluvia","status":"publish","type":"post","link":"https:\/\/www.zunoticia.com\/noticias-de-hidalgo\/2025\/10\/18\/educacion-inicial-y-preescolar-indigena-entregan-viveres-para-afectados-por-la-lluvia\/","title":{"rendered":"Educaci\u00f3n inicial y preescolar ind\u00edgena entregan v\u00edveres para afectados por la lluvia"},"content":{"rendered":"<aside class=\"mashsb-container mashsb-main mashsb-stretched\"><div class=\"mashsb-box\"><div class=\"mashsb-count mash-large\" style=\"float:left\"><div class=\"counts mashsbcount\">0<\/div><span class=\"mashsb-sharetext\">SHARES<\/span><\/div><div class=\"mashsb-buttons\"><a class=\"mashicon-facebook mash-large mash-center mashsb-noshadow\" href=\"https:\/\/www.facebook.com\/sharer.php?u=https%3A%2F%2Fwww.zunoticia.com%2Fnoticias-de-hidalgo%2F2025%2F10%2F18%2Feducacion-inicial-y-preescolar-indigena-entregan-viveres-para-afectados-por-la-lluvia%2F\" target=\"_top\" rel=\"nofollow\"><span class=\"icon\"><\/span><span class=\"text\">Share<\/span><\/a><a class=\"mashicon-twitter mash-large mash-center mashsb-noshadow\" href=\"https:\/\/twitter.com\/intent\/tweet?text=&amp;url=https:\/\/www.zunoticia.com\/noticias-de-hidalgo\/2025\/10\/18\/educacion-inicial-y-preescolar-indigena-entregan-viveres-para-afectados-por-la-lluvia\/\" target=\"_top\" rel=\"nofollow\"><span class=\"icon\"><\/span><span class=\"text\">Tweet<\/span><\/a><div class=\"onoffswitch2 mash-large mashsb-noshadow\" style=\"display:none\"><\/div><\/div>\n            <\/div>\n                <div style=\"clear:both\"><\/div><div class=\"mashsb-toggle-container\"><\/div><\/aside>\n            <!-- Share buttons by mashshare.net - Version: 4.0.47-->\n<p><em>Por Enedino Hern\u00e1ndez Alonso\/Zunoticia<\/em><\/p>\n\n\n\n<p><strong>Huejutla, Hidalgo. &#8211;<\/strong> Los maestros de educaci\u00f3n inicial y de preescolar ind\u00edgena tambi\u00e9n participaron y entregaron v\u00edveres para apoyar a las familias afectadas por las recientes lluvias en esta zona de la Huasteca.<\/p>\n\n\n\n<p>El profesor Casiano Hern\u00e1ndez Guzm\u00e1n, supervisor escolar de zona 07 de Tehuetl\u00e1n Huejutla Hidalgo; confirma que oportunamente se realiz\u00f3 un centro de acopio para recabar v\u00edveres y apoyar en esta noble causa.<\/p>\n\n\n\n<figure class=\"wp-block-image size-large\"><img fetchpriority=\"high\" decoding=\"async\" width=\"1024\" height=\"768\" src=\"https:\/\/www.zunoticia.com\/noticias-de-hidalgo\/wp-content\/uploads\/2025\/10\/Educacion-inicial-entregan-viveres-2-1024x768.jpeg\" alt=\"\" class=\"wp-image-611508\" srcset=\"https:\/\/www.zunoticia.com\/noticias-de-hidalgo\/wp-content\/uploads\/2025\/10\/Educacion-inicial-entregan-viveres-2-1024x768.jpeg 1024w, https:\/\/www.zunoticia.com\/noticias-de-hidalgo\/wp-content\/uploads\/2025\/10\/Educacion-inicial-entregan-viveres-2-300x225.jpeg 300w, https:\/\/www.zunoticia.com\/noticias-de-hidalgo\/wp-content\/uploads\/2025\/10\/Educacion-inicial-entregan-viveres-2-768x576.jpeg 768w, https:\/\/www.zunoticia.com\/noticias-de-hidalgo\/wp-content\/uploads\/2025\/10\/Educacion-inicial-entregan-viveres-2-1536x1152.jpeg 1536w, https:\/\/www.zunoticia.com\/noticias-de-hidalgo\/wp-content\/uploads\/2025\/10\/Educacion-inicial-entregan-viveres-2-1568x1176.jpeg 1568w, https:\/\/www.zunoticia.com\/noticias-de-hidalgo\/wp-content\/uploads\/2025\/10\/Educacion-inicial-entregan-viveres-2.jpeg 1600w\" sizes=\"(max-width: 1024px) 100vw, 1024px\" \/><figcaption class=\"wp-element-caption\">Foto Zunoticia: Maestros de educaci\u00f3n inicial y de preescolar ind\u00edgena participaron y entregaron v\u00edveres para apoyar a las familias afectadas.<\/figcaption><\/figure>\n\n\n\n<p>Dijo que la buena empat\u00eda que existe en el sector No. 01 representado por el profesor Juan Navarro \u00c1lvarez, jefe de sector de educaci\u00f3n inicial y preescolar ind\u00edgena, se puso de manifiesto con la aportaci\u00f3n correspondiente.<\/p>\n\n\n\n<p>Se\u00f1ala que el sector 01 de educaci\u00f3n inicial y preescolar ind\u00edgena est\u00e1 conformada por un total de 10 zonas escolares, quienes entregaron en la Coordinaci\u00f3n Sindical Huejutla Huazalingo, los v\u00edveres para que a su vez sean canalizados a las familias que fueron afectadas por el hurac\u00e1n \u201cPriscila&#8221;.<\/p>\n\n\n\n<figure class=\"wp-block-image size-large\"><img decoding=\"async\" width=\"768\" height=\"1024\" src=\"https:\/\/www.zunoticia.com\/noticias-de-hidalgo\/wp-content\/uploads\/2025\/10\/Educacion-inicial-entregan-viveres-3-768x1024.jpeg\" alt=\"\" class=\"wp-image-611509\" srcset=\"https:\/\/www.zunoticia.com\/noticias-de-hidalgo\/wp-content\/uploads\/2025\/10\/Educacion-inicial-entregan-viveres-3-768x1024.jpeg 768w, https:\/\/www.zunoticia.com\/noticias-de-hidalgo\/wp-content\/uploads\/2025\/10\/Educacion-inicial-entregan-viveres-3-225x300.jpeg 225w, https:\/\/www.zunoticia.com\/noticias-de-hidalgo\/wp-content\/uploads\/2025\/10\/Educacion-inicial-entregan-viveres-3-1152x1536.jpeg 1152w, https:\/\/www.zunoticia.com\/noticias-de-hidalgo\/wp-content\/uploads\/2025\/10\/Educacion-inicial-entregan-viveres-3.jpeg 1200w\" sizes=\"(max-width: 768px) 100vw, 768px\" \/><figcaption class=\"wp-element-caption\">Foto Zunoticia: Maestros de educaci\u00f3n inicial y de preescolar ind\u00edgena participaron y entregaron v\u00edveres para apoyar a las familias afectadas.<\/figcaption><\/figure>\n\n\n\n<p>Finalmente, agradece a los maestros que participaron en esta noble causa, la cual ser\u00e1 de gran ayuda para las familias afectadas por las lluvias.<\/p>\n","protected":false},"excerpt":{"rendered":"<p>Por Enedino Hern\u00e1ndez Alonso\/Zunoticia Huejutla, Hidalgo. &#8211; Los maestros de educaci\u00f3n inicial y de preescolar ind\u00edgena tambi\u00e9n participaron y entregaron v\u00edveres para apoyar a las familias afectadas por las recientes lluvias en esta zona de la Huasteca. El profesor Casiano Hern\u00e1ndez Guzm\u00e1n, supervisor escolar de zona 07 de Tehuetl\u00e1n Huejutla Hidalgo; confirma que oportunamente se&hellip; <a class=\"more-link\" href=\"https:\/\/www.zunoticia.com\/noticias-de-hidalgo\/2025\/10\/18\/educacion-inicial-y-preescolar-indigena-entregan-viveres-para-afectados-por-la-lluvia\/\">Seguir leyendo <span class=\"screen-reader-text\">Educaci\u00f3n inicial y preescolar ind\u00edgena entregan v\u00edveres para afectados por la lluvia<\/span><\/a><\/p>\n","protected":false},"author":23,"featured_media":611507,"comment_status":"open","ping_status":"open","sticky":false,"template":"","format":"standard","meta":{"rop_custom_images_group":[],"rop_custom_messages_group":[],"rop_publish_now":"initial","rop_publish_now_accounts":{"facebook_10159540855086992_322828327761733":""},"rop_publish_now_history":[],"rop_publish_now_status":"pending","footnotes":""},"categories":[181],"tags":[121],"class_list":["post-611506","post","type-post","status-publish","format-standard","has-post-thumbnail","hentry","category-huejutla","tag-huejutla","entry"],"_links":{"self":[{"href":"https:\/\/www.zunoticia.com\/noticias-de-hidalgo\/wp-json\/wp\/v2\/posts\/611506","targetHints":{"allow":["GET"]}}],"collection":[{"href":"https:\/\/www.zunoticia.com\/noticias-de-hidalgo\/wp-json\/wp\/v2\/posts"}],"about":[{"href":"https:\/\/www.zunoticia.com\/noticias-de-hidalgo\/wp-json\/wp\/v2\/types\/post"}],"author":[{"embeddable":true,"href":"https:\/\/www.zunoticia.com\/noticias-de-hidalgo\/wp-json\/wp\/v2\/users\/23"}],"replies":[{"embeddable":true,"href":"https:\/\/www.zunoticia.com\/noticias-de-hidalgo\/wp-json\/wp\/v2\/comments?post=611506"}],"version-history":[{"count":2,"href":"https:\/\/www.zunoticia.com\/noticias-de-hidalgo\/wp-json\/wp\/v2\/posts\/611506\/revisions"}],"predecessor-version":[{"id":611511,"href":"https:\/\/www.zunoticia.com\/noticias-de-hidalgo\/wp-json\/wp\/v2\/posts\/611506\/revisions\/611511"}],"wp:featuredmedia":[{"embeddable":true,"href":"https:\/\/www.zunoticia.com\/noticias-de-hidalgo\/wp-json\/wp\/v2\/media\/611507"}],"wp:attachment":[{"href":"https:\/\/www.zunoticia.com\/noticias-de-hidalgo\/wp-json\/wp\/v2\/media?parent=611506"}],"wp:term":[{"taxonomy":"category","embeddable":true,"href":"https:\/\/www.zunoticia.com\/noticias-de-hidalgo\/wp-json\/wp\/v2\/categories?post=611506"},{"taxonomy":"post_tag","embeddable":true,"href":"https:\/\/www.zunoticia.com\/noticias-de-hidalgo\/wp-json\/wp\/v2\/tags?post=611506"}],"curies":[{"name":"wp","href":"https:\/\/api.w.org\/{rel}","templated":true}]}}