{"id":611565,"date":"2025-10-18T17:52:07","date_gmt":"2025-10-18T23:52:07","guid":{"rendered":"https:\/\/www.zunoticia.com\/noticias-de-hidalgo\/?p=611565"},"modified":"2025-10-18T17:52:08","modified_gmt":"2025-10-18T23:52:08","slug":"avanzan-preparativos-para-la-escenificacion-del-mijkailjuitl","status":"publish","type":"post","link":"https:\/\/www.zunoticia.com\/noticias-de-hidalgo\/2025\/10\/18\/avanzan-preparativos-para-la-escenificacion-del-mijkailjuitl\/","title":{"rendered":"Avanzan preparativos para la escenificaci\u00f3n del \u201cMijkailjuitl\u201d"},"content":{"rendered":"<aside class=\"mashsb-container mashsb-main mashsb-stretched\"><div class=\"mashsb-box\"><div class=\"mashsb-count mash-large\" style=\"float:left\"><div class=\"counts mashsbcount\">0<\/div><span class=\"mashsb-sharetext\">SHARES<\/span><\/div><div class=\"mashsb-buttons\"><a class=\"mashicon-facebook mash-large mash-center mashsb-noshadow\" href=\"https:\/\/www.facebook.com\/sharer.php?u=https%3A%2F%2Fwww.zunoticia.com%2Fnoticias-de-hidalgo%2F2025%2F10%2F18%2Favanzan-preparativos-para-la-escenificacion-del-mijkailjuitl%2F\" target=\"_top\" rel=\"nofollow\"><span class=\"icon\"><\/span><span class=\"text\">Share<\/span><\/a><a class=\"mashicon-twitter mash-large mash-center mashsb-noshadow\" href=\"https:\/\/twitter.com\/intent\/tweet?text=&amp;url=https:\/\/www.zunoticia.com\/noticias-de-hidalgo\/2025\/10\/18\/avanzan-preparativos-para-la-escenificacion-del-mijkailjuitl\/\" target=\"_top\" rel=\"nofollow\"><span class=\"icon\"><\/span><span class=\"text\">Tweet<\/span><\/a><div class=\"onoffswitch2 mash-large mashsb-noshadow\" style=\"display:none\"><\/div><\/div>\n            <\/div>\n                <div style=\"clear:both\"><\/div><div class=\"mashsb-toggle-container\"><\/div><\/aside>\n            <!-- Share buttons by mashshare.net - Version: 4.0.47-->\n<p><em>Por Karen Rivera \/ Zunoticia<\/em><\/p>\n\n\n\n<p><strong>Huejutla de Reyes, Hgo<\/strong>.- A escasos d\u00edas de llevarse a cabo la tradicional celebraci\u00f3n del D\u00eda de Muertos, los preparativos en la plaza 21 de Mayo contin\u00faan a toda marcha. Personal del ayuntamiento trabaja intensamente en el armado de la estructura que formar\u00e1 parte del escenario principal para los festejos del Mijkailjuitl, una de las representaciones m\u00e1s esperadas por la poblaci\u00f3n.<\/p>\n\n\n\n<p>Aunque a\u00fan faltan algunos detalles por concluir, la imponente estructura que se levanta en el coraz\u00f3n de la ciudad ya comienza a captar la atenci\u00f3n de los habitantes y visitantes. Este montaje servir\u00e1 como escenario para las actividades culturales y art\u00edsticas que enmarcar\u00e1n las celebraciones del Xantolo 2025, tradici\u00f3n que distingue a la regi\u00f3n Huasteca por su colorido y misticismo.<\/p>\n\n\n\n<p>Las autoridades municipales informaron que los trabajos se realizan a marchas forzadas para garantizar que todo est\u00e9 listo antes del inicio de las festividades, reafirmando as\u00ed el compromiso de preservar y enaltecer las costumbres que dan identidad a Huejutla.<\/p>\n","protected":false},"excerpt":{"rendered":"<p>Por Karen Rivera \/ Zunoticia Huejutla de Reyes, Hgo.- A escasos d\u00edas de llevarse a cabo la tradicional celebraci\u00f3n del D\u00eda de Muertos, los preparativos en la plaza 21 de Mayo contin\u00faan a toda marcha. Personal del ayuntamiento trabaja intensamente en el armado de la estructura que formar\u00e1 parte del escenario principal para los festejos&hellip; <a class=\"more-link\" href=\"https:\/\/www.zunoticia.com\/noticias-de-hidalgo\/2025\/10\/18\/avanzan-preparativos-para-la-escenificacion-del-mijkailjuitl\/\">Seguir leyendo <span class=\"screen-reader-text\">Avanzan preparativos para la escenificaci\u00f3n del \u201cMijkailjuitl\u201d<\/span><\/a><\/p>\n","protected":false},"author":20,"featured_media":611566,"comment_status":"open","ping_status":"open","sticky":false,"template":"","format":"standard","meta":{"rop_custom_images_group":[],"rop_custom_messages_group":[],"rop_publish_now":"initial","rop_publish_now_accounts":{"facebook_10159540855086992_322828327761733":""},"rop_publish_now_history":[],"rop_publish_now_status":"pending","footnotes":""},"categories":[181],"tags":[121],"class_list":["post-611565","post","type-post","status-publish","format-standard","has-post-thumbnail","hentry","category-huejutla","tag-huejutla","entry"],"_links":{"self":[{"href":"https:\/\/www.zunoticia.com\/noticias-de-hidalgo\/wp-json\/wp\/v2\/posts\/611565","targetHints":{"allow":["GET"]}}],"collection":[{"href":"https:\/\/www.zunoticia.com\/noticias-de-hidalgo\/wp-json\/wp\/v2\/posts"}],"about":[{"href":"https:\/\/www.zunoticia.com\/noticias-de-hidalgo\/wp-json\/wp\/v2\/types\/post"}],"author":[{"embeddable":true,"href":"https:\/\/www.zunoticia.com\/noticias-de-hidalgo\/wp-json\/wp\/v2\/users\/20"}],"replies":[{"embeddable":true,"href":"https:\/\/www.zunoticia.com\/noticias-de-hidalgo\/wp-json\/wp\/v2\/comments?post=611565"}],"version-history":[{"count":1,"href":"https:\/\/www.zunoticia.com\/noticias-de-hidalgo\/wp-json\/wp\/v2\/posts\/611565\/revisions"}],"predecessor-version":[{"id":611567,"href":"https:\/\/www.zunoticia.com\/noticias-de-hidalgo\/wp-json\/wp\/v2\/posts\/611565\/revisions\/611567"}],"wp:featuredmedia":[{"embeddable":true,"href":"https:\/\/www.zunoticia.com\/noticias-de-hidalgo\/wp-json\/wp\/v2\/media\/611566"}],"wp:attachment":[{"href":"https:\/\/www.zunoticia.com\/noticias-de-hidalgo\/wp-json\/wp\/v2\/media?parent=611565"}],"wp:term":[{"taxonomy":"category","embeddable":true,"href":"https:\/\/www.zunoticia.com\/noticias-de-hidalgo\/wp-json\/wp\/v2\/categories?post=611565"},{"taxonomy":"post_tag","embeddable":true,"href":"https:\/\/www.zunoticia.com\/noticias-de-hidalgo\/wp-json\/wp\/v2\/tags?post=611565"}],"curies":[{"name":"wp","href":"https:\/\/api.w.org\/{rel}","templated":true}]}}