{"id":611580,"date":"2025-10-18T19:33:01","date_gmt":"2025-10-19T01:33:01","guid":{"rendered":"https:\/\/www.zunoticia.com\/noticias-de-hidalgo\/?p=611580"},"modified":"2025-10-18T19:33:02","modified_gmt":"2025-10-19T01:33:02","slug":"sheinbaum-y-menchaca-supervisan-atencion-a-comunidades-afectadas-en-huehuetla","status":"publish","type":"post","link":"https:\/\/www.zunoticia.com\/noticias-de-hidalgo\/2025\/10\/18\/sheinbaum-y-menchaca-supervisan-atencion-a-comunidades-afectadas-en-huehuetla\/","title":{"rendered":"Sheinbaum y Menchaca supervisan atenci\u00f3n a comunidades afectadas en Huehuetla"},"content":{"rendered":"<aside class=\"mashsb-container mashsb-main mashsb-stretched\"><div class=\"mashsb-box\"><div class=\"mashsb-count mash-large\" style=\"float:left\"><div class=\"counts mashsbcount\">0<\/div><span class=\"mashsb-sharetext\">SHARES<\/span><\/div><div class=\"mashsb-buttons\"><a class=\"mashicon-facebook mash-large mash-center mashsb-noshadow\" href=\"https:\/\/www.facebook.com\/sharer.php?u=https%3A%2F%2Fwww.zunoticia.com%2Fnoticias-de-hidalgo%2F2025%2F10%2F18%2Fsheinbaum-y-menchaca-supervisan-atencion-a-comunidades-afectadas-en-huehuetla%2F\" target=\"_top\" rel=\"nofollow\"><span class=\"icon\"><\/span><span class=\"text\">Share<\/span><\/a><a class=\"mashicon-twitter mash-large mash-center mashsb-noshadow\" href=\"https:\/\/twitter.com\/intent\/tweet?text=&amp;url=https:\/\/www.zunoticia.com\/noticias-de-hidalgo\/2025\/10\/18\/sheinbaum-y-menchaca-supervisan-atencion-a-comunidades-afectadas-en-huehuetla\/\" target=\"_top\" rel=\"nofollow\"><span class=\"icon\"><\/span><span class=\"text\">Tweet<\/span><\/a><div class=\"onoffswitch2 mash-large mashsb-noshadow\" style=\"display:none\"><\/div><\/div>\n            <\/div>\n                <div style=\"clear:both\"><\/div><div class=\"mashsb-toggle-container\"><\/div><\/aside>\n            <!-- Share buttons by mashshare.net - Version: 4.0.47-->\n<ul class=\"wp-block-list\">\n<li>Se mantiene coordinaci\u00f3n permanente para atender a m\u00e1s de 70 comunidades impactadas por las recientes lluvias en Huehuetla.<\/li>\n<\/ul>\n\n\n\n<p><em>Por Redacci\u00f3n\/Zunoticia<\/em><\/p>\n\n\n\n<p><strong>Pachuca de Soto, Hgo<\/strong>.- La presidenta de M\u00e9xico, Claudia Sheinbaum Pardo, y el gobernador de Hidalgo, Julio Menchaca Salazar, encabezaron una gira de trabajo por el municipio de Huehuetla, con el prop\u00f3sito de supervisar las acciones de apoyo a la poblaci\u00f3n y fortalecer la coordinaci\u00f3n interinstitucional para atender esta emergencia de manera oportuna, solidaria y eficaz.<\/p>\n\n\n\n<p>Durante su mensaje, la mandataria federal anunci\u00f3 que se realizar\u00e1 un censo, con el objetivo de conocer, casa por casa, todas las afectaciones que se tienen. De este censo, se desprender\u00e1 un primer apoyo econ\u00f3mico que se entregar\u00e1 a partir de la siguiente semana, para que las familias tengan recurso econ\u00f3mico para afrontar sus primeras necesidades.<\/p>\n\n\n\n<p>De igual forma, la presidenta, en compa\u00f1\u00eda del gobernador Julio Menchaca, inform\u00f3 que despu\u00e9s de ese apoyo inicial seguir\u00e1 la fase de reconstrucci\u00f3n, con m\u00e1s recursos para ayudar a restaurar las viviendas seg\u00fan el grado de da\u00f1o.&nbsp;<\/p>\n\n\n\n<figure class=\"wp-block-gallery has-nested-images columns-default is-cropped wp-block-gallery-1 is-layout-flex wp-block-gallery-is-layout-flex\">\n<figure class=\"wp-block-image size-large\"><img fetchpriority=\"high\" decoding=\"async\" width=\"933\" height=\"524\" data-id=\"611584\" src=\"https:\/\/www.zunoticia.com\/noticias-de-hidalgo\/wp-content\/uploads\/2025\/10\/Zunoticia-Huejutla-4-6.png\" alt=\"\" class=\"wp-image-611584\" srcset=\"https:\/\/www.zunoticia.com\/noticias-de-hidalgo\/wp-content\/uploads\/2025\/10\/Zunoticia-Huejutla-4-6.png 933w, https:\/\/www.zunoticia.com\/noticias-de-hidalgo\/wp-content\/uploads\/2025\/10\/Zunoticia-Huejutla-4-6-300x168.png 300w, https:\/\/www.zunoticia.com\/noticias-de-hidalgo\/wp-content\/uploads\/2025\/10\/Zunoticia-Huejutla-4-6-768x431.png 768w\" sizes=\"(max-width: 933px) 100vw, 933px\" \/><\/figure>\n\n\n\n<figure class=\"wp-block-image size-large\"><img decoding=\"async\" width=\"933\" height=\"524\" data-id=\"611583\" src=\"https:\/\/www.zunoticia.com\/noticias-de-hidalgo\/wp-content\/uploads\/2025\/10\/Zunoticia-Huejutla-3-32.png\" alt=\"\" class=\"wp-image-611583\" srcset=\"https:\/\/www.zunoticia.com\/noticias-de-hidalgo\/wp-content\/uploads\/2025\/10\/Zunoticia-Huejutla-3-32.png 933w, https:\/\/www.zunoticia.com\/noticias-de-hidalgo\/wp-content\/uploads\/2025\/10\/Zunoticia-Huejutla-3-32-300x168.png 300w, https:\/\/www.zunoticia.com\/noticias-de-hidalgo\/wp-content\/uploads\/2025\/10\/Zunoticia-Huejutla-3-32-768x431.png 768w\" sizes=\"(max-width: 933px) 100vw, 933px\" \/><\/figure>\n<\/figure>\n\n\n\n<p>\u201cLo primero y lo m\u00e1s importante es abrir los caminos para que pueda llegar bien toda toda la ayuda\u201d, dio a conocer Sheinbaum Pardo al momento de informar que se logr\u00f3 la apertura de un nuevo camino desde el estado de Puebla, lo que mejorar\u00e1 el arribo de ayuda.&nbsp;<\/p>\n\n\n\n<p>De este modo, tambi\u00e9n se report\u00f3 que 73 comunidades de este municipio, enclavado en la Sierra Otom\u00ed-Tepehua, resultaron afectadas, por lo que gracias al trabajo coordinado entre los tres \u00f3rdenes de gobierno y el respaldo de la ciudadan\u00eda solidaria, al d\u00eda de hoy se han entregado 5 mil 57 despensas, se han habilitado dos albergues temporales para resguardar a las familias damnificadas.&nbsp;<\/p>\n\n\n\n<p>Tambi\u00e9n se han distribuido 862 kits de medicamentos. Se reportan adem\u00e1s da\u00f1os en 17 escuelas y cortes de energ\u00eda el\u00e9ctrica en 19 localidades, situaci\u00f3n que se atiende de forma prioritaria. Hasta el momento, se ha logrado la localizaci\u00f3n de 10 personas y se han realizado nueve traslados m\u00e9dicos (seis valoraciones por triaje y tres hospitalizaciones), con el objetivo de proteger la salud y el bienestar de quienes m\u00e1s lo requieren.<\/p>\n\n\n\n<p>Para concluir, el gobernador Menchaca extern\u00f3 su reconocimiento a las Fuerzas Armadas, los cuerpos de seguridad estatal y federal, brigadistas, Servidores del Pueblo, as\u00ed como a la sociedad civil, quienes todos los d\u00edas mantienen labores de auxilio, acompa\u00f1amiento y apoyo solidario en beneficio de las familias afectadas, demostrando que la unidad y la empat\u00eda son fundamentales para salir adelante ante cualquier adversidad.<\/p>\n\n\n\n<figure class=\"wp-block-gallery has-nested-images columns-default is-cropped wp-block-gallery-2 is-layout-flex wp-block-gallery-is-layout-flex\">\n<figure class=\"wp-block-image size-large\"><img decoding=\"async\" width=\"933\" height=\"524\" data-id=\"611582\" src=\"https:\/\/www.zunoticia.com\/noticias-de-hidalgo\/wp-content\/uploads\/2025\/10\/Zunoticia-Huejutla-2-95.png\" alt=\"\" class=\"wp-image-611582\" srcset=\"https:\/\/www.zunoticia.com\/noticias-de-hidalgo\/wp-content\/uploads\/2025\/10\/Zunoticia-Huejutla-2-95.png 933w, https:\/\/www.zunoticia.com\/noticias-de-hidalgo\/wp-content\/uploads\/2025\/10\/Zunoticia-Huejutla-2-95-300x168.png 300w, https:\/\/www.zunoticia.com\/noticias-de-hidalgo\/wp-content\/uploads\/2025\/10\/Zunoticia-Huejutla-2-95-768x431.png 768w\" sizes=\"(max-width: 933px) 100vw, 933px\" \/><\/figure>\n<\/figure>\n","protected":false},"excerpt":{"rendered":"<p>Por Redacci\u00f3n\/Zunoticia Pachuca de Soto, Hgo.- La presidenta de M\u00e9xico, Claudia Sheinbaum Pardo, y el gobernador de Hidalgo, Julio Menchaca Salazar, encabezaron una gira de trabajo por el municipio de Huehuetla, con el prop\u00f3sito de supervisar las acciones de apoyo a la poblaci\u00f3n y fortalecer la coordinaci\u00f3n interinstitucional para atender esta emergencia de manera oportuna,&hellip; <a class=\"more-link\" href=\"https:\/\/www.zunoticia.com\/noticias-de-hidalgo\/2025\/10\/18\/sheinbaum-y-menchaca-supervisan-atencion-a-comunidades-afectadas-en-huehuetla\/\">Seguir leyendo <span class=\"screen-reader-text\">Sheinbaum y Menchaca supervisan atenci\u00f3n a comunidades afectadas en Huehuetla<\/span><\/a><\/p>\n","protected":false},"author":20,"featured_media":611581,"comment_status":"open","ping_status":"open","sticky":false,"template":"","format":"standard","meta":{"rop_custom_images_group":[],"rop_custom_messages_group":[],"rop_publish_now":"initial","rop_publish_now_accounts":{"facebook_10159540855086992_322828327761733":""},"rop_publish_now_history":[],"rop_publish_now_status":"pending","footnotes":""},"categories":[208],"tags":[214],"class_list":["post-611580","post","type-post","status-publish","format-standard","has-post-thumbnail","hentry","category-estado","tag-estado","entry"],"_links":{"self":[{"href":"https:\/\/www.zunoticia.com\/noticias-de-hidalgo\/wp-json\/wp\/v2\/posts\/611580","targetHints":{"allow":["GET"]}}],"collection":[{"href":"https:\/\/www.zunoticia.com\/noticias-de-hidalgo\/wp-json\/wp\/v2\/posts"}],"about":[{"href":"https:\/\/www.zunoticia.com\/noticias-de-hidalgo\/wp-json\/wp\/v2\/types\/post"}],"author":[{"embeddable":true,"href":"https:\/\/www.zunoticia.com\/noticias-de-hidalgo\/wp-json\/wp\/v2\/users\/20"}],"replies":[{"embeddable":true,"href":"https:\/\/www.zunoticia.com\/noticias-de-hidalgo\/wp-json\/wp\/v2\/comments?post=611580"}],"version-history":[{"count":1,"href":"https:\/\/www.zunoticia.com\/noticias-de-hidalgo\/wp-json\/wp\/v2\/posts\/611580\/revisions"}],"predecessor-version":[{"id":611585,"href":"https:\/\/www.zunoticia.com\/noticias-de-hidalgo\/wp-json\/wp\/v2\/posts\/611580\/revisions\/611585"}],"wp:featuredmedia":[{"embeddable":true,"href":"https:\/\/www.zunoticia.com\/noticias-de-hidalgo\/wp-json\/wp\/v2\/media\/611581"}],"wp:attachment":[{"href":"https:\/\/www.zunoticia.com\/noticias-de-hidalgo\/wp-json\/wp\/v2\/media?parent=611580"}],"wp:term":[{"taxonomy":"category","embeddable":true,"href":"https:\/\/www.zunoticia.com\/noticias-de-hidalgo\/wp-json\/wp\/v2\/categories?post=611580"},{"taxonomy":"post_tag","embeddable":true,"href":"https:\/\/www.zunoticia.com\/noticias-de-hidalgo\/wp-json\/wp\/v2\/tags?post=611580"}],"curies":[{"name":"wp","href":"https:\/\/api.w.org\/{rel}","templated":true}]}}