{"id":611597,"date":"2025-10-18T22:41:07","date_gmt":"2025-10-19T04:41:07","guid":{"rendered":"https:\/\/www.zunoticia.com\/noticias-de-hidalgo\/?p=611597"},"modified":"2025-10-18T22:41:09","modified_gmt":"2025-10-19T04:41:09","slug":"espejeando-por-perseo-huasteca-294","status":"publish","type":"post","link":"https:\/\/www.zunoticia.com\/noticias-de-hidalgo\/2025\/10\/18\/espejeando-por-perseo-huasteca-294\/","title":{"rendered":"Espejeando Por Perseo Huasteca"},"content":{"rendered":"<aside class=\"mashsb-container mashsb-main mashsb-stretched\"><div class=\"mashsb-box\"><div class=\"mashsb-count mash-large\" style=\"float:left\"><div class=\"counts mashsbcount\">0<\/div><span class=\"mashsb-sharetext\">SHARES<\/span><\/div><div class=\"mashsb-buttons\"><a class=\"mashicon-facebook mash-large mash-center mashsb-noshadow\" href=\"https:\/\/www.facebook.com\/sharer.php?u=https%3A%2F%2Fwww.zunoticia.com%2Fnoticias-de-hidalgo%2F2025%2F10%2F18%2Fespejeando-por-perseo-huasteca-294%2F\" target=\"_top\" rel=\"nofollow\"><span class=\"icon\"><\/span><span class=\"text\">Share<\/span><\/a><a class=\"mashicon-twitter mash-large mash-center mashsb-noshadow\" href=\"https:\/\/twitter.com\/intent\/tweet?text=&amp;url=https:\/\/www.zunoticia.com\/noticias-de-hidalgo\/2025\/10\/18\/espejeando-por-perseo-huasteca-294\/\" target=\"_top\" rel=\"nofollow\"><span class=\"icon\"><\/span><span class=\"text\">Tweet<\/span><\/a><div class=\"onoffswitch2 mash-large mashsb-noshadow\" style=\"display:none\"><\/div><\/div>\n            <\/div>\n                <div style=\"clear:both\"><\/div><div class=\"mashsb-toggle-container\"><\/div><\/aside>\n            <!-- Share buttons by mashshare.net - Version: 4.0.47-->\n<p>\u2022 LA CELEBRACI\u00d3N de la segunda ofrenda que se llev\u00f3 a cabo en la comunidad de Los Otates, tuvo una gran asistencia no solo de habitantes del lugar sino tambi\u00e9n de personas provenientes de comunidades vecinas, as\u00ed como de la cabecera municipal, quienes se unieron en una misma fiesta para dar inicio a los festejos del Xantolo.<\/p>\n\n\n\n<p>\u2022 Sin embargo, dentro de la festividad no pod\u00eda faltar el mensaje del alcalde Alfredo San Rom\u00e1n quien en esta ocasi\u00f3n fue muy distinto a la realizaci\u00f3n de la primera ofrenda, ya que de manera breve aprovech\u00f3 para hacer un llamado a la conciencia de la ciudadan\u00eda para que sigan donando a los afectados por las lluvias en las comunidades.<\/p>\n\n\n\n<p>\u2022 Resaltando que, si bien Huejutla no tuvo grandes afectaciones, el resto de los municipios est\u00e1n esperando que llegue m\u00e1s ayuda para poder solventar las necesidades b\u00e1sicas, y en esto el municipio de HUEJUTLA se ha destacado por ir al frente a entregar los apoyos alimentarios, ropa, entre otras ayudas a familias de otros municipios como Tepehuac\u00e1n de Guerrero, Calnali, Huautla, entre otros m\u00e1s.<\/p>\n\n\n\n<p>\u2022 Sin embargo, a\u00fan no es suficiente dado que existen localidades que no cuentan con energ\u00eda el\u00e9ctrica o siquiera con v\u00edas de comunicaci\u00f3n para veh\u00edculos a fin de que puedan restablecer su actividad normal.<\/p>\n\n\n\n<p>\u2022 UNA DE LAS CR\u00cdTICAS que se han realizado en torno a la participaci\u00f3n de los legisladores, es que hasta el momento pocas veces se les ha visto acerc\u00e1ndose a las zonas afectadas y cuando lo han hecho ha sido para tomarse la foto, sin embargo los propios alcaldes y regidores est\u00e1n pidiendo que se les otorgue una audiencia para que sean escuchadas sus necesidades y de esta manera a trav\u00e9s de su investidura legislativa puedan apoyar en las gestiones para restablecer la infraestructura que se vio da\u00f1ada con las crecientes.<\/p>\n","protected":false},"excerpt":{"rendered":"<p>\u2022 LA CELEBRACI\u00d3N de la segunda ofrenda que se llev\u00f3 a cabo en la comunidad de Los Otates, tuvo una gran asistencia no solo de habitantes del lugar sino tambi\u00e9n de personas provenientes de comunidades vecinas, as\u00ed como de la cabecera municipal, quienes se unieron en una misma fiesta para dar inicio a los festejos&hellip; <a class=\"more-link\" href=\"https:\/\/www.zunoticia.com\/noticias-de-hidalgo\/2025\/10\/18\/espejeando-por-perseo-huasteca-294\/\">Seguir leyendo <span class=\"screen-reader-text\">Espejeando Por Perseo Huasteca<\/span><\/a><\/p>\n","protected":false},"author":13,"featured_media":611598,"comment_status":"open","ping_status":"open","sticky":false,"template":"","format":"standard","meta":{"rop_custom_images_group":[],"rop_custom_messages_group":[],"rop_publish_now":"initial","rop_publish_now_accounts":{"facebook_10159540855086992_322828327761733":""},"rop_publish_now_history":[],"rop_publish_now_status":"pending","footnotes":""},"categories":[176],"tags":[205],"class_list":["post-611597","post","type-post","status-publish","format-standard","has-post-thumbnail","hentry","category-espejeando","tag-espejeando","entry"],"_links":{"self":[{"href":"https:\/\/www.zunoticia.com\/noticias-de-hidalgo\/wp-json\/wp\/v2\/posts\/611597","targetHints":{"allow":["GET"]}}],"collection":[{"href":"https:\/\/www.zunoticia.com\/noticias-de-hidalgo\/wp-json\/wp\/v2\/posts"}],"about":[{"href":"https:\/\/www.zunoticia.com\/noticias-de-hidalgo\/wp-json\/wp\/v2\/types\/post"}],"author":[{"embeddable":true,"href":"https:\/\/www.zunoticia.com\/noticias-de-hidalgo\/wp-json\/wp\/v2\/users\/13"}],"replies":[{"embeddable":true,"href":"https:\/\/www.zunoticia.com\/noticias-de-hidalgo\/wp-json\/wp\/v2\/comments?post=611597"}],"version-history":[{"count":1,"href":"https:\/\/www.zunoticia.com\/noticias-de-hidalgo\/wp-json\/wp\/v2\/posts\/611597\/revisions"}],"predecessor-version":[{"id":611599,"href":"https:\/\/www.zunoticia.com\/noticias-de-hidalgo\/wp-json\/wp\/v2\/posts\/611597\/revisions\/611599"}],"wp:featuredmedia":[{"embeddable":true,"href":"https:\/\/www.zunoticia.com\/noticias-de-hidalgo\/wp-json\/wp\/v2\/media\/611598"}],"wp:attachment":[{"href":"https:\/\/www.zunoticia.com\/noticias-de-hidalgo\/wp-json\/wp\/v2\/media?parent=611597"}],"wp:term":[{"taxonomy":"category","embeddable":true,"href":"https:\/\/www.zunoticia.com\/noticias-de-hidalgo\/wp-json\/wp\/v2\/categories?post=611597"},{"taxonomy":"post_tag","embeddable":true,"href":"https:\/\/www.zunoticia.com\/noticias-de-hidalgo\/wp-json\/wp\/v2\/tags?post=611597"}],"curies":[{"name":"wp","href":"https:\/\/api.w.org\/{rel}","templated":true}]}}