{"id":612177,"date":"2025-10-23T18:51:19","date_gmt":"2025-10-24T00:51:19","guid":{"rendered":"https:\/\/www.zunoticia.com\/noticias-de-hidalgo\/?p=612177"},"modified":"2025-10-23T18:51:21","modified_gmt":"2025-10-24T00:51:21","slug":"mis-manos-hablan-invita-a-la-primer-carrera-con-causa","status":"publish","type":"post","link":"https:\/\/www.zunoticia.com\/noticias-de-hidalgo\/2025\/10\/23\/mis-manos-hablan-invita-a-la-primer-carrera-con-causa\/","title":{"rendered":"\u201cMis Manos hablan\u201d invita a la Primer carrera con causa"},"content":{"rendered":"<aside class=\"mashsb-container mashsb-main mashsb-stretched\"><div class=\"mashsb-box\"><div class=\"mashsb-count mash-large\" style=\"float:left\"><div class=\"counts mashsbcount\">0<\/div><span class=\"mashsb-sharetext\">SHARES<\/span><\/div><div class=\"mashsb-buttons\"><a class=\"mashicon-facebook mash-large mash-center mashsb-noshadow\" href=\"https:\/\/www.facebook.com\/sharer.php?u=https%3A%2F%2Fwww.zunoticia.com%2Fnoticias-de-hidalgo%2F2025%2F10%2F23%2Fmis-manos-hablan-invita-a-la-primer-carrera-con-causa%2F\" target=\"_top\" rel=\"nofollow\"><span class=\"icon\"><\/span><span class=\"text\">Share<\/span><\/a><a class=\"mashicon-twitter mash-large mash-center mashsb-noshadow\" href=\"https:\/\/twitter.com\/intent\/tweet?text=&amp;url=https:\/\/www.zunoticia.com\/noticias-de-hidalgo\/2025\/10\/23\/mis-manos-hablan-invita-a-la-primer-carrera-con-causa\/\" target=\"_top\" rel=\"nofollow\"><span class=\"icon\"><\/span><span class=\"text\">Tweet<\/span><\/a><div class=\"onoffswitch2 mash-large mashsb-noshadow\" style=\"display:none\"><\/div><\/div>\n            <\/div>\n                <div style=\"clear:both\"><\/div><div class=\"mashsb-toggle-container\"><\/div><\/aside>\n            <!-- Share buttons by mashshare.net - Version: 4.0.47-->\n<p><em>Por Enedino Hern\u00e1ndez Alonso\/Zunoticia<\/em><\/p>\n\n\n\n<p><strong>Huejutla, Hgo<\/strong>.- La maestra interprete en lengua de se\u00f1as en Huejutla, Leticia Vite Aquino, confirma que al momento se realizan las inscripciones correspondientes para la Primera carrera con&nbsp; causa \u201cJuntos por la comunidad sorda\u201d.<\/p>\n\n\n\n<p>Explica que oportunamente se ha emitido la convocatoria por parte del colectivo \u201cMis Manos Hablan\u201d Huejutla, en donde esperan contar con la participaci\u00f3n de un buen n\u00famero de personas en este evento, previsto para el d\u00eda 29 de noviembre.<\/p>\n\n\n\n<p>Indica que la carrera se realizar\u00e1 en las instalaciones de la Unidad Deportiva Capit\u00e1n Antonio Reyes en Huejutla, a partir de las 06:00 de la ma\u00f1ana del 29 de noviembre.<\/p>\n\n\n\n<p>Leticia Vite Aquino, se\u00f1ala que la Carrera con causa se realizar\u00e1 en dos categor\u00edas, la primera va dirigida al p\u00fablico en general con 5 kil\u00f3metros, y la segunda a personas con discapacidad, quienes pueden participar de 1 a 2 kil\u00f3metros.<\/p>\n\n\n\n<p>Confirma que el Kit del evento comprende la playera oficial, medalla, n\u00famero de corredor, pulsera e hidrataci\u00f3n; las inscripciones pueden realizarse al tel\u00e9fono 7711906037 o en el Facebook Mis Manos Hablan Huejutla.<\/p>\n\n\n\n<p>Finalmente, se\u00f1ala que, la fecha l\u00edmite para poder inscribirse es el 8 de noviembre, por lo que se espera que se unan muchas personas, la invitaci\u00f3n se hace para la poblaci\u00f3n de Huejutla, as\u00ed como dem\u00e1s municipios aleda\u00f1os.<\/p>\n","protected":false},"excerpt":{"rendered":"<p>Por Enedino Hern\u00e1ndez Alonso\/Zunoticia Huejutla, Hgo.- La maestra interprete en lengua de se\u00f1as en Huejutla, Leticia Vite Aquino, confirma que al momento se realizan las inscripciones correspondientes para la Primera carrera con&nbsp; causa \u201cJuntos por la comunidad sorda\u201d. Explica que oportunamente se ha emitido la convocatoria por parte del colectivo \u201cMis Manos Hablan\u201d Huejutla, en&hellip; <a class=\"more-link\" href=\"https:\/\/www.zunoticia.com\/noticias-de-hidalgo\/2025\/10\/23\/mis-manos-hablan-invita-a-la-primer-carrera-con-causa\/\">Seguir leyendo <span class=\"screen-reader-text\">\u201cMis Manos hablan\u201d invita a la Primer carrera con causa<\/span><\/a><\/p>\n","protected":false},"author":20,"featured_media":612178,"comment_status":"open","ping_status":"open","sticky":false,"template":"","format":"standard","meta":{"rop_custom_images_group":[],"rop_custom_messages_group":[],"rop_publish_now":"initial","rop_publish_now_accounts":{"facebook_10159540855086992_322828327761733":""},"rop_publish_now_history":[],"rop_publish_now_status":"pending","footnotes":""},"categories":[181],"tags":[121],"class_list":["post-612177","post","type-post","status-publish","format-standard","has-post-thumbnail","hentry","category-huejutla","tag-huejutla","entry"],"_links":{"self":[{"href":"https:\/\/www.zunoticia.com\/noticias-de-hidalgo\/wp-json\/wp\/v2\/posts\/612177","targetHints":{"allow":["GET"]}}],"collection":[{"href":"https:\/\/www.zunoticia.com\/noticias-de-hidalgo\/wp-json\/wp\/v2\/posts"}],"about":[{"href":"https:\/\/www.zunoticia.com\/noticias-de-hidalgo\/wp-json\/wp\/v2\/types\/post"}],"author":[{"embeddable":true,"href":"https:\/\/www.zunoticia.com\/noticias-de-hidalgo\/wp-json\/wp\/v2\/users\/20"}],"replies":[{"embeddable":true,"href":"https:\/\/www.zunoticia.com\/noticias-de-hidalgo\/wp-json\/wp\/v2\/comments?post=612177"}],"version-history":[{"count":1,"href":"https:\/\/www.zunoticia.com\/noticias-de-hidalgo\/wp-json\/wp\/v2\/posts\/612177\/revisions"}],"predecessor-version":[{"id":612179,"href":"https:\/\/www.zunoticia.com\/noticias-de-hidalgo\/wp-json\/wp\/v2\/posts\/612177\/revisions\/612179"}],"wp:featuredmedia":[{"embeddable":true,"href":"https:\/\/www.zunoticia.com\/noticias-de-hidalgo\/wp-json\/wp\/v2\/media\/612178"}],"wp:attachment":[{"href":"https:\/\/www.zunoticia.com\/noticias-de-hidalgo\/wp-json\/wp\/v2\/media?parent=612177"}],"wp:term":[{"taxonomy":"category","embeddable":true,"href":"https:\/\/www.zunoticia.com\/noticias-de-hidalgo\/wp-json\/wp\/v2\/categories?post=612177"},{"taxonomy":"post_tag","embeddable":true,"href":"https:\/\/www.zunoticia.com\/noticias-de-hidalgo\/wp-json\/wp\/v2\/tags?post=612177"}],"curies":[{"name":"wp","href":"https:\/\/api.w.org\/{rel}","templated":true}]}}