{"id":612213,"date":"2025-10-23T19:44:48","date_gmt":"2025-10-24T01:44:48","guid":{"rendered":"https:\/\/www.zunoticia.com\/noticias-de-hidalgo\/?p=612213"},"modified":"2025-10-23T19:44:50","modified_gmt":"2025-10-24T01:44:50","slug":"detenido-por-agresiones-y-presunto-robo","status":"publish","type":"post","link":"https:\/\/www.zunoticia.com\/noticias-de-hidalgo\/2025\/10\/23\/detenido-por-agresiones-y-presunto-robo\/","title":{"rendered":"Detenido por agresiones y presunto robo"},"content":{"rendered":"<aside class=\"mashsb-container mashsb-main mashsb-stretched\"><div class=\"mashsb-box\"><div class=\"mashsb-count mash-large\" style=\"float:left\"><div class=\"counts mashsbcount\">0<\/div><span class=\"mashsb-sharetext\">SHARES<\/span><\/div><div class=\"mashsb-buttons\"><a class=\"mashicon-facebook mash-large mash-center mashsb-noshadow\" href=\"https:\/\/www.facebook.com\/sharer.php?u=https%3A%2F%2Fwww.zunoticia.com%2Fnoticias-de-hidalgo%2F2025%2F10%2F23%2Fdetenido-por-agresiones-y-presunto-robo%2F\" target=\"_top\" rel=\"nofollow\"><span class=\"icon\"><\/span><span class=\"text\">Share<\/span><\/a><a class=\"mashicon-twitter mash-large mash-center mashsb-noshadow\" href=\"https:\/\/twitter.com\/intent\/tweet?text=&amp;url=https:\/\/www.zunoticia.com\/noticias-de-hidalgo\/2025\/10\/23\/detenido-por-agresiones-y-presunto-robo\/\" target=\"_top\" rel=\"nofollow\"><span class=\"icon\"><\/span><span class=\"text\">Tweet<\/span><\/a><div class=\"onoffswitch2 mash-large mashsb-noshadow\" style=\"display:none\"><\/div><\/div>\n            <\/div>\n                <div style=\"clear:both\"><\/div><div class=\"mashsb-toggle-container\"><\/div><\/aside>\n            <!-- Share buttons by mashshare.net - Version: 4.0.47-->\n<p><em>Por Roberto Ram\u00edrez\/Zunoticia<\/em><\/p>\n\n\n\n<p><strong>San Felipe Orizatl\u00e1n, Hgo.<\/strong> &#8211; Un masculino que padece de sus facultades mentales fue detenido, luego de presuntas agresiones a transe\u00fantes y robo en un establecimiento comercial, quien fue puesto ante las autoridades de representaci\u00f3n de la justicia social de este municipio y as\u00ed solicitar la presencia de sus familiares.<\/p>\n\n\n\n<p>El individuo fue asegurado por polic\u00edas luego de cometer estas faltas, pero, al padecer de sus facultades mentales, \u00fanicamente solicitaron la presencia de sus familiares para que se hicieran responsables de sus actos y m\u00e1s tarde fue liberado.<\/p>\n\n\n\n<p>Este masculino de manera diaria deambula por la cabecera municipal y comete agresiones a la poblaci\u00f3n, as\u00ed mismo, de manera frecuente comete robos en las casas comerciales, sin que la autoridad pueda intervenir por su condici\u00f3n de salud, mientras que sus familiares no hacen nada para mantenerlo en su domicilio.<\/p>\n","protected":false},"excerpt":{"rendered":"<p>Por Roberto Ram\u00edrez\/Zunoticia San Felipe Orizatl\u00e1n, Hgo. &#8211; Un masculino que padece de sus facultades mentales fue detenido, luego de presuntas agresiones a transe\u00fantes y robo en un establecimiento comercial, quien fue puesto ante las autoridades de representaci\u00f3n de la justicia social de este municipio y as\u00ed solicitar la presencia de sus familiares. El individuo&hellip; <a class=\"more-link\" href=\"https:\/\/www.zunoticia.com\/noticias-de-hidalgo\/2025\/10\/23\/detenido-por-agresiones-y-presunto-robo\/\">Seguir leyendo <span class=\"screen-reader-text\">Detenido por agresiones y presunto robo<\/span><\/a><\/p>\n","protected":false},"author":12,"featured_media":612208,"comment_status":"open","ping_status":"open","sticky":false,"template":"","format":"standard","meta":{"rop_custom_images_group":[],"rop_custom_messages_group":[],"rop_publish_now":"initial","rop_publish_now_accounts":{"facebook_10159540855086992_322828327761733":""},"rop_publish_now_history":[],"rop_publish_now_status":"pending","footnotes":""},"categories":[178],"tags":[259],"class_list":["post-612213","post","type-post","status-publish","format-standard","has-post-thumbnail","hentry","category-policiaca","tag-policiaca","entry"],"_links":{"self":[{"href":"https:\/\/www.zunoticia.com\/noticias-de-hidalgo\/wp-json\/wp\/v2\/posts\/612213","targetHints":{"allow":["GET"]}}],"collection":[{"href":"https:\/\/www.zunoticia.com\/noticias-de-hidalgo\/wp-json\/wp\/v2\/posts"}],"about":[{"href":"https:\/\/www.zunoticia.com\/noticias-de-hidalgo\/wp-json\/wp\/v2\/types\/post"}],"author":[{"embeddable":true,"href":"https:\/\/www.zunoticia.com\/noticias-de-hidalgo\/wp-json\/wp\/v2\/users\/12"}],"replies":[{"embeddable":true,"href":"https:\/\/www.zunoticia.com\/noticias-de-hidalgo\/wp-json\/wp\/v2\/comments?post=612213"}],"version-history":[{"count":1,"href":"https:\/\/www.zunoticia.com\/noticias-de-hidalgo\/wp-json\/wp\/v2\/posts\/612213\/revisions"}],"predecessor-version":[{"id":612214,"href":"https:\/\/www.zunoticia.com\/noticias-de-hidalgo\/wp-json\/wp\/v2\/posts\/612213\/revisions\/612214"}],"wp:featuredmedia":[{"embeddable":true,"href":"https:\/\/www.zunoticia.com\/noticias-de-hidalgo\/wp-json\/wp\/v2\/media\/612208"}],"wp:attachment":[{"href":"https:\/\/www.zunoticia.com\/noticias-de-hidalgo\/wp-json\/wp\/v2\/media?parent=612213"}],"wp:term":[{"taxonomy":"category","embeddable":true,"href":"https:\/\/www.zunoticia.com\/noticias-de-hidalgo\/wp-json\/wp\/v2\/categories?post=612213"},{"taxonomy":"post_tag","embeddable":true,"href":"https:\/\/www.zunoticia.com\/noticias-de-hidalgo\/wp-json\/wp\/v2\/tags?post=612213"}],"curies":[{"name":"wp","href":"https:\/\/api.w.org\/{rel}","templated":true}]}}