{"id":612509,"date":"2025-10-26T18:53:53","date_gmt":"2025-10-27T00:53:53","guid":{"rendered":"https:\/\/www.zunoticia.com\/noticias-de-hidalgo\/?p=612509"},"modified":"2025-10-26T18:53:55","modified_gmt":"2025-10-27T00:53:55","slug":"en-la-escuela-superior-de-huejutla-realizaron-el-2do-foro-de-salud-intercultural","status":"publish","type":"post","link":"https:\/\/www.zunoticia.com\/noticias-de-hidalgo\/2025\/10\/26\/en-la-escuela-superior-de-huejutla-realizaron-el-2do-foro-de-salud-intercultural\/","title":{"rendered":"En la escuela superior de Huejutla realizaron el 2do Foro de Salud Intercultural"},"content":{"rendered":"<aside class=\"mashsb-container mashsb-main mashsb-stretched\"><div class=\"mashsb-box\"><div class=\"mashsb-count mash-large\" style=\"float:left\"><div class=\"counts mashsbcount\">0<\/div><span class=\"mashsb-sharetext\">SHARES<\/span><\/div><div class=\"mashsb-buttons\"><a class=\"mashicon-facebook mash-large mash-center mashsb-noshadow\" href=\"https:\/\/www.facebook.com\/sharer.php?u=https%3A%2F%2Fwww.zunoticia.com%2Fnoticias-de-hidalgo%2F2025%2F10%2F26%2Fen-la-escuela-superior-de-huejutla-realizaron-el-2do-foro-de-salud-intercultural%2F\" target=\"_top\" rel=\"nofollow\"><span class=\"icon\"><\/span><span class=\"text\">Share<\/span><\/a><a class=\"mashicon-twitter mash-large mash-center mashsb-noshadow\" href=\"https:\/\/twitter.com\/intent\/tweet?text=&amp;url=https:\/\/www.zunoticia.com\/noticias-de-hidalgo\/2025\/10\/26\/en-la-escuela-superior-de-huejutla-realizaron-el-2do-foro-de-salud-intercultural\/\" target=\"_top\" rel=\"nofollow\"><span class=\"icon\"><\/span><span class=\"text\">Tweet<\/span><\/a><div class=\"onoffswitch2 mash-large mashsb-noshadow\" style=\"display:none\"><\/div><\/div>\n            <\/div>\n                <div style=\"clear:both\"><\/div><div class=\"mashsb-toggle-container\"><\/div><\/aside>\n            <!-- Share buttons by mashshare.net - Version: 4.0.47-->\n<p><em>Por Gabriela Hern\u00e1ndez\/Zunoticia<\/em><\/p>\n\n\n\n<p><strong>Huejutla, Hgo.-<\/strong> El pasado 22 de octubre del presente a\u00f1o se llev\u00f3 a cabo el 2do Foro de Salud Intercultural. Este evento, tuvo como objetivo generar un espacio de di\u00e1logo y reflexi\u00f3n en torno a la importancia de la interculturalidad en los servicios de salud, as\u00ed como compartir experiencias y propuestas que contribuyan al fortalecimiento de una atenci\u00f3n integral y respetuosa de la diversidad cultural.<\/p>\n\n\n\n<figure class=\"wp-block-image size-large\"><img fetchpriority=\"high\" decoding=\"async\" width=\"1024\" height=\"658\" src=\"https:\/\/www.zunoticia.com\/noticias-de-hidalgo\/wp-content\/uploads\/2025\/10\/eZy-Watermark_26-10-2025_04-54-17-2530p.m-1024x658.jpg\" alt=\"\" class=\"wp-image-612489\" srcset=\"https:\/\/www.zunoticia.com\/noticias-de-hidalgo\/wp-content\/uploads\/2025\/10\/eZy-Watermark_26-10-2025_04-54-17-2530p.m-1024x658.jpg 1024w, https:\/\/www.zunoticia.com\/noticias-de-hidalgo\/wp-content\/uploads\/2025\/10\/eZy-Watermark_26-10-2025_04-54-17-2530p.m-300x193.jpg 300w, https:\/\/www.zunoticia.com\/noticias-de-hidalgo\/wp-content\/uploads\/2025\/10\/eZy-Watermark_26-10-2025_04-54-17-2530p.m-768x493.jpg 768w, https:\/\/www.zunoticia.com\/noticias-de-hidalgo\/wp-content\/uploads\/2025\/10\/eZy-Watermark_26-10-2025_04-54-17-2530p.m.jpg 1280w\" sizes=\"(max-width: 1024px) 100vw, 1024px\" \/><\/figure>\n\n\n\n<p>La actividad fue presidida por el director de la instituci\u00f3n, el Lic. Armando Zunzunegui Escamilla; el secretario acad\u00e9mico, el Lic. Daniel Abraham Mondrag\u00f3n Medina; la coordinadora del programa educativo, la Dra. Kassandra Hern\u00e1ndez Cerecedo y el Mtro. Fernando de Santiago Rivero S\u00e1nchez, quien impuls\u00f3 la realizaci\u00f3n de este evento.<\/p>\n\n\n\n<p>En el foro, particip\u00f3 la Mtra. Sonia Guill\u00e9n Hern\u00e1ndez, responsable del programa de Interculturalidad en Salud del IMSS-Bienestar en la regi\u00f3n, as\u00ed como m\u00e9dicos tradicionales y parteras que estuvieron acompa\u00f1ando para compartir sus experiencias y conocimientos.<\/p>\n\n\n\n<figure class=\"wp-block-image size-large\"><img decoding=\"async\" width=\"1024\" height=\"768\" src=\"https:\/\/www.zunoticia.com\/noticias-de-hidalgo\/wp-content\/uploads\/2025\/10\/eZy-Watermark_26-10-2025_04-53-54-9750p.m-1024x768.jpg\" alt=\"\" class=\"wp-image-612491\" srcset=\"https:\/\/www.zunoticia.com\/noticias-de-hidalgo\/wp-content\/uploads\/2025\/10\/eZy-Watermark_26-10-2025_04-53-54-9750p.m-1024x768.jpg 1024w, https:\/\/www.zunoticia.com\/noticias-de-hidalgo\/wp-content\/uploads\/2025\/10\/eZy-Watermark_26-10-2025_04-53-54-9750p.m-300x225.jpg 300w, https:\/\/www.zunoticia.com\/noticias-de-hidalgo\/wp-content\/uploads\/2025\/10\/eZy-Watermark_26-10-2025_04-53-54-9750p.m-768x576.jpg 768w, https:\/\/www.zunoticia.com\/noticias-de-hidalgo\/wp-content\/uploads\/2025\/10\/eZy-Watermark_26-10-2025_04-53-54-9750p.m-1536x1152.jpg 1536w, https:\/\/www.zunoticia.com\/noticias-de-hidalgo\/wp-content\/uploads\/2025\/10\/eZy-Watermark_26-10-2025_04-53-54-9750p.m-1568x1176.jpg 1568w, https:\/\/www.zunoticia.com\/noticias-de-hidalgo\/wp-content\/uploads\/2025\/10\/eZy-Watermark_26-10-2025_04-53-54-9750p.m.jpg 1600w\" sizes=\"(max-width: 1024px) 100vw, 1024px\" \/><\/figure>\n\n\n\n<p>Asimismo, se cont\u00f3 con la presencia de integrantes de La Casa de la Mujer Ind\u00edgena Huejutla, para tratar temas relacionados con la violencia obst\u00e9trica y para cerrar el evento se present\u00f3 la Dra. Elo\u00edsa Carbonell Yonf\u00e1, quien estuvo virtualmente desde la Universidad Amawtay Wasi de Ecuador, una de las primeras instituciones de educaci\u00f3n superior intercultural en Latinoam\u00e9rica.<\/p>\n\n\n\n<p>El prop\u00f3sito de esta actividad es promover una atenci\u00f3n m\u00e9dica m\u00e1s respetuosa y culturalmente pertinente, fomentando el di\u00e1logo y la colaboraci\u00f3n entre diferentes saberes y pr\u00e1cticas.<\/p>\n\n\n\n<figure class=\"wp-block-image size-large\"><img decoding=\"async\" width=\"1024\" height=\"768\" src=\"https:\/\/www.zunoticia.com\/noticias-de-hidalgo\/wp-content\/uploads\/2025\/10\/eZy-Watermark_26-10-2025_04-53-04-0480p.m-1024x768.jpg\" alt=\"\" class=\"wp-image-612492\" srcset=\"https:\/\/www.zunoticia.com\/noticias-de-hidalgo\/wp-content\/uploads\/2025\/10\/eZy-Watermark_26-10-2025_04-53-04-0480p.m-1024x768.jpg 1024w, https:\/\/www.zunoticia.com\/noticias-de-hidalgo\/wp-content\/uploads\/2025\/10\/eZy-Watermark_26-10-2025_04-53-04-0480p.m-300x225.jpg 300w, https:\/\/www.zunoticia.com\/noticias-de-hidalgo\/wp-content\/uploads\/2025\/10\/eZy-Watermark_26-10-2025_04-53-04-0480p.m-768x576.jpg 768w, https:\/\/www.zunoticia.com\/noticias-de-hidalgo\/wp-content\/uploads\/2025\/10\/eZy-Watermark_26-10-2025_04-53-04-0480p.m-1536x1152.jpg 1536w, https:\/\/www.zunoticia.com\/noticias-de-hidalgo\/wp-content\/uploads\/2025\/10\/eZy-Watermark_26-10-2025_04-53-04-0480p.m-1568x1176.jpg 1568w, https:\/\/www.zunoticia.com\/noticias-de-hidalgo\/wp-content\/uploads\/2025\/10\/eZy-Watermark_26-10-2025_04-53-04-0480p.m.jpg 1600w\" sizes=\"(max-width: 1024px) 100vw, 1024px\" \/><\/figure>\n","protected":false},"excerpt":{"rendered":"<p>Por Gabriela Hern\u00e1ndez\/Zunoticia Huejutla, Hgo.- El pasado 22 de octubre del presente a\u00f1o se llev\u00f3 a cabo el 2do Foro de Salud Intercultural. Este evento, tuvo como objetivo generar un espacio de di\u00e1logo y reflexi\u00f3n en torno a la importancia de la interculturalidad en los servicios de salud, as\u00ed como compartir experiencias y propuestas que&hellip; <a class=\"more-link\" href=\"https:\/\/www.zunoticia.com\/noticias-de-hidalgo\/2025\/10\/26\/en-la-escuela-superior-de-huejutla-realizaron-el-2do-foro-de-salud-intercultural\/\">Seguir leyendo <span class=\"screen-reader-text\">En la escuela superior de Huejutla realizaron el 2do Foro de Salud Intercultural<\/span><\/a><\/p>\n","protected":false},"author":12,"featured_media":612490,"comment_status":"open","ping_status":"open","sticky":false,"template":"","format":"standard","meta":{"rop_custom_images_group":[],"rop_custom_messages_group":[],"rop_publish_now":"initial","rop_publish_now_accounts":{"facebook_10159540855086992_322828327761733":""},"rop_publish_now_history":[],"rop_publish_now_status":"pending","footnotes":""},"categories":[181],"tags":[121],"class_list":["post-612509","post","type-post","status-publish","format-standard","has-post-thumbnail","hentry","category-huejutla","tag-huejutla","entry"],"_links":{"self":[{"href":"https:\/\/www.zunoticia.com\/noticias-de-hidalgo\/wp-json\/wp\/v2\/posts\/612509","targetHints":{"allow":["GET"]}}],"collection":[{"href":"https:\/\/www.zunoticia.com\/noticias-de-hidalgo\/wp-json\/wp\/v2\/posts"}],"about":[{"href":"https:\/\/www.zunoticia.com\/noticias-de-hidalgo\/wp-json\/wp\/v2\/types\/post"}],"author":[{"embeddable":true,"href":"https:\/\/www.zunoticia.com\/noticias-de-hidalgo\/wp-json\/wp\/v2\/users\/12"}],"replies":[{"embeddable":true,"href":"https:\/\/www.zunoticia.com\/noticias-de-hidalgo\/wp-json\/wp\/v2\/comments?post=612509"}],"version-history":[{"count":1,"href":"https:\/\/www.zunoticia.com\/noticias-de-hidalgo\/wp-json\/wp\/v2\/posts\/612509\/revisions"}],"predecessor-version":[{"id":612510,"href":"https:\/\/www.zunoticia.com\/noticias-de-hidalgo\/wp-json\/wp\/v2\/posts\/612509\/revisions\/612510"}],"wp:featuredmedia":[{"embeddable":true,"href":"https:\/\/www.zunoticia.com\/noticias-de-hidalgo\/wp-json\/wp\/v2\/media\/612490"}],"wp:attachment":[{"href":"https:\/\/www.zunoticia.com\/noticias-de-hidalgo\/wp-json\/wp\/v2\/media?parent=612509"}],"wp:term":[{"taxonomy":"category","embeddable":true,"href":"https:\/\/www.zunoticia.com\/noticias-de-hidalgo\/wp-json\/wp\/v2\/categories?post=612509"},{"taxonomy":"post_tag","embeddable":true,"href":"https:\/\/www.zunoticia.com\/noticias-de-hidalgo\/wp-json\/wp\/v2\/tags?post=612509"}],"curies":[{"name":"wp","href":"https:\/\/api.w.org\/{rel}","templated":true}]}}