{"id":613380,"date":"2025-11-03T18:32:01","date_gmt":"2025-11-04T00:32:01","guid":{"rendered":"https:\/\/www.zunoticia.com\/noticias-de-hidalgo\/?p=613380"},"modified":"2025-11-03T18:32:04","modified_gmt":"2025-11-04T00:32:04","slug":"lesionados-en-accidente-en-la-mexico-tampico","status":"publish","type":"post","link":"https:\/\/www.zunoticia.com\/noticias-de-hidalgo\/2025\/11\/03\/lesionados-en-accidente-en-la-mexico-tampico\/","title":{"rendered":"Lesionados en accidente en la M\u00e9xico-Tampico"},"content":{"rendered":"<aside class=\"mashsb-container mashsb-main mashsb-stretched\"><div class=\"mashsb-box\"><div class=\"mashsb-count mash-large\" style=\"float:left\"><div class=\"counts mashsbcount\">0<\/div><span class=\"mashsb-sharetext\">SHARES<\/span><\/div><div class=\"mashsb-buttons\"><a class=\"mashicon-facebook mash-large mash-center mashsb-noshadow\" href=\"https:\/\/www.facebook.com\/sharer.php?u=https%3A%2F%2Fwww.zunoticia.com%2Fnoticias-de-hidalgo%2F2025%2F11%2F03%2Flesionados-en-accidente-en-la-mexico-tampico%2F\" target=\"_top\" rel=\"nofollow\"><span class=\"icon\"><\/span><span class=\"text\">Share<\/span><\/a><a class=\"mashicon-twitter mash-large mash-center mashsb-noshadow\" href=\"https:\/\/twitter.com\/intent\/tweet?text=&amp;url=https:\/\/www.zunoticia.com\/noticias-de-hidalgo\/2025\/11\/03\/lesionados-en-accidente-en-la-mexico-tampico\/\" target=\"_top\" rel=\"nofollow\"><span class=\"icon\"><\/span><span class=\"text\">Tweet<\/span><\/a><div class=\"onoffswitch2 mash-large mashsb-noshadow\" style=\"display:none\"><\/div><\/div>\n            <\/div>\n                <div style=\"clear:both\"><\/div><div class=\"mashsb-toggle-container\"><\/div><\/aside>\n            <!-- Share buttons by mashshare.net - Version: 4.0.47-->\n<p><em>Por Roberto Ram\u00edrez \/Zunoticia<\/em><\/p>\n\n\n\n<p><strong>Tlanchinol, Hgo<\/strong>. -El accidente de una unidad motriz dej\u00f3 varios lesionados sobre la v\u00eda federal M\u00e9xico-Tampico, al lugar llegaron polic\u00edas municipales y Protecci\u00f3n Civil municipal para auxiliar a los heridos a fin de trasladarlos al hospital.<\/p>\n\n\n\n<p>El accidente se registr\u00f3 en Casetas, donde presuntamente un conductor perdi\u00f3 el control de su veh\u00edculo y se fue a un barranco dejando al menos dos personas lesionadas y cuantiosos da\u00f1os materiales, diversos cuerpos de emergencia se dieron cita en el lugar para auxiliar a los implicados.&nbsp;<\/p>\n\n\n\n<p>Al lugar tambi\u00e9n llegaron polic\u00edas municipales para intervenir en el hecho, hasta el momento se desconoce las causas del accidente, elementos de la Guardia Nacional Carreteras llegaron al sitio para realizar el peritaje y ordenar el remolque del veh\u00edculo al corral\u00f3n.<\/p>\n\n\n\n<p><\/p>\n","protected":false},"excerpt":{"rendered":"<p>Por Roberto Ram\u00edrez \/Zunoticia Tlanchinol, Hgo. -El accidente de una unidad motriz dej\u00f3 varios lesionados sobre la v\u00eda federal M\u00e9xico-Tampico, al lugar llegaron polic\u00edas municipales y Protecci\u00f3n Civil municipal para auxiliar a los heridos a fin de trasladarlos al hospital. El accidente se registr\u00f3 en Casetas, donde presuntamente un conductor perdi\u00f3 el control de su&hellip; <a class=\"more-link\" href=\"https:\/\/www.zunoticia.com\/noticias-de-hidalgo\/2025\/11\/03\/lesionados-en-accidente-en-la-mexico-tampico\/\">Seguir leyendo <span class=\"screen-reader-text\">Lesionados en accidente en la M\u00e9xico-Tampico<\/span><\/a><\/p>\n","protected":false},"author":20,"featured_media":613381,"comment_status":"open","ping_status":"open","sticky":false,"template":"","format":"standard","meta":{"rop_custom_images_group":[],"rop_custom_messages_group":[],"rop_publish_now":"initial","rop_publish_now_accounts":{"facebook_10159540855086992_322828327761733":""},"rop_publish_now_history":[],"rop_publish_now_status":"pending","footnotes":""},"categories":[178],"tags":[259],"class_list":["post-613380","post","type-post","status-publish","format-standard","has-post-thumbnail","hentry","category-policiaca","tag-policiaca","entry"],"_links":{"self":[{"href":"https:\/\/www.zunoticia.com\/noticias-de-hidalgo\/wp-json\/wp\/v2\/posts\/613380","targetHints":{"allow":["GET"]}}],"collection":[{"href":"https:\/\/www.zunoticia.com\/noticias-de-hidalgo\/wp-json\/wp\/v2\/posts"}],"about":[{"href":"https:\/\/www.zunoticia.com\/noticias-de-hidalgo\/wp-json\/wp\/v2\/types\/post"}],"author":[{"embeddable":true,"href":"https:\/\/www.zunoticia.com\/noticias-de-hidalgo\/wp-json\/wp\/v2\/users\/20"}],"replies":[{"embeddable":true,"href":"https:\/\/www.zunoticia.com\/noticias-de-hidalgo\/wp-json\/wp\/v2\/comments?post=613380"}],"version-history":[{"count":1,"href":"https:\/\/www.zunoticia.com\/noticias-de-hidalgo\/wp-json\/wp\/v2\/posts\/613380\/revisions"}],"predecessor-version":[{"id":613382,"href":"https:\/\/www.zunoticia.com\/noticias-de-hidalgo\/wp-json\/wp\/v2\/posts\/613380\/revisions\/613382"}],"wp:featuredmedia":[{"embeddable":true,"href":"https:\/\/www.zunoticia.com\/noticias-de-hidalgo\/wp-json\/wp\/v2\/media\/613381"}],"wp:attachment":[{"href":"https:\/\/www.zunoticia.com\/noticias-de-hidalgo\/wp-json\/wp\/v2\/media?parent=613380"}],"wp:term":[{"taxonomy":"category","embeddable":true,"href":"https:\/\/www.zunoticia.com\/noticias-de-hidalgo\/wp-json\/wp\/v2\/categories?post=613380"},{"taxonomy":"post_tag","embeddable":true,"href":"https:\/\/www.zunoticia.com\/noticias-de-hidalgo\/wp-json\/wp\/v2\/tags?post=613380"}],"curies":[{"name":"wp","href":"https:\/\/api.w.org\/{rel}","templated":true}]}}