{"id":618255,"date":"2025-12-12T17:51:21","date_gmt":"2025-12-12T23:51:21","guid":{"rendered":"https:\/\/www.zunoticia.com\/noticias-de-hidalgo\/?p=618255"},"modified":"2025-12-12T17:51:22","modified_gmt":"2025-12-12T23:51:22","slug":"realizara-transporte-en-la-huasteca-operativo-durante-fiestas-decembrinas","status":"publish","type":"post","link":"https:\/\/www.zunoticia.com\/noticias-de-hidalgo\/2025\/12\/12\/realizara-transporte-en-la-huasteca-operativo-durante-fiestas-decembrinas\/","title":{"rendered":"Realizar\u00e1 Transporte en la huasteca operativo durante fiestas decembrinas"},"content":{"rendered":"<aside class=\"mashsb-container mashsb-main mashsb-stretched\"><div class=\"mashsb-box\"><div class=\"mashsb-count mash-large\" style=\"float:left\"><div class=\"counts mashsbcount\">0<\/div><span class=\"mashsb-sharetext\">SHARES<\/span><\/div><div class=\"mashsb-buttons\"><a class=\"mashicon-facebook mash-large mash-center mashsb-noshadow\" href=\"https:\/\/www.facebook.com\/sharer.php?u=https%3A%2F%2Fwww.zunoticia.com%2Fnoticias-de-hidalgo%2F2025%2F12%2F12%2Frealizara-transporte-en-la-huasteca-operativo-durante-fiestas-decembrinas%2F\" target=\"_top\" rel=\"nofollow\"><span class=\"icon\"><\/span><span class=\"text\">Share<\/span><\/a><a class=\"mashicon-twitter mash-large mash-center mashsb-noshadow\" href=\"https:\/\/twitter.com\/intent\/tweet?text=&amp;url=https:\/\/www.zunoticia.com\/noticias-de-hidalgo\/2025\/12\/12\/realizara-transporte-en-la-huasteca-operativo-durante-fiestas-decembrinas\/\" target=\"_top\" rel=\"nofollow\"><span class=\"icon\"><\/span><span class=\"text\">Tweet<\/span><\/a><div class=\"onoffswitch2 mash-large mashsb-noshadow\" style=\"display:none\"><\/div><\/div>\n            <\/div>\n                <div style=\"clear:both\"><\/div><div class=\"mashsb-toggle-container\"><\/div><\/aside>\n            <!-- Share buttons by mashshare.net - Version: 4.0.47-->\n<p><em>Por Enedino Hern\u00e1ndez Alonso\/Zunoticia<\/em><\/p>\n\n\n\n<p><strong>Huejutla, Hgo<\/strong>.- La Coordinaci\u00f3n Regional del Transporte en la Huasteca anunci\u00f3 la implementaci\u00f3n de un operativo especial durante las fiestas decembrinas, con el objetivo de atender quejas, denuncias ciudadanas y supervisar la correcta operatividad del transporte p\u00fablico en la regi\u00f3n, as\u00ed lo inform\u00f3 el coordinador regional del Transporte, Omar L\u00f3pez Fern\u00e1ndez.<\/p>\n\n\n\n<p>El funcionario detall\u00f3 que, al igual que en a\u00f1os anteriores, se pondr\u00e1 en marcha un dispositivo de vigilancia con motivo de la Feria de Huejutla, el operativo se realizar\u00e1 del 19 de diciembre del 2025 al 6 de enero de 2026, periodo en el que el personal de la dependencia permanecer\u00e1 atento para garantizar un servicio seguro y eficiente a turistas, paisanos y habitantes que utilizan el transporte p\u00fablico durante estas fechas de alta movilidad.<\/p>\n\n\n\n<p>\u201cVamos a estar supervisando para que quienes acudan al recinto ferial, o en general quienes transiten por la regi\u00f3n de la zona huasteca, encuentren un transporte que cobre lo justo y que est\u00e9 en \u00f3ptimas condiciones\u201d.<\/p>\n\n\n\n<p>Exhorta a usuarios y ciudadan\u00eda a reportar cualquier irregularidad directamente en las instalaciones de la Coordinaci\u00f3n Regional o mediante el n\u00famero telef\u00f3nico oficial, asegurando que el equipo de trabajo permanecer\u00e1 disponible para atender cada reporte.<\/p>\n\n\n\n<p>Asimismo, hizo un llamado a los operadores del transporte p\u00fablico para que brinden un servicio de calidad, evitando pr\u00e1cticas como el cobro excesivo de tarifas, ya que los operativos se realizar\u00e1n tanto en la zona Centro como en la periferia de Huejutla, adem\u00e1s de mantener una vigilancia especial en el recinto ferial durante horarios previamente establecidos.<\/p>\n\n\n\n<p>Finalmente, Omar L\u00f3pez Fern\u00e1ndez reiter\u00f3 que la dependencia se mantendr\u00e1 \u201cde la mano trabajando\u201d durante toda la temporada decembrina con el prop\u00f3sito de asegurar que el servicio de transporte p\u00fablico sea seguro, accesible y responsable para todos los usuarios.<\/p>\n\n\n\n<p><\/p>\n","protected":false},"excerpt":{"rendered":"<p>Por Enedino Hern\u00e1ndez Alonso\/Zunoticia Huejutla, Hgo.- La Coordinaci\u00f3n Regional del Transporte en la Huasteca anunci\u00f3 la implementaci\u00f3n de un operativo especial durante las fiestas decembrinas, con el objetivo de atender quejas, denuncias ciudadanas y supervisar la correcta operatividad del transporte p\u00fablico en la regi\u00f3n, as\u00ed lo inform\u00f3 el coordinador regional del Transporte, Omar L\u00f3pez Fern\u00e1ndez.&hellip; <a class=\"more-link\" href=\"https:\/\/www.zunoticia.com\/noticias-de-hidalgo\/2025\/12\/12\/realizara-transporte-en-la-huasteca-operativo-durante-fiestas-decembrinas\/\">Seguir leyendo <span class=\"screen-reader-text\">Realizar\u00e1 Transporte en la huasteca operativo durante fiestas decembrinas<\/span><\/a><\/p>\n","protected":false},"author":20,"featured_media":618256,"comment_status":"open","ping_status":"open","sticky":false,"template":"","format":"standard","meta":{"rop_custom_images_group":[],"rop_custom_messages_group":[],"rop_publish_now":"initial","rop_publish_now_accounts":{"facebook_10159540855086992_322828327761733":""},"rop_publish_now_history":[],"rop_publish_now_status":"pending","footnotes":""},"categories":[181],"tags":[121],"class_list":["post-618255","post","type-post","status-publish","format-standard","has-post-thumbnail","hentry","category-huejutla","tag-huejutla","entry"],"_links":{"self":[{"href":"https:\/\/www.zunoticia.com\/noticias-de-hidalgo\/wp-json\/wp\/v2\/posts\/618255","targetHints":{"allow":["GET"]}}],"collection":[{"href":"https:\/\/www.zunoticia.com\/noticias-de-hidalgo\/wp-json\/wp\/v2\/posts"}],"about":[{"href":"https:\/\/www.zunoticia.com\/noticias-de-hidalgo\/wp-json\/wp\/v2\/types\/post"}],"author":[{"embeddable":true,"href":"https:\/\/www.zunoticia.com\/noticias-de-hidalgo\/wp-json\/wp\/v2\/users\/20"}],"replies":[{"embeddable":true,"href":"https:\/\/www.zunoticia.com\/noticias-de-hidalgo\/wp-json\/wp\/v2\/comments?post=618255"}],"version-history":[{"count":1,"href":"https:\/\/www.zunoticia.com\/noticias-de-hidalgo\/wp-json\/wp\/v2\/posts\/618255\/revisions"}],"predecessor-version":[{"id":618257,"href":"https:\/\/www.zunoticia.com\/noticias-de-hidalgo\/wp-json\/wp\/v2\/posts\/618255\/revisions\/618257"}],"wp:featuredmedia":[{"embeddable":true,"href":"https:\/\/www.zunoticia.com\/noticias-de-hidalgo\/wp-json\/wp\/v2\/media\/618256"}],"wp:attachment":[{"href":"https:\/\/www.zunoticia.com\/noticias-de-hidalgo\/wp-json\/wp\/v2\/media?parent=618255"}],"wp:term":[{"taxonomy":"category","embeddable":true,"href":"https:\/\/www.zunoticia.com\/noticias-de-hidalgo\/wp-json\/wp\/v2\/categories?post=618255"},{"taxonomy":"post_tag","embeddable":true,"href":"https:\/\/www.zunoticia.com\/noticias-de-hidalgo\/wp-json\/wp\/v2\/tags?post=618255"}],"curies":[{"name":"wp","href":"https:\/\/api.w.org\/{rel}","templated":true}]}}