{"id":620686,"date":"2026-01-02T13:30:04","date_gmt":"2026-01-02T19:30:04","guid":{"rendered":"https:\/\/www.zunoticia.com\/noticias-de-hidalgo\/?p=620686"},"modified":"2026-01-02T13:30:06","modified_gmt":"2026-01-02T19:30:06","slug":"a-reventar-la-feria-de-nochebuena-durante-el-comienzo-del-ano-2026","status":"publish","type":"post","link":"https:\/\/www.zunoticia.com\/noticias-de-hidalgo\/2026\/01\/02\/a-reventar-la-feria-de-nochebuena-durante-el-comienzo-del-ano-2026\/","title":{"rendered":"A reventar la Feria de Nochebuena durante el comienzo del a\u00f1o 2026"},"content":{"rendered":"<aside class=\"mashsb-container mashsb-main mashsb-stretched\"><div class=\"mashsb-box\"><div class=\"mashsb-count mash-large\" style=\"float:left\"><div class=\"counts mashsbcount\">0<\/div><span class=\"mashsb-sharetext\">SHARES<\/span><\/div><div class=\"mashsb-buttons\"><a class=\"mashicon-facebook mash-large mash-center mashsb-noshadow\" href=\"https:\/\/www.facebook.com\/sharer.php?u=https%3A%2F%2Fwww.zunoticia.com%2Fnoticias-de-hidalgo%2F2026%2F01%2F02%2Fa-reventar-la-feria-de-nochebuena-durante-el-comienzo-del-ano-2026%2F\" target=\"_top\" rel=\"nofollow\"><span class=\"icon\"><\/span><span class=\"text\">Share<\/span><\/a><a class=\"mashicon-twitter mash-large mash-center mashsb-noshadow\" href=\"https:\/\/twitter.com\/intent\/tweet?text=&amp;url=https:\/\/www.zunoticia.com\/noticias-de-hidalgo\/2026\/01\/02\/a-reventar-la-feria-de-nochebuena-durante-el-comienzo-del-ano-2026\/\" target=\"_top\" rel=\"nofollow\"><span class=\"icon\"><\/span><span class=\"text\">Tweet<\/span><\/a><div class=\"onoffswitch2 mash-large mashsb-noshadow\" style=\"display:none\"><\/div><\/div>\n            <\/div>\n                <div style=\"clear:both\"><\/div><div class=\"mashsb-toggle-container\"><\/div><\/aside>\n            <!-- Share buttons by mashshare.net - Version: 4.0.47-->\n<p><em>Por Gabriela Hern\u00e1ndez\/Zunoticia<\/em><\/p>\n\n\n\n<p><strong>Huejutla, Hgo<\/strong>.- La Feria de Nochebuena en Huejutla, inici\u00f3 el a\u00f1o 2026, cerrando el 2025 con gran afluencia de visitantes desde su arranque el pasado 19 de diciembre, atrayendo a familias locales y turistas a la huasteca hidalguense.<\/p>\n\n\n\n<p>Durante el comienzo del a\u00f1o, a primeras horas del d\u00eda del jueves 01 de enero, comenz\u00f3 el arribo de personas al recinto ferial, provocando largas filas de autom\u00f3viles para su acceso, los estacionamientos p\u00fablicos se vieron abarrotados y hasta el tope, algunos conductores tuvieron la necesidad de aparcarse en zonas cercanas al lugar.<\/p>\n\n\n\n<p>Por la noche se registr\u00f3 mayor flujo de visitantes, para disfrutar de tradiciones, diversi\u00f3n y seguridad, lo que gener\u00f3 un alta en el transporte p\u00fablico y una importante derrama econ\u00f3mica para los diferentes puestos establecidos; los pasillos lucieron completamente llenos, a pesar de que durante este d\u00eda no se present\u00f3 ning\u00fan grupo musical.<\/p>\n\n\n\n<p>A unos cuantos d\u00edas de concluir la edici\u00f3n de la Feria de Nochebuena se ha tenido una excelente respuesta, consolid\u00e1ndose como un evento clave en la regi\u00f3n, para los pr\u00f3ximos d\u00edas se espera un lleno total con las prestaciones del tr\u00edo Aurora Hidalguense, la lucha libre y el show infantil.<\/p>\n\n\n\n<p>Cabe se\u00f1alar que el evento se destaca por la seguridad y la alegr\u00eda para disfrutar en familia, uniendo m\u00fasica, tradici\u00f3n y cultura.<\/p>\n","protected":false},"excerpt":{"rendered":"<p>Por Gabriela Hern\u00e1ndez\/Zunoticia Huejutla, Hgo.- La Feria de Nochebuena en Huejutla, inici\u00f3 el a\u00f1o 2026, cerrando el 2025 con gran afluencia de visitantes desde su arranque el pasado 19 de diciembre, atrayendo a familias locales y turistas a la huasteca hidalguense. Durante el comienzo del a\u00f1o, a primeras horas del d\u00eda del jueves 01 de&hellip; <a class=\"more-link\" href=\"https:\/\/www.zunoticia.com\/noticias-de-hidalgo\/2026\/01\/02\/a-reventar-la-feria-de-nochebuena-durante-el-comienzo-del-ano-2026\/\">Seguir leyendo <span class=\"screen-reader-text\">A reventar la Feria de Nochebuena durante el comienzo del a\u00f1o 2026<\/span><\/a><\/p>\n","protected":false},"author":20,"featured_media":620687,"comment_status":"open","ping_status":"open","sticky":false,"template":"","format":"standard","meta":{"rop_custom_images_group":[],"rop_custom_messages_group":[],"rop_publish_now":"initial","rop_publish_now_accounts":{"facebook_10159540855086992_322828327761733":""},"rop_publish_now_history":[],"rop_publish_now_status":"pending","footnotes":""},"categories":[181],"tags":[121],"class_list":["post-620686","post","type-post","status-publish","format-standard","has-post-thumbnail","hentry","category-huejutla","tag-huejutla","entry"],"_links":{"self":[{"href":"https:\/\/www.zunoticia.com\/noticias-de-hidalgo\/wp-json\/wp\/v2\/posts\/620686","targetHints":{"allow":["GET"]}}],"collection":[{"href":"https:\/\/www.zunoticia.com\/noticias-de-hidalgo\/wp-json\/wp\/v2\/posts"}],"about":[{"href":"https:\/\/www.zunoticia.com\/noticias-de-hidalgo\/wp-json\/wp\/v2\/types\/post"}],"author":[{"embeddable":true,"href":"https:\/\/www.zunoticia.com\/noticias-de-hidalgo\/wp-json\/wp\/v2\/users\/20"}],"replies":[{"embeddable":true,"href":"https:\/\/www.zunoticia.com\/noticias-de-hidalgo\/wp-json\/wp\/v2\/comments?post=620686"}],"version-history":[{"count":1,"href":"https:\/\/www.zunoticia.com\/noticias-de-hidalgo\/wp-json\/wp\/v2\/posts\/620686\/revisions"}],"predecessor-version":[{"id":620688,"href":"https:\/\/www.zunoticia.com\/noticias-de-hidalgo\/wp-json\/wp\/v2\/posts\/620686\/revisions\/620688"}],"wp:featuredmedia":[{"embeddable":true,"href":"https:\/\/www.zunoticia.com\/noticias-de-hidalgo\/wp-json\/wp\/v2\/media\/620687"}],"wp:attachment":[{"href":"https:\/\/www.zunoticia.com\/noticias-de-hidalgo\/wp-json\/wp\/v2\/media?parent=620686"}],"wp:term":[{"taxonomy":"category","embeddable":true,"href":"https:\/\/www.zunoticia.com\/noticias-de-hidalgo\/wp-json\/wp\/v2\/categories?post=620686"},{"taxonomy":"post_tag","embeddable":true,"href":"https:\/\/www.zunoticia.com\/noticias-de-hidalgo\/wp-json\/wp\/v2\/tags?post=620686"}],"curies":[{"name":"wp","href":"https:\/\/api.w.org\/{rel}","templated":true}]}}