{"id":620787,"date":"2026-01-03T10:28:37","date_gmt":"2026-01-03T16:28:37","guid":{"rendered":"https:\/\/www.zunoticia.com\/noticias-de-hidalgo\/?p=620787"},"modified":"2026-01-03T10:28:40","modified_gmt":"2026-01-03T16:28:40","slug":"anticipan-una-situacion-economica-dificil-en-los-primeros-meses-del-2026","status":"publish","type":"post","link":"https:\/\/www.zunoticia.com\/noticias-de-hidalgo\/2026\/01\/03\/anticipan-una-situacion-economica-dificil-en-los-primeros-meses-del-2026\/","title":{"rendered":"Anticipan una situaci\u00f3n econ\u00f3mica dif\u00edcil en los primeros meses del 2026"},"content":{"rendered":"<aside class=\"mashsb-container mashsb-main mashsb-stretched\"><div class=\"mashsb-box\"><div class=\"mashsb-count mash-large\" style=\"float:left\"><div class=\"counts mashsbcount\">0<\/div><span class=\"mashsb-sharetext\">SHARES<\/span><\/div><div class=\"mashsb-buttons\"><a class=\"mashicon-facebook mash-large mash-center mashsb-noshadow\" href=\"https:\/\/www.facebook.com\/sharer.php?u=https%3A%2F%2Fwww.zunoticia.com%2Fnoticias-de-hidalgo%2F2026%2F01%2F03%2Fanticipan-una-situacion-economica-dificil-en-los-primeros-meses-del-2026%2F\" target=\"_top\" rel=\"nofollow\"><span class=\"icon\"><\/span><span class=\"text\">Share<\/span><\/a><a class=\"mashicon-twitter mash-large mash-center mashsb-noshadow\" href=\"https:\/\/twitter.com\/intent\/tweet?text=&amp;url=https:\/\/www.zunoticia.com\/noticias-de-hidalgo\/2026\/01\/03\/anticipan-una-situacion-economica-dificil-en-los-primeros-meses-del-2026\/\" target=\"_top\" rel=\"nofollow\"><span class=\"icon\"><\/span><span class=\"text\">Tweet<\/span><\/a><div class=\"onoffswitch2 mash-large mashsb-noshadow\" style=\"display:none\"><\/div><\/div>\n            <\/div>\n                <div style=\"clear:both\"><\/div><div class=\"mashsb-toggle-container\"><\/div><\/aside>\n            <!-- Share buttons by mashshare.net - Version: 4.0.47-->\n<p><em>Por Enedino Hern\u00e1ndez Alonso\/Zunoticia<\/em><\/p>\n\n\n\n<p><strong>Huejutla, Hidalgo.- <\/strong>El vicepresidente de la Asociaci\u00f3n de Abogados de la Huasteca Hidalguense, licenciado Juan Fern\u00e1ndez Rojas, advierte que para los primeros meses del a\u00f1o 2026 se prev\u00e9 una situaci\u00f3n econ\u00f3mica complicada para la mayor\u00eda de la poblaci\u00f3n, derivada de diversos factores que impactar\u00e1n directamente en el bolsillo de las familias.<\/p>\n\n\n\n<p>Se\u00f1ala que el inicio del nuevo a\u00f1o podr\u00eda estar marcado por una crisis econ\u00f3mica, motivada por el incremento salarial, la baja en la producci\u00f3n, el desempleo y el fuerte gasto que realizaron muchas personas durante las festividades decembrinas, lo cual deja a la ciudadan\u00eda con una econom\u00eda debilitada.<\/p>\n\n\n\n<p>Indica que uno de los principales efectos ser\u00e1 el incremento en los precios de los productos de la canasta b\u00e1sica, situaci\u00f3n que afecta con mayor intensidad a la clase media y baja, sectores que destinan la mayor parte de sus ingresos a la adquisici\u00f3n de alimentos y art\u00edculos de primera necesidad.<\/p>\n\n\n\n<p>Ante este panorama, Juan Fern\u00e1ndez Rojas, recomienda a la poblaci\u00f3n a prepararse con anticipaci\u00f3n, cuidar el gasto, administrar de mejor manera los recursos econ\u00f3micos y fomentar el ahorro, a fin de poder enfrentar los primeros tres meses del a\u00f1o, periodo que califica como el m\u00e1s complicado.<\/p>\n\n\n\n<p>A\u00f1ade que de acuerdo con experiencias de a\u00f1os anteriores, la situaci\u00f3n econ\u00f3mica suele regularizarse gradualmente despu\u00e9s de los meses de marzo y abril, cuando comienza a observarse una ligera mejor\u00eda; sin embargo, insiste en que durante el arranque del a\u00f1o es necesario extremar precauciones.<\/p>\n\n\n\n<p>Explica que el aumento salarial tambi\u00e9n genera un efecto en cadena, ya que empresarios y comerciantes elevan los precios de productos y servicios, incluidos los combustibles, impuestos y costos de transporte, lo que encarece los art\u00edculos b\u00e1sicos que se adquieren de manera constante. <\/p>\n\n\n\n<p>Juan Fern\u00e1ndez Rojas, concluye que la canasta b\u00e1sica debe comprarse al menos cada ocho d\u00edas, lo cual termina por minar a\u00fan m\u00e1s la econom\u00eda de los hogares, por ello es importante que todos se mantengan debidamente preparados.<\/p>\n","protected":false},"excerpt":{"rendered":"<p>Por Enedino Hern\u00e1ndez Alonso\/Zunoticia Huejutla, Hidalgo.- El vicepresidente de la Asociaci\u00f3n de Abogados de la Huasteca Hidalguense, licenciado Juan Fern\u00e1ndez Rojas, advierte que para los primeros meses del a\u00f1o 2026 se prev\u00e9 una situaci\u00f3n econ\u00f3mica complicada para la mayor\u00eda de la poblaci\u00f3n, derivada de diversos factores que impactar\u00e1n directamente en el bolsillo de las familias.&hellip; <a class=\"more-link\" href=\"https:\/\/www.zunoticia.com\/noticias-de-hidalgo\/2026\/01\/03\/anticipan-una-situacion-economica-dificil-en-los-primeros-meses-del-2026\/\">Seguir leyendo <span class=\"screen-reader-text\">Anticipan una situaci\u00f3n econ\u00f3mica dif\u00edcil en los primeros meses del 2026<\/span><\/a><\/p>\n","protected":false},"author":22,"featured_media":620788,"comment_status":"open","ping_status":"open","sticky":false,"template":"","format":"standard","meta":{"rop_custom_images_group":[],"rop_custom_messages_group":[],"rop_publish_now":"initial","rop_publish_now_accounts":{"facebook_10159540855086992_322828327761733":""},"rop_publish_now_history":[],"rop_publish_now_status":"pending","footnotes":""},"categories":[181],"tags":[121],"class_list":["post-620787","post","type-post","status-publish","format-standard","has-post-thumbnail","hentry","category-huejutla","tag-huejutla","entry"],"_links":{"self":[{"href":"https:\/\/www.zunoticia.com\/noticias-de-hidalgo\/wp-json\/wp\/v2\/posts\/620787","targetHints":{"allow":["GET"]}}],"collection":[{"href":"https:\/\/www.zunoticia.com\/noticias-de-hidalgo\/wp-json\/wp\/v2\/posts"}],"about":[{"href":"https:\/\/www.zunoticia.com\/noticias-de-hidalgo\/wp-json\/wp\/v2\/types\/post"}],"author":[{"embeddable":true,"href":"https:\/\/www.zunoticia.com\/noticias-de-hidalgo\/wp-json\/wp\/v2\/users\/22"}],"replies":[{"embeddable":true,"href":"https:\/\/www.zunoticia.com\/noticias-de-hidalgo\/wp-json\/wp\/v2\/comments?post=620787"}],"version-history":[{"count":1,"href":"https:\/\/www.zunoticia.com\/noticias-de-hidalgo\/wp-json\/wp\/v2\/posts\/620787\/revisions"}],"predecessor-version":[{"id":620789,"href":"https:\/\/www.zunoticia.com\/noticias-de-hidalgo\/wp-json\/wp\/v2\/posts\/620787\/revisions\/620789"}],"wp:featuredmedia":[{"embeddable":true,"href":"https:\/\/www.zunoticia.com\/noticias-de-hidalgo\/wp-json\/wp\/v2\/media\/620788"}],"wp:attachment":[{"href":"https:\/\/www.zunoticia.com\/noticias-de-hidalgo\/wp-json\/wp\/v2\/media?parent=620787"}],"wp:term":[{"taxonomy":"category","embeddable":true,"href":"https:\/\/www.zunoticia.com\/noticias-de-hidalgo\/wp-json\/wp\/v2\/categories?post=620787"},{"taxonomy":"post_tag","embeddable":true,"href":"https:\/\/www.zunoticia.com\/noticias-de-hidalgo\/wp-json\/wp\/v2\/tags?post=620787"}],"curies":[{"name":"wp","href":"https:\/\/api.w.org\/{rel}","templated":true}]}}