{"id":620813,"date":"2026-01-03T15:09:13","date_gmt":"2026-01-03T21:09:13","guid":{"rendered":"https:\/\/www.zunoticia.com\/noticias-de-hidalgo\/?p=620813"},"modified":"2026-01-03T15:09:16","modified_gmt":"2026-01-03T21:09:16","slug":"estudiante-de-utvam-gana-primer-lugar-en-declamacion","status":"publish","type":"post","link":"https:\/\/www.zunoticia.com\/noticias-de-hidalgo\/2026\/01\/03\/estudiante-de-utvam-gana-primer-lugar-en-declamacion\/","title":{"rendered":"Estudiante de UTVAM gana primer lugar en declamaci\u00f3n"},"content":{"rendered":"<aside class=\"mashsb-container mashsb-main mashsb-stretched\"><div class=\"mashsb-box\"><div class=\"mashsb-count mash-large\" style=\"float:left\"><div class=\"counts mashsbcount\">0<\/div><span class=\"mashsb-sharetext\">SHARES<\/span><\/div><div class=\"mashsb-buttons\"><a class=\"mashicon-facebook mash-large mash-center mashsb-noshadow\" href=\"https:\/\/www.facebook.com\/sharer.php?u=https%3A%2F%2Fwww.zunoticia.com%2Fnoticias-de-hidalgo%2F2026%2F01%2F03%2Festudiante-de-utvam-gana-primer-lugar-en-declamacion%2F\" target=\"_top\" rel=\"nofollow\"><span class=\"icon\"><\/span><span class=\"text\">Share<\/span><\/a><a class=\"mashicon-twitter mash-large mash-center mashsb-noshadow\" href=\"https:\/\/twitter.com\/intent\/tweet?text=&amp;url=https:\/\/www.zunoticia.com\/noticias-de-hidalgo\/2026\/01\/03\/estudiante-de-utvam-gana-primer-lugar-en-declamacion\/\" target=\"_top\" rel=\"nofollow\"><span class=\"icon\"><\/span><span class=\"text\">Tweet<\/span><\/a><div class=\"onoffswitch2 mash-large mashsb-noshadow\" style=\"display:none\"><\/div><\/div>\n            <\/div>\n                <div style=\"clear:both\"><\/div><div class=\"mashsb-toggle-container\"><\/div><\/aside>\n            <!-- Share buttons by mashshare.net - Version: 4.0.47-->\n<ul class=\"wp-block-list\">\n<li>Gerardo Uriel destac\u00f3 por su talento y disciplina en la interpretaci\u00f3n de poes\u00eda en voz alta<\/li>\n<\/ul>\n\n\n\n<p><em>Por Redacci\u00f3n\/Zunoticia<\/em><\/p>\n\n\n\n<p><strong>Pachuca de Soto, Hgo<\/strong>.- Gerardo Uriel Soria, estudiante de la Universidad Tecnol\u00f3gica del Valle de M\u00e9xico (UTVAM), obtuvo el primer lugar en la categor\u00eda de declamaci\u00f3n durante el Segundo Encuentro Regional Cultural y Deportivo, consolidando su talento en la interpretaci\u00f3n de poes\u00eda en voz alta.<\/p>\n\n\n\n<p>El reconocimiento refleja a\u00f1os de constancia y preparaci\u00f3n: desde 2019, Gerardo ha participado en talleres, cursos y presentaciones literarias que han fortalecido su t\u00e9cnica vocal y expresividad.&nbsp;<\/p>\n\n\n\n<p>En 2024, Gerardo inici\u00f3 formalmente su trayectoria en la declamaci\u00f3n al participar por primera vez en el Festival Internacional de Poes\u00eda Ignacio Rodr\u00edguez Galv\u00e1n. Posteriormente, tom\u00f3 parte en un evento de talentos j\u00f3venes en Tizayuca, donde reafirm\u00f3 su pasi\u00f3n por la interpretaci\u00f3n de poes\u00eda en voz alta. De manera paralela, realiz\u00f3 un curso de locuci\u00f3n en l\u00ednea que fortaleci\u00f3 su t\u00e9cnica vocal.<\/p>\n\n\n\n<p>A finales de 2024 y durante gran parte de 2025, form\u00f3 parte del taller de Oratoria del municipio de Tizayuca, donde actu\u00f3 tanto como participante como asesor en formaci\u00f3n. Ese mismo a\u00f1o regres\u00f3 al Festival Rodr\u00edguez Galv\u00e1n, evidenciando una evoluci\u00f3n notable en su estilo interpretativo.<\/p>\n\n\n\n<figure class=\"wp-block-image size-full\"><img fetchpriority=\"high\" decoding=\"async\" width=\"933\" height=\"524\" src=\"https:\/\/www.zunoticia.com\/noticias-de-hidalgo\/wp-content\/uploads\/2026\/01\/Zunoticia-Huejutla-1-9.png\" alt=\"\" class=\"wp-image-620815\" srcset=\"https:\/\/www.zunoticia.com\/noticias-de-hidalgo\/wp-content\/uploads\/2026\/01\/Zunoticia-Huejutla-1-9.png 933w, https:\/\/www.zunoticia.com\/noticias-de-hidalgo\/wp-content\/uploads\/2026\/01\/Zunoticia-Huejutla-1-9-300x168.png 300w, https:\/\/www.zunoticia.com\/noticias-de-hidalgo\/wp-content\/uploads\/2026\/01\/Zunoticia-Huejutla-1-9-768x431.png 768w\" sizes=\"(max-width: 933px) 100vw, 933px\" \/><\/figure>\n\n\n\n<p>M\u00e1s tarde, complet\u00f3 su preparaci\u00f3n con el curso de <em>Oratoria y Ret\u00f3rica Moderna,<\/em> impartido por COPARMEX, lo que fortaleci\u00f3 su t\u00e9cnica vocal, el ritmo, la interpretaci\u00f3n y la presencia esc\u00e9nica.<\/p>\n\n\n\n<p>La rectora de la UTVAM, Nadia Flores Mel\u00e9ndez, destac\u00f3 su compromiso y disciplina, y se\u00f1al\u00f3 que su \u00e9xito no solo lo distingue dentro de la comunidad universitaria, sino que tambi\u00e9n inspira a sus compa\u00f1eros, demostrando que la constancia y la pasi\u00f3n por la palabra hablada pueden convertir retos en logros de excelencia.<\/p>\n\n\n\n<p><\/p>\n","protected":false},"excerpt":{"rendered":"<p>Por Redacci\u00f3n\/Zunoticia Pachuca de Soto, Hgo.- Gerardo Uriel Soria, estudiante de la Universidad Tecnol\u00f3gica del Valle de M\u00e9xico (UTVAM), obtuvo el primer lugar en la categor\u00eda de declamaci\u00f3n durante el Segundo Encuentro Regional Cultural y Deportivo, consolidando su talento en la interpretaci\u00f3n de poes\u00eda en voz alta. El reconocimiento refleja a\u00f1os de constancia y preparaci\u00f3n:&hellip; <a class=\"more-link\" href=\"https:\/\/www.zunoticia.com\/noticias-de-hidalgo\/2026\/01\/03\/estudiante-de-utvam-gana-primer-lugar-en-declamacion\/\">Seguir leyendo <span class=\"screen-reader-text\">Estudiante de UTVAM gana primer lugar en declamaci\u00f3n<\/span><\/a><\/p>\n","protected":false},"author":20,"featured_media":620814,"comment_status":"open","ping_status":"open","sticky":false,"template":"","format":"standard","meta":{"rop_custom_images_group":[],"rop_custom_messages_group":[],"rop_publish_now":"initial","rop_publish_now_accounts":{"facebook_10159540855086992_322828327761733":""},"rop_publish_now_history":[],"rop_publish_now_status":"pending","footnotes":""},"categories":[208],"tags":[214],"class_list":["post-620813","post","type-post","status-publish","format-standard","has-post-thumbnail","hentry","category-estado","tag-estado","entry"],"_links":{"self":[{"href":"https:\/\/www.zunoticia.com\/noticias-de-hidalgo\/wp-json\/wp\/v2\/posts\/620813","targetHints":{"allow":["GET"]}}],"collection":[{"href":"https:\/\/www.zunoticia.com\/noticias-de-hidalgo\/wp-json\/wp\/v2\/posts"}],"about":[{"href":"https:\/\/www.zunoticia.com\/noticias-de-hidalgo\/wp-json\/wp\/v2\/types\/post"}],"author":[{"embeddable":true,"href":"https:\/\/www.zunoticia.com\/noticias-de-hidalgo\/wp-json\/wp\/v2\/users\/20"}],"replies":[{"embeddable":true,"href":"https:\/\/www.zunoticia.com\/noticias-de-hidalgo\/wp-json\/wp\/v2\/comments?post=620813"}],"version-history":[{"count":1,"href":"https:\/\/www.zunoticia.com\/noticias-de-hidalgo\/wp-json\/wp\/v2\/posts\/620813\/revisions"}],"predecessor-version":[{"id":620816,"href":"https:\/\/www.zunoticia.com\/noticias-de-hidalgo\/wp-json\/wp\/v2\/posts\/620813\/revisions\/620816"}],"wp:featuredmedia":[{"embeddable":true,"href":"https:\/\/www.zunoticia.com\/noticias-de-hidalgo\/wp-json\/wp\/v2\/media\/620814"}],"wp:attachment":[{"href":"https:\/\/www.zunoticia.com\/noticias-de-hidalgo\/wp-json\/wp\/v2\/media?parent=620813"}],"wp:term":[{"taxonomy":"category","embeddable":true,"href":"https:\/\/www.zunoticia.com\/noticias-de-hidalgo\/wp-json\/wp\/v2\/categories?post=620813"},{"taxonomy":"post_tag","embeddable":true,"href":"https:\/\/www.zunoticia.com\/noticias-de-hidalgo\/wp-json\/wp\/v2\/tags?post=620813"}],"curies":[{"name":"wp","href":"https:\/\/api.w.org\/{rel}","templated":true}]}}