{"id":620831,"date":"2026-01-03T16:48:07","date_gmt":"2026-01-03T22:48:07","guid":{"rendered":"https:\/\/www.zunoticia.com\/noticias-de-hidalgo\/?p=620831"},"modified":"2026-01-03T16:48:09","modified_gmt":"2026-01-03T22:48:09","slug":"reconocen-trayectoria-literaria-de-la-maestra-salustia-pacheco","status":"publish","type":"post","link":"https:\/\/www.zunoticia.com\/noticias-de-hidalgo\/2026\/01\/03\/reconocen-trayectoria-literaria-de-la-maestra-salustia-pacheco\/","title":{"rendered":"Reconocen trayectoria literaria de la maestra Salustia Pacheco"},"content":{"rendered":"<aside class=\"mashsb-container mashsb-main mashsb-stretched\"><div class=\"mashsb-box\"><div class=\"mashsb-count mash-large\" style=\"float:left\"><div class=\"counts mashsbcount\">0<\/div><span class=\"mashsb-sharetext\">SHARES<\/span><\/div><div class=\"mashsb-buttons\"><a class=\"mashicon-facebook mash-large mash-center mashsb-noshadow\" href=\"https:\/\/www.facebook.com\/sharer.php?u=https%3A%2F%2Fwww.zunoticia.com%2Fnoticias-de-hidalgo%2F2026%2F01%2F03%2Freconocen-trayectoria-literaria-de-la-maestra-salustia-pacheco%2F\" target=\"_top\" rel=\"nofollow\"><span class=\"icon\"><\/span><span class=\"text\">Share<\/span><\/a><a class=\"mashicon-twitter mash-large mash-center mashsb-noshadow\" href=\"https:\/\/twitter.com\/intent\/tweet?text=&amp;url=https:\/\/www.zunoticia.com\/noticias-de-hidalgo\/2026\/01\/03\/reconocen-trayectoria-literaria-de-la-maestra-salustia-pacheco\/\" target=\"_top\" rel=\"nofollow\"><span class=\"icon\"><\/span><span class=\"text\">Tweet<\/span><\/a><div class=\"onoffswitch2 mash-large mashsb-noshadow\" style=\"display:none\"><\/div><\/div>\n            <\/div>\n                <div style=\"clear:both\"><\/div><div class=\"mashsb-toggle-container\"><\/div><\/aside>\n            <!-- Share buttons by mashshare.net - Version: 4.0.47-->\n<p><em>Por Karen Rivera \/ Zunoticia<\/em><\/p>\n\n\n\n<p><strong>Huejutla de Reyes, Hgo<\/strong>.- La Real Academia Internacional del Arte y la Literatura otorg\u00f3 un galard\u00f3n a la maestra Salustia Pacheco Hern\u00e1ndez, en reconocimiento a su compromiso y destacada labor dentro del \u00e1mbito literario.<\/p>\n\n\n\n<p>El galard\u00f3n especial a la creaci\u00f3n literaria \u201cAm\u00e9rica del R\u00edo\u201d le fue conferido el pasado 26 de diciembre de 2025, destacando su ardua participaci\u00f3n en la promoci\u00f3n de la cultura y la literatura, as\u00ed como su contribuci\u00f3n al fortalecimiento de las expresiones art\u00edsticas a trav\u00e9s de la palabra escrita.<\/p>\n\n\n\n<figure class=\"wp-block-image size-large\"><img fetchpriority=\"high\" decoding=\"async\" width=\"1024\" height=\"724\" src=\"https:\/\/www.zunoticia.com\/noticias-de-hidalgo\/wp-content\/uploads\/2026\/01\/WhatsApp-Image-2026-01-03-at-4.44.46-PM-1024x724.jpeg\" alt=\"\" class=\"wp-image-620833\" srcset=\"https:\/\/www.zunoticia.com\/noticias-de-hidalgo\/wp-content\/uploads\/2026\/01\/WhatsApp-Image-2026-01-03-at-4.44.46-PM-1024x724.jpeg 1024w, https:\/\/www.zunoticia.com\/noticias-de-hidalgo\/wp-content\/uploads\/2026\/01\/WhatsApp-Image-2026-01-03-at-4.44.46-PM-300x212.jpeg 300w, https:\/\/www.zunoticia.com\/noticias-de-hidalgo\/wp-content\/uploads\/2026\/01\/WhatsApp-Image-2026-01-03-at-4.44.46-PM-768x543.jpeg 768w, https:\/\/www.zunoticia.com\/noticias-de-hidalgo\/wp-content\/uploads\/2026\/01\/WhatsApp-Image-2026-01-03-at-4.44.46-PM-1536x1086.jpeg 1536w, https:\/\/www.zunoticia.com\/noticias-de-hidalgo\/wp-content\/uploads\/2026\/01\/WhatsApp-Image-2026-01-03-at-4.44.46-PM-1568x1108.jpeg 1568w, https:\/\/www.zunoticia.com\/noticias-de-hidalgo\/wp-content\/uploads\/2026\/01\/WhatsApp-Image-2026-01-03-at-4.44.46-PM.jpeg 1600w\" sizes=\"(max-width: 1024px) 100vw, 1024px\" \/><\/figure>\n\n\n\n<p>Durante la entrega del reconocimiento, se resalt\u00f3 la trayectoria de la escritora y su constante trabajo en favor de la difusi\u00f3n literaria, convirti\u00e9ndose en una referente cultural dentro y fuera de la regi\u00f3n.<\/p>\n\n\n\n<p>Por su parte, la poeta Salustia Pacheco Hern\u00e1ndez agradeci\u00f3 este merecimiento y expres\u00f3 que continuar\u00e1 promoviendo el arte literario en beneficio de la cultura n\u00e1huatl, reafirmando su compromiso con la preservaci\u00f3n y difusi\u00f3n de las ra\u00edces culturales a trav\u00e9s de la literatura.<\/p>\n","protected":false},"excerpt":{"rendered":"<p>Por Karen Rivera \/ Zunoticia Huejutla de Reyes, Hgo.- La Real Academia Internacional del Arte y la Literatura otorg\u00f3 un galard\u00f3n a la maestra Salustia Pacheco Hern\u00e1ndez, en reconocimiento a su compromiso y destacada labor dentro del \u00e1mbito literario. El galard\u00f3n especial a la creaci\u00f3n literaria \u201cAm\u00e9rica del R\u00edo\u201d le fue conferido el pasado 26&hellip; <a class=\"more-link\" href=\"https:\/\/www.zunoticia.com\/noticias-de-hidalgo\/2026\/01\/03\/reconocen-trayectoria-literaria-de-la-maestra-salustia-pacheco\/\">Seguir leyendo <span class=\"screen-reader-text\">Reconocen trayectoria literaria de la maestra Salustia Pacheco<\/span><\/a><\/p>\n","protected":false},"author":20,"featured_media":620832,"comment_status":"open","ping_status":"open","sticky":false,"template":"","format":"standard","meta":{"rop_custom_images_group":[],"rop_custom_messages_group":[],"rop_publish_now":"initial","rop_publish_now_accounts":{"facebook_10159540855086992_322828327761733":""},"rop_publish_now_history":[],"rop_publish_now_status":"pending","footnotes":""},"categories":[181],"tags":[121],"class_list":["post-620831","post","type-post","status-publish","format-standard","has-post-thumbnail","hentry","category-huejutla","tag-huejutla","entry"],"_links":{"self":[{"href":"https:\/\/www.zunoticia.com\/noticias-de-hidalgo\/wp-json\/wp\/v2\/posts\/620831","targetHints":{"allow":["GET"]}}],"collection":[{"href":"https:\/\/www.zunoticia.com\/noticias-de-hidalgo\/wp-json\/wp\/v2\/posts"}],"about":[{"href":"https:\/\/www.zunoticia.com\/noticias-de-hidalgo\/wp-json\/wp\/v2\/types\/post"}],"author":[{"embeddable":true,"href":"https:\/\/www.zunoticia.com\/noticias-de-hidalgo\/wp-json\/wp\/v2\/users\/20"}],"replies":[{"embeddable":true,"href":"https:\/\/www.zunoticia.com\/noticias-de-hidalgo\/wp-json\/wp\/v2\/comments?post=620831"}],"version-history":[{"count":1,"href":"https:\/\/www.zunoticia.com\/noticias-de-hidalgo\/wp-json\/wp\/v2\/posts\/620831\/revisions"}],"predecessor-version":[{"id":620834,"href":"https:\/\/www.zunoticia.com\/noticias-de-hidalgo\/wp-json\/wp\/v2\/posts\/620831\/revisions\/620834"}],"wp:featuredmedia":[{"embeddable":true,"href":"https:\/\/www.zunoticia.com\/noticias-de-hidalgo\/wp-json\/wp\/v2\/media\/620832"}],"wp:attachment":[{"href":"https:\/\/www.zunoticia.com\/noticias-de-hidalgo\/wp-json\/wp\/v2\/media?parent=620831"}],"wp:term":[{"taxonomy":"category","embeddable":true,"href":"https:\/\/www.zunoticia.com\/noticias-de-hidalgo\/wp-json\/wp\/v2\/categories?post=620831"},{"taxonomy":"post_tag","embeddable":true,"href":"https:\/\/www.zunoticia.com\/noticias-de-hidalgo\/wp-json\/wp\/v2\/tags?post=620831"}],"curies":[{"name":"wp","href":"https:\/\/api.w.org\/{rel}","templated":true}]}}