{"id":620838,"date":"2026-01-03T17:41:05","date_gmt":"2026-01-03T23:41:05","guid":{"rendered":"https:\/\/www.zunoticia.com\/noticias-de-hidalgo\/?p=620838"},"modified":"2026-01-03T17:41:07","modified_gmt":"2026-01-03T23:41:07","slug":"camioneta-se-salio-del-camino-en-la-mexico-tampico-2","status":"publish","type":"post","link":"https:\/\/www.zunoticia.com\/noticias-de-hidalgo\/2026\/01\/03\/camioneta-se-salio-del-camino-en-la-mexico-tampico-2\/","title":{"rendered":"Camioneta se sali\u00f3 del camino en la M\u00e9xico-Tampico"},"content":{"rendered":"<aside class=\"mashsb-container mashsb-main mashsb-stretched\"><div class=\"mashsb-box\"><div class=\"mashsb-count mash-large\" style=\"float:left\"><div class=\"counts mashsbcount\">0<\/div><span class=\"mashsb-sharetext\">SHARES<\/span><\/div><div class=\"mashsb-buttons\"><a class=\"mashicon-facebook mash-large mash-center mashsb-noshadow\" href=\"https:\/\/www.facebook.com\/sharer.php?u=https%3A%2F%2Fwww.zunoticia.com%2Fnoticias-de-hidalgo%2F2026%2F01%2F03%2Fcamioneta-se-salio-del-camino-en-la-mexico-tampico-2%2F\" target=\"_top\" rel=\"nofollow\"><span class=\"icon\"><\/span><span class=\"text\">Share<\/span><\/a><a class=\"mashicon-twitter mash-large mash-center mashsb-noshadow\" href=\"https:\/\/twitter.com\/intent\/tweet?text=&amp;url=https:\/\/www.zunoticia.com\/noticias-de-hidalgo\/2026\/01\/03\/camioneta-se-salio-del-camino-en-la-mexico-tampico-2\/\" target=\"_top\" rel=\"nofollow\"><span class=\"icon\"><\/span><span class=\"text\">Tweet<\/span><\/a><div class=\"onoffswitch2 mash-large mashsb-noshadow\" style=\"display:none\"><\/div><\/div>\n            <\/div>\n                <div style=\"clear:both\"><\/div><div class=\"mashsb-toggle-container\"><\/div><\/aside>\n            <!-- Share buttons by mashshare.net - Version: 4.0.47-->\n<p><em>Por Roberto Ram\u00edrez\/Zunoticia<\/em><\/p>\n\n\n\n<p><strong>Plat\u00f3n S\u00e1nchez, Ver.<\/strong> &#8211; Ante una presunta falla mec\u00e1nica, el conductor de una camioneta sufri\u00f3 una salida de camino sobre la v\u00eda federal M\u00e9xico-Tampico, report\u00e1ndose s\u00f3lo da\u00f1os materiales; al lugar automovilistas y transe\u00fantes pidieron la intervenci\u00f3n de las autoridades policiacas.<\/p>\n\n\n\n<p>El accidente ocurri\u00f3 en las inmediaciones de lugar conocido como La Quebradora, el ch\u00f3fer al llegar a ese tramo se sali\u00f3 del camino, la camioneta se da\u00f1\u00f3 en la parte frontal, mientras que \u00e9ste solo sufri\u00f3 golpes y dem\u00e1s contusiones en su cuerpo.<\/p>\n\n\n\n<p>Al lugar llegaron polic\u00edas municipales para auxiliar al conductor, as\u00ed mismo solicitaron la presencia la Guardia Nacional Carreteras, que luego de las indagatorias solicitaron la presencia de gr\u00faas para sacar esta unidad incorpor\u00e1ndola sobre la carretera y ser llevada al corral\u00f3n.<\/p>\n","protected":false},"excerpt":{"rendered":"<p>Por Roberto Ram\u00edrez\/Zunoticia Plat\u00f3n S\u00e1nchez, Ver. &#8211; Ante una presunta falla mec\u00e1nica, el conductor de una camioneta sufri\u00f3 una salida de camino sobre la v\u00eda federal M\u00e9xico-Tampico, report\u00e1ndose s\u00f3lo da\u00f1os materiales; al lugar automovilistas y transe\u00fantes pidieron la intervenci\u00f3n de las autoridades policiacas. El accidente ocurri\u00f3 en las inmediaciones de lugar conocido como La Quebradora,&hellip; <a class=\"more-link\" href=\"https:\/\/www.zunoticia.com\/noticias-de-hidalgo\/2026\/01\/03\/camioneta-se-salio-del-camino-en-la-mexico-tampico-2\/\">Seguir leyendo <span class=\"screen-reader-text\">Camioneta se sali\u00f3 del camino en la M\u00e9xico-Tampico<\/span><\/a><\/p>\n","protected":false},"author":20,"featured_media":620839,"comment_status":"open","ping_status":"open","sticky":false,"template":"","format":"standard","meta":{"rop_custom_images_group":[],"rop_custom_messages_group":[],"rop_publish_now":"initial","rop_publish_now_accounts":{"facebook_10159540855086992_322828327761733":""},"rop_publish_now_history":[],"rop_publish_now_status":"pending","footnotes":""},"categories":[178],"tags":[259],"class_list":["post-620838","post","type-post","status-publish","format-standard","has-post-thumbnail","hentry","category-policiaca","tag-policiaca","entry"],"_links":{"self":[{"href":"https:\/\/www.zunoticia.com\/noticias-de-hidalgo\/wp-json\/wp\/v2\/posts\/620838","targetHints":{"allow":["GET"]}}],"collection":[{"href":"https:\/\/www.zunoticia.com\/noticias-de-hidalgo\/wp-json\/wp\/v2\/posts"}],"about":[{"href":"https:\/\/www.zunoticia.com\/noticias-de-hidalgo\/wp-json\/wp\/v2\/types\/post"}],"author":[{"embeddable":true,"href":"https:\/\/www.zunoticia.com\/noticias-de-hidalgo\/wp-json\/wp\/v2\/users\/20"}],"replies":[{"embeddable":true,"href":"https:\/\/www.zunoticia.com\/noticias-de-hidalgo\/wp-json\/wp\/v2\/comments?post=620838"}],"version-history":[{"count":1,"href":"https:\/\/www.zunoticia.com\/noticias-de-hidalgo\/wp-json\/wp\/v2\/posts\/620838\/revisions"}],"predecessor-version":[{"id":620840,"href":"https:\/\/www.zunoticia.com\/noticias-de-hidalgo\/wp-json\/wp\/v2\/posts\/620838\/revisions\/620840"}],"wp:featuredmedia":[{"embeddable":true,"href":"https:\/\/www.zunoticia.com\/noticias-de-hidalgo\/wp-json\/wp\/v2\/media\/620839"}],"wp:attachment":[{"href":"https:\/\/www.zunoticia.com\/noticias-de-hidalgo\/wp-json\/wp\/v2\/media?parent=620838"}],"wp:term":[{"taxonomy":"category","embeddable":true,"href":"https:\/\/www.zunoticia.com\/noticias-de-hidalgo\/wp-json\/wp\/v2\/categories?post=620838"},{"taxonomy":"post_tag","embeddable":true,"href":"https:\/\/www.zunoticia.com\/noticias-de-hidalgo\/wp-json\/wp\/v2\/tags?post=620838"}],"curies":[{"name":"wp","href":"https:\/\/api.w.org\/{rel}","templated":true}]}}