{"id":620843,"date":"2026-01-03T21:15:09","date_gmt":"2026-01-04T03:15:09","guid":{"rendered":"https:\/\/www.zunoticia.com\/noticias-de-hidalgo\/?p=620843"},"modified":"2026-01-03T21:15:13","modified_gmt":"2026-01-04T03:15:13","slug":"familia-de-la-huasteca-muere-en-fatal-accidente","status":"publish","type":"post","link":"https:\/\/www.zunoticia.com\/noticias-de-hidalgo\/2026\/01\/03\/familia-de-la-huasteca-muere-en-fatal-accidente\/","title":{"rendered":"Familia de la Huasteca muere en fatal accidente"},"content":{"rendered":"<aside class=\"mashsb-container mashsb-main mashsb-stretched\"><div class=\"mashsb-box\"><div class=\"mashsb-count mash-large\" style=\"float:left\"><div class=\"counts mashsbcount\">0<\/div><span class=\"mashsb-sharetext\">SHARES<\/span><\/div><div class=\"mashsb-buttons\"><a class=\"mashicon-facebook mash-large mash-center mashsb-noshadow\" href=\"https:\/\/www.facebook.com\/sharer.php?u=https%3A%2F%2Fwww.zunoticia.com%2Fnoticias-de-hidalgo%2F2026%2F01%2F03%2Ffamilia-de-la-huasteca-muere-en-fatal-accidente%2F\" target=\"_top\" rel=\"nofollow\"><span class=\"icon\"><\/span><span class=\"text\">Share<\/span><\/a><a class=\"mashicon-twitter mash-large mash-center mashsb-noshadow\" href=\"https:\/\/twitter.com\/intent\/tweet?text=&amp;url=https:\/\/www.zunoticia.com\/noticias-de-hidalgo\/2026\/01\/03\/familia-de-la-huasteca-muere-en-fatal-accidente\/\" target=\"_top\" rel=\"nofollow\"><span class=\"icon\"><\/span><span class=\"text\">Tweet<\/span><\/a><div class=\"onoffswitch2 mash-large mashsb-noshadow\" style=\"display:none\"><\/div><\/div>\n            <\/div>\n                <div style=\"clear:both\"><\/div><div class=\"mashsb-toggle-container\"><\/div><\/aside>\n            <!-- Share buttons by mashshare.net - Version: 4.0.47-->\n<p><em>Por Roberto Meza\/Zunoticia<\/em><\/p>\n\n\n\n<p><strong>Cd. Victoria, Tamaulipas.-<\/strong> 5 integrantes de una familia originarios de la Huasteca Veracruzana, murieron de manera tr\u00e1gica en un choque la tarde de este s\u00e1bado, todos ellos hab\u00edan venido a su comunidad de origen en la comunidad de Romantla del municipio de Chiconamel, Veracruz a pasar las fiestas de a\u00f1o nuevo y este d\u00eda retornaban a la ciudad de Monterrey.<\/p>\n\n\n\n<p>Fue alrededor de las 3 de la tarde cuando se registr\u00f3 el fatal choque entre un autom\u00f3vil Aveo Chevrolet y un tractocami\u00f3n sobre la carretera Zaragoza \u2013 Victoria, dejando a cinco personas sin vida, entre ellas, tres menores de edad.<\/p>\n\n\n\n<figure class=\"wp-block-image size-full\"><img fetchpriority=\"high\" decoding=\"async\" width=\"720\" height=\"540\" src=\"https:\/\/www.zunoticia.com\/noticias-de-hidalgo\/wp-content\/uploads\/2026\/01\/WhatsApp-Image-2026-01-03-at-8.59.38-PM-1.jpeg\" alt=\"\" class=\"wp-image-620844\" srcset=\"https:\/\/www.zunoticia.com\/noticias-de-hidalgo\/wp-content\/uploads\/2026\/01\/WhatsApp-Image-2026-01-03-at-8.59.38-PM-1.jpeg 720w, https:\/\/www.zunoticia.com\/noticias-de-hidalgo\/wp-content\/uploads\/2026\/01\/WhatsApp-Image-2026-01-03-at-8.59.38-PM-1-300x225.jpeg 300w\" sizes=\"(max-width: 720px) 100vw, 720px\" \/><\/figure>\n\n\n\n<p>Tres cuerpos quedaron prensados en el interior del veh\u00edculo, mientras que un cuerpo qued\u00f3 en la cinta asf\u00e1ltica.<\/p>\n\n\n\n<p>En el mismo accidente, una menor de edad logr\u00f3 sobrevivir y fue trasladada de urgencia a un hospital de Ciudad Victoria a bordo de una ambulancia de Protecci\u00f3n Civil del municipio de Villa de Casas.<\/p>\n\n\n\n<p>Elementos de la Guardia Nacional divisi\u00f3n Carreteras fueron los primeros respondientes que llegaron para acordonar el \u00e1rea; m\u00e1s tarde al lugar llegaron servicios periciales para las indagatorias correspondientes y ordenar el levantamiento de los cuerpos para ser llevados al SEMEFO de ese estado.<\/p>\n\n\n\n<figure class=\"wp-block-image size-full\"><img decoding=\"async\" width=\"547\" height=\"306\" src=\"https:\/\/www.zunoticia.com\/noticias-de-hidalgo\/wp-content\/uploads\/2026\/01\/WhatsApp-Image-2026-01-03-at-8.59.37-PM.jpeg\" alt=\"\" class=\"wp-image-620846\" srcset=\"https:\/\/www.zunoticia.com\/noticias-de-hidalgo\/wp-content\/uploads\/2026\/01\/WhatsApp-Image-2026-01-03-at-8.59.37-PM.jpeg 547w, https:\/\/www.zunoticia.com\/noticias-de-hidalgo\/wp-content\/uploads\/2026\/01\/WhatsApp-Image-2026-01-03-at-8.59.37-PM-300x168.jpeg 300w\" sizes=\"(max-width: 547px) 100vw, 547px\" \/><\/figure>\n","protected":false},"excerpt":{"rendered":"<p>Por Roberto Meza\/Zunoticia Cd. Victoria, Tamaulipas.- 5 integrantes de una familia originarios de la Huasteca Veracruzana, murieron de manera tr\u00e1gica en un choque la tarde de este s\u00e1bado, todos ellos hab\u00edan venido a su comunidad de origen en la comunidad de Romantla del municipio de Chiconamel, Veracruz a pasar las fiestas de a\u00f1o nuevo y&hellip; <a class=\"more-link\" href=\"https:\/\/www.zunoticia.com\/noticias-de-hidalgo\/2026\/01\/03\/familia-de-la-huasteca-muere-en-fatal-accidente\/\">Seguir leyendo <span class=\"screen-reader-text\">Familia de la Huasteca muere en fatal accidente<\/span><\/a><\/p>\n","protected":false},"author":13,"featured_media":620845,"comment_status":"open","ping_status":"open","sticky":false,"template":"","format":"standard","meta":{"rop_custom_images_group":[],"rop_custom_messages_group":[],"rop_publish_now":"initial","rop_publish_now_accounts":{"facebook_10159540855086992_322828327761733":""},"rop_publish_now_history":[],"rop_publish_now_status":"pending","footnotes":""},"categories":[178],"tags":[229,259],"class_list":["post-620843","post","type-post","status-publish","format-standard","has-post-thumbnail","hentry","category-policiaca","tag-huasteca","tag-policiaca","entry"],"_links":{"self":[{"href":"https:\/\/www.zunoticia.com\/noticias-de-hidalgo\/wp-json\/wp\/v2\/posts\/620843","targetHints":{"allow":["GET"]}}],"collection":[{"href":"https:\/\/www.zunoticia.com\/noticias-de-hidalgo\/wp-json\/wp\/v2\/posts"}],"about":[{"href":"https:\/\/www.zunoticia.com\/noticias-de-hidalgo\/wp-json\/wp\/v2\/types\/post"}],"author":[{"embeddable":true,"href":"https:\/\/www.zunoticia.com\/noticias-de-hidalgo\/wp-json\/wp\/v2\/users\/13"}],"replies":[{"embeddable":true,"href":"https:\/\/www.zunoticia.com\/noticias-de-hidalgo\/wp-json\/wp\/v2\/comments?post=620843"}],"version-history":[{"count":1,"href":"https:\/\/www.zunoticia.com\/noticias-de-hidalgo\/wp-json\/wp\/v2\/posts\/620843\/revisions"}],"predecessor-version":[{"id":620847,"href":"https:\/\/www.zunoticia.com\/noticias-de-hidalgo\/wp-json\/wp\/v2\/posts\/620843\/revisions\/620847"}],"wp:featuredmedia":[{"embeddable":true,"href":"https:\/\/www.zunoticia.com\/noticias-de-hidalgo\/wp-json\/wp\/v2\/media\/620845"}],"wp:attachment":[{"href":"https:\/\/www.zunoticia.com\/noticias-de-hidalgo\/wp-json\/wp\/v2\/media?parent=620843"}],"wp:term":[{"taxonomy":"category","embeddable":true,"href":"https:\/\/www.zunoticia.com\/noticias-de-hidalgo\/wp-json\/wp\/v2\/categories?post=620843"},{"taxonomy":"post_tag","embeddable":true,"href":"https:\/\/www.zunoticia.com\/noticias-de-hidalgo\/wp-json\/wp\/v2\/tags?post=620843"}],"curies":[{"name":"wp","href":"https:\/\/api.w.org\/{rel}","templated":true}]}}