{"id":621056,"date":"2026-01-05T17:17:44","date_gmt":"2026-01-05T23:17:44","guid":{"rendered":"https:\/\/www.zunoticia.com\/noticias-de-hidalgo\/?p=621056"},"modified":"2026-01-05T17:17:46","modified_gmt":"2026-01-05T23:17:46","slug":"el-transportista-mas-pequeno-de-la-ruta-tlanchinol","status":"publish","type":"post","link":"https:\/\/www.zunoticia.com\/noticias-de-hidalgo\/2026\/01\/05\/el-transportista-mas-pequeno-de-la-ruta-tlanchinol\/","title":{"rendered":"El transportista m\u00e1s peque\u00f1o de la ruta Tlanchinol"},"content":{"rendered":"<aside class=\"mashsb-container mashsb-main mashsb-stretched\"><div class=\"mashsb-box\"><div class=\"mashsb-count mash-large\" style=\"float:left\"><div class=\"counts mashsbcount\">0<\/div><span class=\"mashsb-sharetext\">SHARES<\/span><\/div><div class=\"mashsb-buttons\"><a class=\"mashicon-facebook mash-large mash-center mashsb-noshadow\" href=\"https:\/\/www.facebook.com\/sharer.php?u=https%3A%2F%2Fwww.zunoticia.com%2Fnoticias-de-hidalgo%2F2026%2F01%2F05%2Fel-transportista-mas-pequeno-de-la-ruta-tlanchinol%2F\" target=\"_top\" rel=\"nofollow\"><span class=\"icon\"><\/span><span class=\"text\">Share<\/span><\/a><a class=\"mashicon-twitter mash-large mash-center mashsb-noshadow\" href=\"https:\/\/twitter.com\/intent\/tweet?text=&amp;url=https:\/\/www.zunoticia.com\/noticias-de-hidalgo\/2026\/01\/05\/el-transportista-mas-pequeno-de-la-ruta-tlanchinol\/\" target=\"_top\" rel=\"nofollow\"><span class=\"icon\"><\/span><span class=\"text\">Tweet<\/span><\/a><div class=\"onoffswitch2 mash-large mashsb-noshadow\" style=\"display:none\"><\/div><\/div>\n            <\/div>\n                <div style=\"clear:both\"><\/div><div class=\"mashsb-toggle-container\"><\/div><\/aside>\n            <!-- Share buttons by mashshare.net - Version: 4.0.47-->\n<ul class=\"wp-block-list\">\n<li>Admiraci\u00f3n, respeto y aprendizaje entre padre e hijo.<\/li>\n<\/ul>\n\n\n\n<p><em>Por Karen Rivera \/ Zunoticia<\/em><\/p>\n\n\n\n<p><strong>Tlanchinol, Hgo<\/strong>.- En la ruta de transporte p\u00fablico de Tlanchinol hay un pasajero muy especial que, pese a su corta edad, ya se ha ganado el cari\u00f1o y la admiraci\u00f3n de usuarios y compa\u00f1eros transportistas.<\/p>\n\n\n\n<p>Se trata de Cristian Pascual Pamuceno Hern\u00e1ndez, un ni\u00f1o de apenas cinco a\u00f1os, quien acompa\u00f1a todos los d\u00edas a su padre, Laureano Pamuceno Hern\u00e1ndez, operador de la unidad con el n\u00famero econ\u00f3mico 18 de la ruta Tlanchinol- Huejutla, y que orgullosamente porta el uniforme como parte del equipo.<\/p>\n\n\n\n<p>Laureano relata que, desde muy peque\u00f1o Cristian ha estado a su lado, tras enfrentar complicaciones de salud cuando era apenas un beb\u00e9, lo que oblig\u00f3 a frecuentes traslados a Pachuca y a una pausa en sus estudios, desde entonces, el ni\u00f1o comenz\u00f3 a acompa\u00f1ar a su padre en la unidad.<\/p>\n\n\n\n<p>\u201cDesde chiquito lo he tra\u00eddo conmigo, primero en el primer asiento. Siempre le ha gustado andar aqu\u00ed\u201d, coment\u00f3.<\/p>\n\n\n\n<p>Hoy, Cristian se sienta en la parte superior o trasera de la unidad, observa el ir y venir de la gente y, seg\u00fan su padre, aprende algo m\u00e1s que el funcionamiento del transporte.<\/p>\n\n\n\n<p>\u201cMe ayuda a entender a la gente, a c\u00f3mo tratarla. Es una forma de que vaya pensando en su futuro, de que valore las cosas\u201d, explica Laureano, quien reconoce que para su hijo representa un orgullo portar el uniforme de transportista.<\/p>\n\n\n\n<figure class=\"wp-block-gallery has-nested-images columns-default is-cropped wp-block-gallery-1 is-layout-flex wp-block-gallery-is-layout-flex\">\n<figure class=\"wp-block-image size-large\"><img fetchpriority=\"high\" decoding=\"async\" width=\"933\" height=\"524\" data-id=\"621058\" src=\"https:\/\/www.zunoticia.com\/noticias-de-hidalgo\/wp-content\/uploads\/2026\/01\/Zunoticia-Huejutla-2-8.png\" alt=\"\" class=\"wp-image-621058\" srcset=\"https:\/\/www.zunoticia.com\/noticias-de-hidalgo\/wp-content\/uploads\/2026\/01\/Zunoticia-Huejutla-2-8.png 933w, https:\/\/www.zunoticia.com\/noticias-de-hidalgo\/wp-content\/uploads\/2026\/01\/Zunoticia-Huejutla-2-8-300x168.png 300w, https:\/\/www.zunoticia.com\/noticias-de-hidalgo\/wp-content\/uploads\/2026\/01\/Zunoticia-Huejutla-2-8-768x431.png 768w\" sizes=\"(max-width: 933px) 100vw, 933px\" \/><\/figure>\n\n\n\n<figure class=\"wp-block-image size-large\"><img decoding=\"async\" width=\"933\" height=\"524\" data-id=\"621059\" src=\"https:\/\/www.zunoticia.com\/noticias-de-hidalgo\/wp-content\/uploads\/2026\/01\/Zunoticia-Huejutla-1-23.png\" alt=\"\" class=\"wp-image-621059\" srcset=\"https:\/\/www.zunoticia.com\/noticias-de-hidalgo\/wp-content\/uploads\/2026\/01\/Zunoticia-Huejutla-1-23.png 933w, https:\/\/www.zunoticia.com\/noticias-de-hidalgo\/wp-content\/uploads\/2026\/01\/Zunoticia-Huejutla-1-23-300x168.png 300w, https:\/\/www.zunoticia.com\/noticias-de-hidalgo\/wp-content\/uploads\/2026\/01\/Zunoticia-Huejutla-1-23-768x431.png 768w\" sizes=\"(max-width: 933px) 100vw, 933px\" \/><\/figure>\n<\/figure>\n\n\n\n<p>Durante los recorridos, Cristian combina el juego con el aprendizaje. Su padre le habla de temas escolares, de la importancia de la conducci\u00f3n responsable, de la comodidad y seguridad de los pasajeros, e incluso de asuntos como los animales en peligro de extinci\u00f3n.<\/p>\n\n\n\n<p>\u201cA veces se pone a practicar conmigo y luego lo relaciona con lo que ve en la escuela\u201d, se\u00f1al\u00f3. El peque\u00f1o ya conoce las rutinas y horarios de la ruta Tlanchinol, aunque tiene la opci\u00f3n de quedarse con su abuelita, prefiere acompa\u00f1ar a su pap\u00e1.<\/p>\n\n\n\n<p>\u201cLe gusta estar conmigo, andar en la ruta. Ese es su gusto\u201d, dijo Laureano, quien trabaja desde las cinco y media de la ma\u00f1ana y reconoce que no siempre es f\u00e1cil equilibrar el trabajo con la familia.<\/p>\n\n\n\n<p>Para el transportista, compartir su jornada con Cristian es tambi\u00e9n una oportunidad para inculcarle valores. \u201cLo principal es que estudie y se prepare, que entienda que este trabajo es el sustento de la casa y que aprenda a respetar y valorar el esfuerzo\u201d, afirm\u00f3.<\/p>\n\n\n\n<p>Cristian, con la sencillez propia de su edad, resume su experiencia con una sonrisa: le gusta acompa\u00f1ar a su pap\u00e1, viajar en el carro y, sobre todo, el clima fresco del camino.<\/p>\n\n\n\n<p>As\u00ed, entre vueltas, pasajeros y aprendizajes cotidianos, el ni\u00f1o se ha convertido en el transportista m\u00e1s peque\u00f1o de la ruta Tlanchinol, un s\u00edmbolo de convivencia familiar y de valores sembrados desde la infancia.<\/p>\n\n\n\n<p><\/p>\n","protected":false},"excerpt":{"rendered":"<p>Por Karen Rivera \/ Zunoticia Tlanchinol, Hgo.- En la ruta de transporte p\u00fablico de Tlanchinol hay un pasajero muy especial que, pese a su corta edad, ya se ha ganado el cari\u00f1o y la admiraci\u00f3n de usuarios y compa\u00f1eros transportistas. Se trata de Cristian Pascual Pamuceno Hern\u00e1ndez, un ni\u00f1o de apenas cinco a\u00f1os, quien acompa\u00f1a&hellip; <a class=\"more-link\" href=\"https:\/\/www.zunoticia.com\/noticias-de-hidalgo\/2026\/01\/05\/el-transportista-mas-pequeno-de-la-ruta-tlanchinol\/\">Seguir leyendo <span class=\"screen-reader-text\">El transportista m\u00e1s peque\u00f1o de la ruta Tlanchinol<\/span><\/a><\/p>\n","protected":false},"author":20,"featured_media":621057,"comment_status":"open","ping_status":"open","sticky":false,"template":"","format":"standard","meta":{"rop_custom_images_group":[],"rop_custom_messages_group":[],"rop_publish_now":"initial","rop_publish_now_accounts":{"facebook_10159540855086992_322828327761733":""},"rop_publish_now_history":[],"rop_publish_now_status":"pending","footnotes":""},"categories":[219,201],"tags":[127],"class_list":["post-621056","post","type-post","status-publish","format-standard","has-post-thumbnail","hentry","category-sierra","category-tlanchinol","tag-tlanchinol","entry"],"_links":{"self":[{"href":"https:\/\/www.zunoticia.com\/noticias-de-hidalgo\/wp-json\/wp\/v2\/posts\/621056","targetHints":{"allow":["GET"]}}],"collection":[{"href":"https:\/\/www.zunoticia.com\/noticias-de-hidalgo\/wp-json\/wp\/v2\/posts"}],"about":[{"href":"https:\/\/www.zunoticia.com\/noticias-de-hidalgo\/wp-json\/wp\/v2\/types\/post"}],"author":[{"embeddable":true,"href":"https:\/\/www.zunoticia.com\/noticias-de-hidalgo\/wp-json\/wp\/v2\/users\/20"}],"replies":[{"embeddable":true,"href":"https:\/\/www.zunoticia.com\/noticias-de-hidalgo\/wp-json\/wp\/v2\/comments?post=621056"}],"version-history":[{"count":1,"href":"https:\/\/www.zunoticia.com\/noticias-de-hidalgo\/wp-json\/wp\/v2\/posts\/621056\/revisions"}],"predecessor-version":[{"id":621060,"href":"https:\/\/www.zunoticia.com\/noticias-de-hidalgo\/wp-json\/wp\/v2\/posts\/621056\/revisions\/621060"}],"wp:featuredmedia":[{"embeddable":true,"href":"https:\/\/www.zunoticia.com\/noticias-de-hidalgo\/wp-json\/wp\/v2\/media\/621057"}],"wp:attachment":[{"href":"https:\/\/www.zunoticia.com\/noticias-de-hidalgo\/wp-json\/wp\/v2\/media?parent=621056"}],"wp:term":[{"taxonomy":"category","embeddable":true,"href":"https:\/\/www.zunoticia.com\/noticias-de-hidalgo\/wp-json\/wp\/v2\/categories?post=621056"},{"taxonomy":"post_tag","embeddable":true,"href":"https:\/\/www.zunoticia.com\/noticias-de-hidalgo\/wp-json\/wp\/v2\/tags?post=621056"}],"curies":[{"name":"wp","href":"https:\/\/api.w.org\/{rel}","templated":true}]}}