{"id":621507,"date":"2026-01-09T12:19:32","date_gmt":"2026-01-09T18:19:32","guid":{"rendered":"https:\/\/www.zunoticia.com\/noticias-de-hidalgo\/?p=621507"},"modified":"2026-01-09T12:19:34","modified_gmt":"2026-01-09T18:19:34","slug":"el-presidente-municipal-reconocio-la-labor-del-personal-del-ayuntamiento","status":"publish","type":"post","link":"https:\/\/www.zunoticia.com\/noticias-de-hidalgo\/2026\/01\/09\/el-presidente-municipal-reconocio-la-labor-del-personal-del-ayuntamiento\/","title":{"rendered":"El presidente municipal reconoci\u00f3 la labor del personal del Ayuntamiento"},"content":{"rendered":"<aside class=\"mashsb-container mashsb-main mashsb-stretched\"><div class=\"mashsb-box\"><div class=\"mashsb-count mash-large\" style=\"float:left\"><div class=\"counts mashsbcount\">0<\/div><span class=\"mashsb-sharetext\">SHARES<\/span><\/div><div class=\"mashsb-buttons\"><a class=\"mashicon-facebook mash-large mash-center mashsb-noshadow\" href=\"https:\/\/www.facebook.com\/sharer.php?u=https%3A%2F%2Fwww.zunoticia.com%2Fnoticias-de-hidalgo%2F2026%2F01%2F09%2Fel-presidente-municipal-reconocio-la-labor-del-personal-del-ayuntamiento%2F\" target=\"_top\" rel=\"nofollow\"><span class=\"icon\"><\/span><span class=\"text\">Share<\/span><\/a><a class=\"mashicon-twitter mash-large mash-center mashsb-noshadow\" href=\"https:\/\/twitter.com\/intent\/tweet?text=&amp;url=https:\/\/www.zunoticia.com\/noticias-de-hidalgo\/2026\/01\/09\/el-presidente-municipal-reconocio-la-labor-del-personal-del-ayuntamiento\/\" target=\"_top\" rel=\"nofollow\"><span class=\"icon\"><\/span><span class=\"text\">Tweet<\/span><\/a><div class=\"onoffswitch2 mash-large mashsb-noshadow\" style=\"display:none\"><\/div><\/div>\n            <\/div>\n                <div style=\"clear:both\"><\/div><div class=\"mashsb-toggle-container\"><\/div><\/aside>\n            <!-- Share buttons by mashshare.net - Version: 4.0.47-->\n<p><em>Por Karen Rivera \/ Zunoticia<\/em><\/p>\n\n\n\n<p><strong>Tlanchinol, Hgo<\/strong>.- El presidente municipal de Gabino Hern\u00e1ndez Vite, sostuvo una reuni\u00f3n con el personal del ayuntamiento, reconociendo el trabajo en equipo y la dedicaci\u00f3n que cada empleado desempe\u00f1a en beneficio de la ciudadan\u00eda.<\/p>\n\n\n\n<p>Durante su mensaje, el alcalde reconoci\u00f3 el esfuerzo diario de los trabajadores del Ayuntamiento y agradeci\u00f3 su compromiso con el servicio p\u00fablico, \u201cquiero expresar mi m\u00e1s sincero agradecimiento a todos ustedes por su arduo trabajo y compromiso con la ciudadan\u00eda\u201d, se\u00f1al\u00f3.<\/p>\n\n\n\n<p>Al finalizar la reuni\u00f3n, partieron la tradicional Rosca de Reyes, donde todo el personal comparti\u00f3 un momento de compa\u00f1erismo.<\/p>\n\n\n\n<p>Con estas acciones, el gobierno municipal reafirma su compromiso basado en la colaboraci\u00f3n y el trabajo conjunto, reiter\u00f3 que continuar\u00e1 sumando esfuerzos para mejorar la calidad de vida de los ciudadanos.<\/p>\n\n\n\n<figure class=\"wp-block-image size-full\"><img fetchpriority=\"high\" decoding=\"async\" width=\"933\" height=\"524\" src=\"https:\/\/www.zunoticia.com\/noticias-de-hidalgo\/wp-content\/uploads\/2026\/01\/Zunoticia-Huejutla-2-28.png\" alt=\"\" class=\"wp-image-621509\" srcset=\"https:\/\/www.zunoticia.com\/noticias-de-hidalgo\/wp-content\/uploads\/2026\/01\/Zunoticia-Huejutla-2-28.png 933w, https:\/\/www.zunoticia.com\/noticias-de-hidalgo\/wp-content\/uploads\/2026\/01\/Zunoticia-Huejutla-2-28-300x168.png 300w, https:\/\/www.zunoticia.com\/noticias-de-hidalgo\/wp-content\/uploads\/2026\/01\/Zunoticia-Huejutla-2-28-768x431.png 768w\" sizes=\"(max-width: 933px) 100vw, 933px\" \/><\/figure>\n","protected":false},"excerpt":{"rendered":"<p>Por Karen Rivera \/ Zunoticia Tlanchinol, Hgo.- El presidente municipal de Gabino Hern\u00e1ndez Vite, sostuvo una reuni\u00f3n con el personal del ayuntamiento, reconociendo el trabajo en equipo y la dedicaci\u00f3n que cada empleado desempe\u00f1a en beneficio de la ciudadan\u00eda. Durante su mensaje, el alcalde reconoci\u00f3 el esfuerzo diario de los trabajadores del Ayuntamiento y agradeci\u00f3&hellip; <a class=\"more-link\" href=\"https:\/\/www.zunoticia.com\/noticias-de-hidalgo\/2026\/01\/09\/el-presidente-municipal-reconocio-la-labor-del-personal-del-ayuntamiento\/\">Seguir leyendo <span class=\"screen-reader-text\">El presidente municipal reconoci\u00f3 la labor del personal del Ayuntamiento<\/span><\/a><\/p>\n","protected":false},"author":20,"featured_media":621508,"comment_status":"open","ping_status":"open","sticky":false,"template":"","format":"standard","meta":{"rop_custom_images_group":[],"rop_custom_messages_group":[],"rop_publish_now":"initial","rop_publish_now_accounts":{"facebook_10159540855086992_322828327761733":""},"rop_publish_now_history":[],"rop_publish_now_status":"pending","footnotes":""},"categories":[219,201],"tags":[127],"class_list":["post-621507","post","type-post","status-publish","format-standard","has-post-thumbnail","hentry","category-sierra","category-tlanchinol","tag-tlanchinol","entry"],"_links":{"self":[{"href":"https:\/\/www.zunoticia.com\/noticias-de-hidalgo\/wp-json\/wp\/v2\/posts\/621507","targetHints":{"allow":["GET"]}}],"collection":[{"href":"https:\/\/www.zunoticia.com\/noticias-de-hidalgo\/wp-json\/wp\/v2\/posts"}],"about":[{"href":"https:\/\/www.zunoticia.com\/noticias-de-hidalgo\/wp-json\/wp\/v2\/types\/post"}],"author":[{"embeddable":true,"href":"https:\/\/www.zunoticia.com\/noticias-de-hidalgo\/wp-json\/wp\/v2\/users\/20"}],"replies":[{"embeddable":true,"href":"https:\/\/www.zunoticia.com\/noticias-de-hidalgo\/wp-json\/wp\/v2\/comments?post=621507"}],"version-history":[{"count":1,"href":"https:\/\/www.zunoticia.com\/noticias-de-hidalgo\/wp-json\/wp\/v2\/posts\/621507\/revisions"}],"predecessor-version":[{"id":621510,"href":"https:\/\/www.zunoticia.com\/noticias-de-hidalgo\/wp-json\/wp\/v2\/posts\/621507\/revisions\/621510"}],"wp:featuredmedia":[{"embeddable":true,"href":"https:\/\/www.zunoticia.com\/noticias-de-hidalgo\/wp-json\/wp\/v2\/media\/621508"}],"wp:attachment":[{"href":"https:\/\/www.zunoticia.com\/noticias-de-hidalgo\/wp-json\/wp\/v2\/media?parent=621507"}],"wp:term":[{"taxonomy":"category","embeddable":true,"href":"https:\/\/www.zunoticia.com\/noticias-de-hidalgo\/wp-json\/wp\/v2\/categories?post=621507"},{"taxonomy":"post_tag","embeddable":true,"href":"https:\/\/www.zunoticia.com\/noticias-de-hidalgo\/wp-json\/wp\/v2\/tags?post=621507"}],"curies":[{"name":"wp","href":"https:\/\/api.w.org\/{rel}","templated":true}]}}