{"id":621913,"date":"2026-01-12T19:00:25","date_gmt":"2026-01-13T01:00:25","guid":{"rendered":"https:\/\/www.zunoticia.com\/noticias-de-hidalgo\/?p=621913"},"modified":"2026-01-12T19:00:26","modified_gmt":"2026-01-13T01:00:26","slug":"con-4-grados-iniciaron-clases-en-la-sierra-alta","status":"publish","type":"post","link":"https:\/\/www.zunoticia.com\/noticias-de-hidalgo\/2026\/01\/12\/con-4-grados-iniciaron-clases-en-la-sierra-alta\/","title":{"rendered":"Con 4 grados iniciaron clases en la sierra alta"},"content":{"rendered":"<aside class=\"mashsb-container mashsb-main mashsb-stretched\"><div class=\"mashsb-box\"><div class=\"mashsb-count mash-large\" style=\"float:left\"><div class=\"counts mashsbcount\">0<\/div><span class=\"mashsb-sharetext\">SHARES<\/span><\/div><div class=\"mashsb-buttons\"><a class=\"mashicon-facebook mash-large mash-center mashsb-noshadow\" href=\"https:\/\/www.facebook.com\/sharer.php?u=https%3A%2F%2Fwww.zunoticia.com%2Fnoticias-de-hidalgo%2F2026%2F01%2F12%2Fcon-4-grados-iniciaron-clases-en-la-sierra-alta%2F\" target=\"_top\" rel=\"nofollow\"><span class=\"icon\"><\/span><span class=\"text\">Share<\/span><\/a><a class=\"mashicon-twitter mash-large mash-center mashsb-noshadow\" href=\"https:\/\/twitter.com\/intent\/tweet?text=&amp;url=https:\/\/www.zunoticia.com\/noticias-de-hidalgo\/2026\/01\/12\/con-4-grados-iniciaron-clases-en-la-sierra-alta\/\" target=\"_top\" rel=\"nofollow\"><span class=\"icon\"><\/span><span class=\"text\">Tweet<\/span><\/a><div class=\"onoffswitch2 mash-large mashsb-noshadow\" style=\"display:none\"><\/div><\/div>\n            <\/div>\n                <div style=\"clear:both\"><\/div><div class=\"mashsb-toggle-container\"><\/div><\/aside>\n            <!-- Share buttons by mashshare.net - Version: 4.0.47-->\n<p><em>Por \u00c1ngel Osiris Castillo\/Zunoticia<\/em><\/p>\n\n\n\n<p><strong>Tlanchinol, Hgo<\/strong>.- A pesar de las bajas temperaturas que se registraron este lunes, hasta el momento no se han reportado incidencias en los planteles de nivel b\u00e1sico y medio, inform\u00f3 el secretario de Educaci\u00f3n del ayuntamiento de Tlanchinol C\u00e9sar Medina, qui\u00e9n refiri\u00f3 que, en el caso de las escuelas de nivel medio superior estar\u00e1n retornando hasta el pr\u00f3ximo mes de febrero; en cuanto a restricciones de los horarios mencion\u00f3 \u201cen este momento tampoco se tiene ninguna indicaci\u00f3n por parte de la Secretar\u00eda de Educaci\u00f3n de Gobierno del Estado.<\/p>\n\n\n\n<p>Resalt\u00f3 que, a pesar de registrar una temperatura de 4 grados cent\u00edgrados, el reinicio de clases en los planteles de educaci\u00f3n b\u00e1sica como son preescolar, primaria y secundarias, se realiz\u00f3 sin mayores incidencias y con poco ausentismo.<\/p>\n\n\n\n<figure class=\"wp-block-image size-full\"><img fetchpriority=\"high\" decoding=\"async\" width=\"933\" height=\"524\" src=\"https:\/\/www.zunoticia.com\/noticias-de-hidalgo\/wp-content\/uploads\/2026\/01\/Zunoticia-Huejutla-1-85.png\" alt=\"\" class=\"wp-image-621915\" srcset=\"https:\/\/www.zunoticia.com\/noticias-de-hidalgo\/wp-content\/uploads\/2026\/01\/Zunoticia-Huejutla-1-85.png 933w, https:\/\/www.zunoticia.com\/noticias-de-hidalgo\/wp-content\/uploads\/2026\/01\/Zunoticia-Huejutla-1-85-300x168.png 300w, https:\/\/www.zunoticia.com\/noticias-de-hidalgo\/wp-content\/uploads\/2026\/01\/Zunoticia-Huejutla-1-85-768x431.png 768w\" sizes=\"(max-width: 933px) 100vw, 933px\" \/><\/figure>\n\n\n\n<p>Indic\u00f3 que, a temprana hora se realiz\u00f3 un recorrido por algunos de los planteles de la cabecera municipal, con el fin de verificar el inicio de las actividades, debido a que en el caso del nivel medio superior y superior, se habr\u00e1 de realizar hasta el mes de febrero.<\/p>\n\n\n\n<p>Refiri\u00f3 que son alrededor de 102 escuelas las que se tienen de nivel b\u00e1sico en el municipio, y hasta el momento, no hay indicaciones en cuanto a la modificaci\u00f3n de los horarios de entrada y salida de los alumnos.<\/p>\n","protected":false},"excerpt":{"rendered":"<p>Por \u00c1ngel Osiris Castillo\/Zunoticia Tlanchinol, Hgo.- A pesar de las bajas temperaturas que se registraron este lunes, hasta el momento no se han reportado incidencias en los planteles de nivel b\u00e1sico y medio, inform\u00f3 el secretario de Educaci\u00f3n del ayuntamiento de Tlanchinol C\u00e9sar Medina, qui\u00e9n refiri\u00f3 que, en el caso de las escuelas de nivel&hellip; <a class=\"more-link\" href=\"https:\/\/www.zunoticia.com\/noticias-de-hidalgo\/2026\/01\/12\/con-4-grados-iniciaron-clases-en-la-sierra-alta\/\">Seguir leyendo <span class=\"screen-reader-text\">Con 4 grados iniciaron clases en la sierra alta<\/span><\/a><\/p>\n","protected":false},"author":20,"featured_media":621914,"comment_status":"open","ping_status":"open","sticky":false,"template":"","format":"standard","meta":{"rop_custom_images_group":[],"rop_custom_messages_group":[],"rop_publish_now":"initial","rop_publish_now_accounts":{"facebook_10159540855086992_322828327761733":""},"rop_publish_now_history":[],"rop_publish_now_status":"pending","footnotes":""},"categories":[219,201],"tags":[127],"class_list":["post-621913","post","type-post","status-publish","format-standard","has-post-thumbnail","hentry","category-sierra","category-tlanchinol","tag-tlanchinol","entry"],"_links":{"self":[{"href":"https:\/\/www.zunoticia.com\/noticias-de-hidalgo\/wp-json\/wp\/v2\/posts\/621913","targetHints":{"allow":["GET"]}}],"collection":[{"href":"https:\/\/www.zunoticia.com\/noticias-de-hidalgo\/wp-json\/wp\/v2\/posts"}],"about":[{"href":"https:\/\/www.zunoticia.com\/noticias-de-hidalgo\/wp-json\/wp\/v2\/types\/post"}],"author":[{"embeddable":true,"href":"https:\/\/www.zunoticia.com\/noticias-de-hidalgo\/wp-json\/wp\/v2\/users\/20"}],"replies":[{"embeddable":true,"href":"https:\/\/www.zunoticia.com\/noticias-de-hidalgo\/wp-json\/wp\/v2\/comments?post=621913"}],"version-history":[{"count":1,"href":"https:\/\/www.zunoticia.com\/noticias-de-hidalgo\/wp-json\/wp\/v2\/posts\/621913\/revisions"}],"predecessor-version":[{"id":621916,"href":"https:\/\/www.zunoticia.com\/noticias-de-hidalgo\/wp-json\/wp\/v2\/posts\/621913\/revisions\/621916"}],"wp:featuredmedia":[{"embeddable":true,"href":"https:\/\/www.zunoticia.com\/noticias-de-hidalgo\/wp-json\/wp\/v2\/media\/621914"}],"wp:attachment":[{"href":"https:\/\/www.zunoticia.com\/noticias-de-hidalgo\/wp-json\/wp\/v2\/media?parent=621913"}],"wp:term":[{"taxonomy":"category","embeddable":true,"href":"https:\/\/www.zunoticia.com\/noticias-de-hidalgo\/wp-json\/wp\/v2\/categories?post=621913"},{"taxonomy":"post_tag","embeddable":true,"href":"https:\/\/www.zunoticia.com\/noticias-de-hidalgo\/wp-json\/wp\/v2\/tags?post=621913"}],"curies":[{"name":"wp","href":"https:\/\/api.w.org\/{rel}","templated":true}]}}