{"id":622204,"date":"2026-01-14T19:41:13","date_gmt":"2026-01-15T01:41:13","guid":{"rendered":"https:\/\/www.zunoticia.com\/noticias-de-hidalgo\/?p=622204"},"modified":"2026-01-14T19:41:15","modified_gmt":"2026-01-15T01:41:15","slug":"hidalgo-conmemora-su-157-aniversario-con-jornada-cultural","status":"publish","type":"post","link":"https:\/\/www.zunoticia.com\/noticias-de-hidalgo\/2026\/01\/14\/hidalgo-conmemora-su-157-aniversario-con-jornada-cultural\/","title":{"rendered":"Hidalgo conmemora su 157 aniversario con jornada cultural\u00a0"},"content":{"rendered":"<aside class=\"mashsb-container mashsb-main mashsb-stretched\"><div class=\"mashsb-box\"><div class=\"mashsb-count mash-large\" style=\"float:left\"><div class=\"counts mashsbcount\">0<\/div><span class=\"mashsb-sharetext\">SHARES<\/span><\/div><div class=\"mashsb-buttons\"><a class=\"mashicon-facebook mash-large mash-center mashsb-noshadow\" href=\"https:\/\/www.facebook.com\/sharer.php?u=https%3A%2F%2Fwww.zunoticia.com%2Fnoticias-de-hidalgo%2F2026%2F01%2F14%2Fhidalgo-conmemora-su-157-aniversario-con-jornada-cultural%2F\" target=\"_top\" rel=\"nofollow\"><span class=\"icon\"><\/span><span class=\"text\">Share<\/span><\/a><a class=\"mashicon-twitter mash-large mash-center mashsb-noshadow\" href=\"https:\/\/twitter.com\/intent\/tweet?text=&amp;url=https:\/\/www.zunoticia.com\/noticias-de-hidalgo\/2026\/01\/14\/hidalgo-conmemora-su-157-aniversario-con-jornada-cultural\/\" target=\"_top\" rel=\"nofollow\"><span class=\"icon\"><\/span><span class=\"text\">Tweet<\/span><\/a><div class=\"onoffswitch2 mash-large mashsb-noshadow\" style=\"display:none\"><\/div><\/div>\n            <\/div>\n                <div style=\"clear:both\"><\/div><div class=\"mashsb-toggle-container\"><\/div><\/aside>\n            <!-- Share buttons by mashshare.net - Version: 4.0.47-->\n<ul class=\"wp-block-list\">\n<li>La agenda re\u00fane expresiones de m\u00fasica tradicional, acad\u00e9mica y reflexi\u00f3n hist\u00f3rica.<\/li>\n<\/ul>\n\n\n\n<p><em>Por Redacci\u00f3n\/Zunoticia<\/em><em><\/em><\/p>\n\n\n\n<p><strong>Pachuca de Soto, Hgo.-<\/strong> Con motivo del 157 aniversario de la erecci\u00f3n del Estado de Hidalgo, se conmemorar\u00e1 esta fecha hist\u00f3rica con una jornada cultural que re\u00fane una charla y conciertos, orientados a celebrar la identidad, la memoria y la diversidad.<\/p>\n\n\n\n<p>La programaci\u00f3n iniciar\u00e1 el viernes 16 de enero, a las 18:00 horas, en el Teatro Guillermo Romo de Vivar, con el concierto Hidalgo: Ra\u00edz y Tiempo, a cargo de Los Pregoneritos de Hidalgo, una propuesta musical que recupera sonoridades tradicionales y expresiones que dialogan con la herencia cultural de la entidad.<\/p>\n\n\n\n<p>Las actividades continuar\u00e1n el s\u00e1bado 17 de enero, tambi\u00e9n a las 18:00 horas, en el mismo recinto, con el concierto Ra\u00edces, presentado por la Orquesta de Guitarras Pedro Barrera, que ofrecer\u00e1 un recorrido sonoro desde la m\u00fasica acad\u00e9mica con un enfoque formativo y art\u00edstico.<\/p>\n\n\n\n<p>Para cerrar la jornada, el 21 de enero a las 16:00 horas, en la Biblioteca Central Ricardo Garibay, Rub\u00e9n Gerardo P\u00e9rez Garc\u00eda impartir\u00e1 la charla Hidalgo y sus diversas etapas, una reflexi\u00f3n hist\u00f3rica que permitir\u00e1 al p\u00fablico profundizar en los procesos que dieron origen y forma al estado a lo largo del tiempo.<\/p>\n\n\n\n<figure class=\"wp-block-gallery has-nested-images columns-default is-cropped wp-block-gallery-1 is-layout-flex wp-block-gallery-is-layout-flex\">\n<figure class=\"wp-block-image size-large\"><img fetchpriority=\"high\" decoding=\"async\" width=\"819\" height=\"1024\" data-id=\"622206\" src=\"https:\/\/www.zunoticia.com\/noticias-de-hidalgo\/wp-content\/uploads\/2026\/01\/Estado6a-819x1024.png\" alt=\"\" class=\"wp-image-622206\" srcset=\"https:\/\/www.zunoticia.com\/noticias-de-hidalgo\/wp-content\/uploads\/2026\/01\/Estado6a-819x1024.png 819w, https:\/\/www.zunoticia.com\/noticias-de-hidalgo\/wp-content\/uploads\/2026\/01\/Estado6a-240x300.png 240w, https:\/\/www.zunoticia.com\/noticias-de-hidalgo\/wp-content\/uploads\/2026\/01\/Estado6a-768x960.png 768w, https:\/\/www.zunoticia.com\/noticias-de-hidalgo\/wp-content\/uploads\/2026\/01\/Estado6a-1229x1536.png 1229w, https:\/\/www.zunoticia.com\/noticias-de-hidalgo\/wp-content\/uploads\/2026\/01\/Estado6a-1638x2048.png 1638w, https:\/\/www.zunoticia.com\/noticias-de-hidalgo\/wp-content\/uploads\/2026\/01\/Estado6a-1568x1960.png 1568w, https:\/\/www.zunoticia.com\/noticias-de-hidalgo\/wp-content\/uploads\/2026\/01\/Estado6a-scaled.png 2048w\" sizes=\"(max-width: 819px) 100vw, 819px\" \/><\/figure>\n\n\n\n<figure class=\"wp-block-image size-large\"><img decoding=\"async\" width=\"819\" height=\"1024\" data-id=\"622207\" src=\"https:\/\/www.zunoticia.com\/noticias-de-hidalgo\/wp-content\/uploads\/2026\/01\/Estado6b-819x1024.png\" alt=\"\" class=\"wp-image-622207\" srcset=\"https:\/\/www.zunoticia.com\/noticias-de-hidalgo\/wp-content\/uploads\/2026\/01\/Estado6b-819x1024.png 819w, https:\/\/www.zunoticia.com\/noticias-de-hidalgo\/wp-content\/uploads\/2026\/01\/Estado6b-240x300.png 240w, https:\/\/www.zunoticia.com\/noticias-de-hidalgo\/wp-content\/uploads\/2026\/01\/Estado6b-768x960.png 768w, https:\/\/www.zunoticia.com\/noticias-de-hidalgo\/wp-content\/uploads\/2026\/01\/Estado6b-1229x1536.png 1229w, https:\/\/www.zunoticia.com\/noticias-de-hidalgo\/wp-content\/uploads\/2026\/01\/Estado6b-1638x2048.png 1638w, https:\/\/www.zunoticia.com\/noticias-de-hidalgo\/wp-content\/uploads\/2026\/01\/Estado6b-1568x1960.png 1568w, https:\/\/www.zunoticia.com\/noticias-de-hidalgo\/wp-content\/uploads\/2026\/01\/Estado6b-scaled.png 2048w\" sizes=\"(max-width: 819px) 100vw, 819px\" \/><\/figure>\n<\/figure>\n\n\n\n<p>De esta manera, la conmemoraci\u00f3n del aniversario de Hidalgo se convierte en una oportunidad para acercar a la ciudadan\u00eda a expresiones art\u00edsticas y contenidos hist\u00f3ricos que fortalecen el sentido de pertenencia y el reconocimiento de la riqueza cultural del estado.<\/p>\n\n\n\n<p>A trav\u00e9s de la m\u00fasica y la reflexi\u00f3n hist\u00f3rica, se refrenda una vocaci\u00f3n cultural y una apuesta por una identidad viva, como parte de la l\u00ednea de trabajo que impulsa el gobierno estatal encabezado por Julio Menchaca Salazar, con el acompa\u00f1amiento de la Secretar\u00eda de Cultura, bajo la conducci\u00f3n de Neyda Naranjo Baltazar.<\/p>\n","protected":false},"excerpt":{"rendered":"<p>Por Redacci\u00f3n\/Zunoticia Pachuca de Soto, Hgo.- Con motivo del 157 aniversario de la erecci\u00f3n del Estado de Hidalgo, se conmemorar\u00e1 esta fecha hist\u00f3rica con una jornada cultural que re\u00fane una charla y conciertos, orientados a celebrar la identidad, la memoria y la diversidad. La programaci\u00f3n iniciar\u00e1 el viernes 16 de enero, a las 18:00 horas,&hellip; <a class=\"more-link\" href=\"https:\/\/www.zunoticia.com\/noticias-de-hidalgo\/2026\/01\/14\/hidalgo-conmemora-su-157-aniversario-con-jornada-cultural\/\">Seguir leyendo <span class=\"screen-reader-text\">Hidalgo conmemora su 157 aniversario con jornada cultural\u00a0<\/span><\/a><\/p>\n","protected":false},"author":20,"featured_media":622205,"comment_status":"open","ping_status":"open","sticky":false,"template":"","format":"standard","meta":{"rop_custom_images_group":[],"rop_custom_messages_group":[],"rop_publish_now":"initial","rop_publish_now_accounts":{"facebook_10159540855086992_322828327761733":""},"rop_publish_now_history":[],"rop_publish_now_status":"pending","footnotes":""},"categories":[1],"tags":[214],"class_list":["post-622204","post","type-post","status-publish","format-standard","has-post-thumbnail","hentry","category-sin-categoria","tag-estado","entry"],"_links":{"self":[{"href":"https:\/\/www.zunoticia.com\/noticias-de-hidalgo\/wp-json\/wp\/v2\/posts\/622204","targetHints":{"allow":["GET"]}}],"collection":[{"href":"https:\/\/www.zunoticia.com\/noticias-de-hidalgo\/wp-json\/wp\/v2\/posts"}],"about":[{"href":"https:\/\/www.zunoticia.com\/noticias-de-hidalgo\/wp-json\/wp\/v2\/types\/post"}],"author":[{"embeddable":true,"href":"https:\/\/www.zunoticia.com\/noticias-de-hidalgo\/wp-json\/wp\/v2\/users\/20"}],"replies":[{"embeddable":true,"href":"https:\/\/www.zunoticia.com\/noticias-de-hidalgo\/wp-json\/wp\/v2\/comments?post=622204"}],"version-history":[{"count":1,"href":"https:\/\/www.zunoticia.com\/noticias-de-hidalgo\/wp-json\/wp\/v2\/posts\/622204\/revisions"}],"predecessor-version":[{"id":622208,"href":"https:\/\/www.zunoticia.com\/noticias-de-hidalgo\/wp-json\/wp\/v2\/posts\/622204\/revisions\/622208"}],"wp:featuredmedia":[{"embeddable":true,"href":"https:\/\/www.zunoticia.com\/noticias-de-hidalgo\/wp-json\/wp\/v2\/media\/622205"}],"wp:attachment":[{"href":"https:\/\/www.zunoticia.com\/noticias-de-hidalgo\/wp-json\/wp\/v2\/media?parent=622204"}],"wp:term":[{"taxonomy":"category","embeddable":true,"href":"https:\/\/www.zunoticia.com\/noticias-de-hidalgo\/wp-json\/wp\/v2\/categories?post=622204"},{"taxonomy":"post_tag","embeddable":true,"href":"https:\/\/www.zunoticia.com\/noticias-de-hidalgo\/wp-json\/wp\/v2\/tags?post=622204"}],"curies":[{"name":"wp","href":"https:\/\/api.w.org\/{rel}","templated":true}]}}