{"id":622373,"date":"2026-01-15T20:14:44","date_gmt":"2026-01-16T02:14:44","guid":{"rendered":"https:\/\/www.zunoticia.com\/noticias-de-hidalgo\/?p=622373"},"modified":"2026-01-15T20:14:45","modified_gmt":"2026-01-16T02:14:45","slug":"retiran-la-ornamentacion-navidena-de-la-plaza","status":"publish","type":"post","link":"https:\/\/www.zunoticia.com\/noticias-de-hidalgo\/2026\/01\/15\/retiran-la-ornamentacion-navidena-de-la-plaza\/","title":{"rendered":"Retiran la ornamentaci\u00f3n navide\u00f1a de la plaza"},"content":{"rendered":"<aside class=\"mashsb-container mashsb-main mashsb-stretched\"><div class=\"mashsb-box\"><div class=\"mashsb-count mash-large\" style=\"float:left\"><div class=\"counts mashsbcount\">0<\/div><span class=\"mashsb-sharetext\">SHARES<\/span><\/div><div class=\"mashsb-buttons\"><a class=\"mashicon-facebook mash-large mash-center mashsb-noshadow\" href=\"https:\/\/www.facebook.com\/sharer.php?u=https%3A%2F%2Fwww.zunoticia.com%2Fnoticias-de-hidalgo%2F2026%2F01%2F15%2Fretiran-la-ornamentacion-navidena-de-la-plaza%2F\" target=\"_top\" rel=\"nofollow\"><span class=\"icon\"><\/span><span class=\"text\">Share<\/span><\/a><a class=\"mashicon-twitter mash-large mash-center mashsb-noshadow\" href=\"https:\/\/twitter.com\/intent\/tweet?text=&amp;url=https:\/\/www.zunoticia.com\/noticias-de-hidalgo\/2026\/01\/15\/retiran-la-ornamentacion-navidena-de-la-plaza\/\" target=\"_top\" rel=\"nofollow\"><span class=\"icon\"><\/span><span class=\"text\">Tweet<\/span><\/a><div class=\"onoffswitch2 mash-large mashsb-noshadow\" style=\"display:none\"><\/div><\/div>\n            <\/div>\n                <div style=\"clear:both\"><\/div><div class=\"mashsb-toggle-container\"><\/div><\/aside>\n            <!-- Share buttons by mashshare.net - Version: 4.0.47-->\n<p><em>Por \u00c1ngel Osiris Castillo Garc\u00eda\/Zunoticia<\/em><\/p>\n\n\n\n<p><strong>Tlanchinol, Hgo.-<\/strong> Tras culminar con las festividades decembrinas, personal del Ayuntamiento inici\u00f3 con el desmantelamiento de la ornamentaci\u00f3n que fue colocada en la plaza principal, as\u00ed como en el acceso a la zona Centro y sobre la calle Hidalgo, misma que se realiz\u00f3 mediante un esfuerzo del Ayuntamiento tras las afectaciones dejadas por las lluvias.<\/p>\n\n\n\n<p>Desde el pasado lunes, el \u00e1rbol de Navidad, que se encontraba en el Centro de la plaza Bicentenario, comenz\u00f3 a ser desmantelado, por parte del personal asignado del Ayuntamiento, parte por parte, y todos los adornos que fueron colocados, as\u00ed como las luces navide\u00f1as fueron guardadas de manera cuidadosa en cajas, para ser almacenadas hasta las pr\u00f3ximas festividades decembrinas.<\/p>\n\n\n\n<p>Lo mismo con los arcos que fueron colocados sobre la calle Hidalgo, en donde anteriormente se encontraba cerrada la circulaci\u00f3n y ya se encuentra nuevamente libre el paso vehicular, as\u00ed como el estacionamiento regulado por el parqu\u00edmetro humano, para mantener la disponibilidad de espacios.<\/p>\n\n\n\n<p>Cabe mencionar que, el alcalde Gabino Hern\u00e1ndez Vite, coment\u00f3, en su momento, que a pesar de que no se tendr\u00edan las mismas actividades que el a\u00f1o anterior, debido a la falta de recurso por las afectaciones dejadas por las pasadas lluvias, se hizo el esfuerzo por poder colocar la ornamentaci\u00f3n y que las familias del municipio pudieran tener un lugar a donde acudir a disfrutar de la Navidad.<\/p>\n","protected":false},"excerpt":{"rendered":"<p>Por \u00c1ngel Osiris Castillo Garc\u00eda\/Zunoticia Tlanchinol, Hgo.- Tras culminar con las festividades decembrinas, personal del Ayuntamiento inici\u00f3 con el desmantelamiento de la ornamentaci\u00f3n que fue colocada en la plaza principal, as\u00ed como en el acceso a la zona Centro y sobre la calle Hidalgo, misma que se realiz\u00f3 mediante un esfuerzo del Ayuntamiento tras las&hellip; <a class=\"more-link\" href=\"https:\/\/www.zunoticia.com\/noticias-de-hidalgo\/2026\/01\/15\/retiran-la-ornamentacion-navidena-de-la-plaza\/\">Seguir leyendo <span class=\"screen-reader-text\">Retiran la ornamentaci\u00f3n navide\u00f1a de la plaza<\/span><\/a><\/p>\n","protected":false},"author":12,"featured_media":622365,"comment_status":"open","ping_status":"open","sticky":false,"template":"","format":"standard","meta":{"rop_custom_images_group":[],"rop_custom_messages_group":[],"rop_publish_now":"initial","rop_publish_now_accounts":{"facebook_10159540855086992_322828327761733":""},"rop_publish_now_history":[],"rop_publish_now_status":"pending","footnotes":""},"categories":[219,201],"tags":[127],"class_list":["post-622373","post","type-post","status-publish","format-standard","has-post-thumbnail","hentry","category-sierra","category-tlanchinol","tag-tlanchinol","entry"],"_links":{"self":[{"href":"https:\/\/www.zunoticia.com\/noticias-de-hidalgo\/wp-json\/wp\/v2\/posts\/622373","targetHints":{"allow":["GET"]}}],"collection":[{"href":"https:\/\/www.zunoticia.com\/noticias-de-hidalgo\/wp-json\/wp\/v2\/posts"}],"about":[{"href":"https:\/\/www.zunoticia.com\/noticias-de-hidalgo\/wp-json\/wp\/v2\/types\/post"}],"author":[{"embeddable":true,"href":"https:\/\/www.zunoticia.com\/noticias-de-hidalgo\/wp-json\/wp\/v2\/users\/12"}],"replies":[{"embeddable":true,"href":"https:\/\/www.zunoticia.com\/noticias-de-hidalgo\/wp-json\/wp\/v2\/comments?post=622373"}],"version-history":[{"count":1,"href":"https:\/\/www.zunoticia.com\/noticias-de-hidalgo\/wp-json\/wp\/v2\/posts\/622373\/revisions"}],"predecessor-version":[{"id":622374,"href":"https:\/\/www.zunoticia.com\/noticias-de-hidalgo\/wp-json\/wp\/v2\/posts\/622373\/revisions\/622374"}],"wp:featuredmedia":[{"embeddable":true,"href":"https:\/\/www.zunoticia.com\/noticias-de-hidalgo\/wp-json\/wp\/v2\/media\/622365"}],"wp:attachment":[{"href":"https:\/\/www.zunoticia.com\/noticias-de-hidalgo\/wp-json\/wp\/v2\/media?parent=622373"}],"wp:term":[{"taxonomy":"category","embeddable":true,"href":"https:\/\/www.zunoticia.com\/noticias-de-hidalgo\/wp-json\/wp\/v2\/categories?post=622373"},{"taxonomy":"post_tag","embeddable":true,"href":"https:\/\/www.zunoticia.com\/noticias-de-hidalgo\/wp-json\/wp\/v2\/tags?post=622373"}],"curies":[{"name":"wp","href":"https:\/\/api.w.org\/{rel}","templated":true}]}}