{"id":624139,"date":"2026-01-29T14:40:56","date_gmt":"2026-01-29T20:40:56","guid":{"rendered":"https:\/\/www.zunoticia.com\/noticias-de-hidalgo\/?p=624139"},"modified":"2026-01-29T14:40:58","modified_gmt":"2026-01-29T20:40:58","slug":"el-nombre-de-carnaval-en-nahuatl-es-nanahuatilis-julio-sanchez-garcia","status":"publish","type":"post","link":"https:\/\/www.zunoticia.com\/noticias-de-hidalgo\/2026\/01\/29\/el-nombre-de-carnaval-en-nahuatl-es-nanahuatilis-julio-sanchez-garcia\/","title":{"rendered":"El nombre de Carnaval en n\u00e1huatl es &#8220;Nanahuatilis&#8221;: Julio S\u00e1nchez Garc\u00eda"},"content":{"rendered":"<aside class=\"mashsb-container mashsb-main mashsb-stretched\"><div class=\"mashsb-box\"><div class=\"mashsb-count mash-large\" style=\"float:left\"><div class=\"counts mashsbcount\">0<\/div><span class=\"mashsb-sharetext\">SHARES<\/span><\/div><div class=\"mashsb-buttons\"><a class=\"mashicon-facebook mash-large mash-center mashsb-noshadow\" href=\"https:\/\/www.facebook.com\/sharer.php?u=https%3A%2F%2Fwww.zunoticia.com%2Fnoticias-de-hidalgo%2F2026%2F01%2F29%2Fel-nombre-de-carnaval-en-nahuatl-es-nanahuatilis-julio-sanchez-garcia%2F\" target=\"_top\" rel=\"nofollow\"><span class=\"icon\"><\/span><span class=\"text\">Share<\/span><\/a><a class=\"mashicon-twitter mash-large mash-center mashsb-noshadow\" href=\"https:\/\/twitter.com\/intent\/tweet?text=&amp;url=https:\/\/www.zunoticia.com\/noticias-de-hidalgo\/2026\/01\/29\/el-nombre-de-carnaval-en-nahuatl-es-nanahuatilis-julio-sanchez-garcia\/\" target=\"_top\" rel=\"nofollow\"><span class=\"icon\"><\/span><span class=\"text\">Tweet<\/span><\/a><div class=\"onoffswitch2 mash-large mashsb-noshadow\" style=\"display:none\"><\/div><\/div>\n            <\/div>\n                <div style=\"clear:both\"><\/div><div class=\"mashsb-toggle-container\"><\/div><\/aside>\n            <!-- Share buttons by mashshare.net - Version: 4.0.47-->\n<p><em>Por Salvador Altamirano\/Zunoticia<\/em><\/p>\n\n\n\n<p><strong>Huejutla, Hgo<\/strong>.- Entrevistado en torno a la pr\u00f3xima festividad de Carnaval, el profesor Julio S\u00e1nchez Garc\u00eda, originario de la comunidad de Huitzotlaco, municipio de Atlapexco, expres\u00f3 que su abuelo, Eugenio S\u00e1nchez Salazar, le dec\u00eda que el nombre de esa celebraci\u00f3n en n\u00e1huatl es &#8220;Nanahuatilis&#8221;, que significa&nbsp; &#8220;Fiesta del diablo&#8221;.<\/p>\n\n\n\n<p>Explic\u00f3 que, dicho festejo ten\u00eda una duraci\u00f3n de 5 fechas, aunque el domingo elaboraban los zacahuiles, que, en los dos primeros d\u00edas de inicio, lunes y martes, se com\u00edan con carne de cerdo o pollo, y mi\u00e9rcoles, jueves y viernes, al tamal se la pon\u00eda en lugar de carne, ajonjol\u00ed, frijol o pemuche, por la proximidad de Semana Santa.<\/p>\n\n\n\n<p>A pregunta expresa, detall\u00f3 que, los primeros dos d\u00edas al zacahuil se le pon\u00eda carne porque se ofrendaba a todos aquellos que hab\u00edan sido asesinados con armas blancas o de fuego, y los tres restantes con legumbres porque inicia la Cuaresma, y es pecado comer carne.<\/p>\n\n\n\n<p>Al comentarle que en el municipio de Jaltoc\u00e1n al Carnaval le llaman &#8220;Nahuatilis&#8221;, que es muy diferente a &#8220;Nanahuatilis&#8221;, coment\u00f3 que es respetable su pronunciaci\u00f3n, pero nosotros le agregamos otra \u201cna&#8221;.<\/p>\n\n\n\n<p>Para finalizar, S\u00e1nchez Garc\u00eda subray\u00f3 que, &#8220;nana&#8221; significa nahuales o demonios, y para ellos simplemente nahual, que es una persona que se transforma en animal.<\/p>\n\n\n\n<p><\/p>\n","protected":false},"excerpt":{"rendered":"<p>Por Salvador Altamirano\/Zunoticia Huejutla, Hgo.- Entrevistado en torno a la pr\u00f3xima festividad de Carnaval, el profesor Julio S\u00e1nchez Garc\u00eda, originario de la comunidad de Huitzotlaco, municipio de Atlapexco, expres\u00f3 que su abuelo, Eugenio S\u00e1nchez Salazar, le dec\u00eda que el nombre de esa celebraci\u00f3n en n\u00e1huatl es &#8220;Nanahuatilis&#8221;, que significa&nbsp; &#8220;Fiesta del diablo&#8221;. Explic\u00f3 que, dicho&hellip; <a class=\"more-link\" href=\"https:\/\/www.zunoticia.com\/noticias-de-hidalgo\/2026\/01\/29\/el-nombre-de-carnaval-en-nahuatl-es-nanahuatilis-julio-sanchez-garcia\/\">Seguir leyendo <span class=\"screen-reader-text\">El nombre de Carnaval en n\u00e1huatl es &#8220;Nanahuatilis&#8221;: Julio S\u00e1nchez Garc\u00eda<\/span><\/a><\/p>\n","protected":false},"author":20,"featured_media":624140,"comment_status":"open","ping_status":"open","sticky":false,"template":"","format":"standard","meta":{"rop_custom_images_group":[],"rop_custom_messages_group":[],"rop_publish_now":"initial","rop_publish_now_accounts":{"facebook_10159540855086992_322828327761733":""},"rop_publish_now_history":[],"rop_publish_now_status":"pending","footnotes":""},"categories":[181],"tags":[121],"class_list":["post-624139","post","type-post","status-publish","format-standard","has-post-thumbnail","hentry","category-huejutla","tag-huejutla","entry"],"_links":{"self":[{"href":"https:\/\/www.zunoticia.com\/noticias-de-hidalgo\/wp-json\/wp\/v2\/posts\/624139","targetHints":{"allow":["GET"]}}],"collection":[{"href":"https:\/\/www.zunoticia.com\/noticias-de-hidalgo\/wp-json\/wp\/v2\/posts"}],"about":[{"href":"https:\/\/www.zunoticia.com\/noticias-de-hidalgo\/wp-json\/wp\/v2\/types\/post"}],"author":[{"embeddable":true,"href":"https:\/\/www.zunoticia.com\/noticias-de-hidalgo\/wp-json\/wp\/v2\/users\/20"}],"replies":[{"embeddable":true,"href":"https:\/\/www.zunoticia.com\/noticias-de-hidalgo\/wp-json\/wp\/v2\/comments?post=624139"}],"version-history":[{"count":1,"href":"https:\/\/www.zunoticia.com\/noticias-de-hidalgo\/wp-json\/wp\/v2\/posts\/624139\/revisions"}],"predecessor-version":[{"id":624141,"href":"https:\/\/www.zunoticia.com\/noticias-de-hidalgo\/wp-json\/wp\/v2\/posts\/624139\/revisions\/624141"}],"wp:featuredmedia":[{"embeddable":true,"href":"https:\/\/www.zunoticia.com\/noticias-de-hidalgo\/wp-json\/wp\/v2\/media\/624140"}],"wp:attachment":[{"href":"https:\/\/www.zunoticia.com\/noticias-de-hidalgo\/wp-json\/wp\/v2\/media?parent=624139"}],"wp:term":[{"taxonomy":"category","embeddable":true,"href":"https:\/\/www.zunoticia.com\/noticias-de-hidalgo\/wp-json\/wp\/v2\/categories?post=624139"},{"taxonomy":"post_tag","embeddable":true,"href":"https:\/\/www.zunoticia.com\/noticias-de-hidalgo\/wp-json\/wp\/v2\/tags?post=624139"}],"curies":[{"name":"wp","href":"https:\/\/api.w.org\/{rel}","templated":true}]}}