{"id":624274,"date":"2026-01-30T14:16:17","date_gmt":"2026-01-30T20:16:17","guid":{"rendered":"https:\/\/www.zunoticia.com\/noticias-de-hidalgo\/?p=624274"},"modified":"2026-01-30T14:16:18","modified_gmt":"2026-01-30T20:16:18","slug":"capacitan-a-las-nuevas-autoridades","status":"publish","type":"post","link":"https:\/\/www.zunoticia.com\/noticias-de-hidalgo\/2026\/01\/30\/capacitan-a-las-nuevas-autoridades\/","title":{"rendered":"Capacitan a las nuevas autoridades"},"content":{"rendered":"<aside class=\"mashsb-container mashsb-main mashsb-stretched\"><div class=\"mashsb-box\"><div class=\"mashsb-count mash-large\" style=\"float:left\"><div class=\"counts mashsbcount\">0<\/div><span class=\"mashsb-sharetext\">SHARES<\/span><\/div><div class=\"mashsb-buttons\"><a class=\"mashicon-facebook mash-large mash-center mashsb-noshadow\" href=\"https:\/\/www.facebook.com\/sharer.php?u=https%3A%2F%2Fwww.zunoticia.com%2Fnoticias-de-hidalgo%2F2026%2F01%2F30%2Fcapacitan-a-las-nuevas-autoridades%2F\" target=\"_top\" rel=\"nofollow\"><span class=\"icon\"><\/span><span class=\"text\">Share<\/span><\/a><a class=\"mashicon-twitter mash-large mash-center mashsb-noshadow\" href=\"https:\/\/twitter.com\/intent\/tweet?text=&amp;url=https:\/\/www.zunoticia.com\/noticias-de-hidalgo\/2026\/01\/30\/capacitan-a-las-nuevas-autoridades\/\" target=\"_top\" rel=\"nofollow\"><span class=\"icon\"><\/span><span class=\"text\">Tweet<\/span><\/a><div class=\"onoffswitch2 mash-large mashsb-noshadow\" style=\"display:none\"><\/div><\/div>\n            <\/div>\n                <div style=\"clear:both\"><\/div><div class=\"mashsb-toggle-container\"><\/div><\/aside>\n            <!-- Share buttons by mashshare.net - Version: 4.0.47-->\n<p><em>Por \u00c1ngel Osiris Castillo Garc\u00eda\/Zunoticia<\/em><\/p>\n\n\n\n<p><strong>Tlanchinol, Hgo<\/strong>.- A pesar de las bajas temperaturas y la densa neblina que se registra en el municipio, se lleva a cabo la capacitaci\u00f3n a los nuevos delegados, as\u00ed como los comit\u00e9s de comunidades y barrios por parte del Ayuntamiento, encabezada por el alcalde Gabino Hern\u00e1ndez Vite junto a todos los funcionarios de la administraci\u00f3n.<\/p>\n\n\n\n<p>Tal como se convoc\u00f3, durante la ceremonia de toma de protesta a las nuevas autoridades, este viernes se llev\u00f3 a cabo la capacitaci\u00f3n con la presencia de todos los funcionarios con el fin de poder dar a conocer el organigrama municipal y cu\u00e1les son las \u00e1reas que atienden.<\/p>\n\n\n\n<p>Esto, con el fin que sepan a d\u00f3nde dirigirse cuando requieren de realizar un tr\u00e1mite o solicitar una atenci\u00f3n, adem\u00e1s que a cada zona se le asign\u00f3 un funcionario como tutor para poder orientarlos sobre cualquier tr\u00e1mite.<\/p>\n\n\n\n<p>As\u00ed mismo, se les pidi\u00f3 a los delegados generar conciencia con sus vecinos sobre el tema de los apoyos sociales, ya que ahora se debe pasar por diferentes \u00e1reas para ser aprobados y debidamente justificados, para no incurrir en irregularidades que despu\u00e9s pueden ser observadas por la Contralor\u00eda.<\/p>\n\n\n\n<figure class=\"wp-block-gallery has-nested-images columns-default is-cropped wp-block-gallery-1 is-layout-flex wp-block-gallery-is-layout-flex\">\n<figure class=\"wp-block-image size-large\"><img fetchpriority=\"high\" decoding=\"async\" width=\"933\" height=\"524\" data-id=\"624276\" src=\"https:\/\/www.zunoticia.com\/noticias-de-hidalgo\/wp-content\/uploads\/2026\/01\/Zunoticia-Huejutla-2-124.png\" alt=\"\" class=\"wp-image-624276\" srcset=\"https:\/\/www.zunoticia.com\/noticias-de-hidalgo\/wp-content\/uploads\/2026\/01\/Zunoticia-Huejutla-2-124.png 933w, https:\/\/www.zunoticia.com\/noticias-de-hidalgo\/wp-content\/uploads\/2026\/01\/Zunoticia-Huejutla-2-124-300x168.png 300w, https:\/\/www.zunoticia.com\/noticias-de-hidalgo\/wp-content\/uploads\/2026\/01\/Zunoticia-Huejutla-2-124-768x431.png 768w\" sizes=\"(max-width: 933px) 100vw, 933px\" \/><\/figure>\n\n\n\n<figure class=\"wp-block-image size-full\"><img decoding=\"async\" width=\"933\" height=\"524\" data-id=\"624277\" src=\"https:\/\/www.zunoticia.com\/noticias-de-hidalgo\/wp-content\/uploads\/2026\/01\/Zunoticia-Huejutla-1-282.png\" alt=\"\" class=\"wp-image-624277\" srcset=\"https:\/\/www.zunoticia.com\/noticias-de-hidalgo\/wp-content\/uploads\/2026\/01\/Zunoticia-Huejutla-1-282.png 933w, https:\/\/www.zunoticia.com\/noticias-de-hidalgo\/wp-content\/uploads\/2026\/01\/Zunoticia-Huejutla-1-282-300x168.png 300w, https:\/\/www.zunoticia.com\/noticias-de-hidalgo\/wp-content\/uploads\/2026\/01\/Zunoticia-Huejutla-1-282-768x431.png 768w\" sizes=\"(max-width: 933px) 100vw, 933px\" \/><\/figure>\n<\/figure>\n\n\n\n<p>El alcalde Gabino Hern\u00e1ndez Vite, reiter\u00f3 que, se debe concientizar a la poblaci\u00f3n en cumplir los lineamientos legales, que la administraci\u00f3n puede apoyar en diferentes solicitudes pero no puede cargar con todo, ya que se tiene que mantener el presupuesto para todo el a\u00f1o.<\/p>\n\n\n\n<p>Por su parte, la presidenta del DIF municipal, Anabel Mateos S\u00e1nchez, pidi\u00f3 dar seguimiento a la conformaci\u00f3n de los comit\u00e9s municipales del DIF en las comunidades para dar seguimiento a los trabajos que se requieren de manera coordinada.<\/p>\n\n\n\n<p>Sobre todo, tomar conciencia en darle el uso adecuado a la ambulancia, porque refiere que, hay casos en que no es necesario para un traslado, ya que no son tan graves y es gasto de combustible, adem\u00e1s de que se puede necesitar en otro lado.<\/p>\n\n\n\n<p>Tambi\u00e9n el estar al pendiente de los adultos mayores, tener un padr\u00f3n de quienes reciben apoyos de Bienestar, ya que hay muchos casos donde los mismos familiares los despojan de su dinero, y sobre todo, que los mismos delegados participen junto con los comit\u00e9s.<\/p>\n\n\n\n<p>El director de Protecci\u00f3n civil municipal dio a conocer que se pretende trabajar en capacitaci\u00f3n sobre prevenci\u00f3n y atenci\u00f3n de incendios, adem\u00e1s de atender las medidas de prevenci\u00f3n de accidentes como el uso de casco y evitar las falsas alarmas.<\/p>\n","protected":false},"excerpt":{"rendered":"<p>Por \u00c1ngel Osiris Castillo Garc\u00eda\/Zunoticia Tlanchinol, Hgo.- A pesar de las bajas temperaturas y la densa neblina que se registra en el municipio, se lleva a cabo la capacitaci\u00f3n a los nuevos delegados, as\u00ed como los comit\u00e9s de comunidades y barrios por parte del Ayuntamiento, encabezada por el alcalde Gabino Hern\u00e1ndez Vite junto a todos&hellip; <a class=\"more-link\" href=\"https:\/\/www.zunoticia.com\/noticias-de-hidalgo\/2026\/01\/30\/capacitan-a-las-nuevas-autoridades\/\">Seguir leyendo <span class=\"screen-reader-text\">Capacitan a las nuevas autoridades<\/span><\/a><\/p>\n","protected":false},"author":20,"featured_media":624275,"comment_status":"open","ping_status":"open","sticky":false,"template":"","format":"standard","meta":{"rop_custom_images_group":[],"rop_custom_messages_group":[],"rop_publish_now":"initial","rop_publish_now_accounts":{"facebook_10159540855086992_322828327761733":""},"rop_publish_now_history":[],"rop_publish_now_status":"pending","footnotes":""},"categories":[179,201],"tags":[127],"class_list":["post-624274","post","type-post","status-publish","format-standard","has-post-thumbnail","hentry","category-huasteca","category-tlanchinol","tag-tlanchinol","entry"],"_links":{"self":[{"href":"https:\/\/www.zunoticia.com\/noticias-de-hidalgo\/wp-json\/wp\/v2\/posts\/624274","targetHints":{"allow":["GET"]}}],"collection":[{"href":"https:\/\/www.zunoticia.com\/noticias-de-hidalgo\/wp-json\/wp\/v2\/posts"}],"about":[{"href":"https:\/\/www.zunoticia.com\/noticias-de-hidalgo\/wp-json\/wp\/v2\/types\/post"}],"author":[{"embeddable":true,"href":"https:\/\/www.zunoticia.com\/noticias-de-hidalgo\/wp-json\/wp\/v2\/users\/20"}],"replies":[{"embeddable":true,"href":"https:\/\/www.zunoticia.com\/noticias-de-hidalgo\/wp-json\/wp\/v2\/comments?post=624274"}],"version-history":[{"count":1,"href":"https:\/\/www.zunoticia.com\/noticias-de-hidalgo\/wp-json\/wp\/v2\/posts\/624274\/revisions"}],"predecessor-version":[{"id":624278,"href":"https:\/\/www.zunoticia.com\/noticias-de-hidalgo\/wp-json\/wp\/v2\/posts\/624274\/revisions\/624278"}],"wp:featuredmedia":[{"embeddable":true,"href":"https:\/\/www.zunoticia.com\/noticias-de-hidalgo\/wp-json\/wp\/v2\/media\/624275"}],"wp:attachment":[{"href":"https:\/\/www.zunoticia.com\/noticias-de-hidalgo\/wp-json\/wp\/v2\/media?parent=624274"}],"wp:term":[{"taxonomy":"category","embeddable":true,"href":"https:\/\/www.zunoticia.com\/noticias-de-hidalgo\/wp-json\/wp\/v2\/categories?post=624274"},{"taxonomy":"post_tag","embeddable":true,"href":"https:\/\/www.zunoticia.com\/noticias-de-hidalgo\/wp-json\/wp\/v2\/tags?post=624274"}],"curies":[{"name":"wp","href":"https:\/\/api.w.org\/{rel}","templated":true}]}}