{"id":625120,"date":"2026-02-06T21:14:33","date_gmt":"2026-02-07T03:14:33","guid":{"rendered":"https:\/\/www.zunoticia.com\/noticias-de-hidalgo\/?p=625120"},"modified":"2026-02-06T21:14:35","modified_gmt":"2026-02-07T03:14:35","slug":"reconoce-el-alcalde-a-personal-de-enfermeria","status":"publish","type":"post","link":"https:\/\/www.zunoticia.com\/noticias-de-hidalgo\/2026\/02\/06\/reconoce-el-alcalde-a-personal-de-enfermeria\/","title":{"rendered":"Reconoce el alcalde a personal de enfermer\u00eda"},"content":{"rendered":"<aside class=\"mashsb-container mashsb-main mashsb-stretched\"><div class=\"mashsb-box\"><div class=\"mashsb-count mash-large\" style=\"float:left\"><div class=\"counts mashsbcount\">0<\/div><span class=\"mashsb-sharetext\">SHARES<\/span><\/div><div class=\"mashsb-buttons\"><a class=\"mashicon-facebook mash-large mash-center mashsb-noshadow\" href=\"https:\/\/www.facebook.com\/sharer.php?u=https%3A%2F%2Fwww.zunoticia.com%2Fnoticias-de-hidalgo%2F2026%2F02%2F06%2Freconoce-el-alcalde-a-personal-de-enfermeria%2F\" target=\"_top\" rel=\"nofollow\"><span class=\"icon\"><\/span><span class=\"text\">Share<\/span><\/a><a class=\"mashicon-twitter mash-large mash-center mashsb-noshadow\" href=\"https:\/\/twitter.com\/intent\/tweet?text=&amp;url=https:\/\/www.zunoticia.com\/noticias-de-hidalgo\/2026\/02\/06\/reconoce-el-alcalde-a-personal-de-enfermeria\/\" target=\"_top\" rel=\"nofollow\"><span class=\"icon\"><\/span><span class=\"text\">Tweet<\/span><\/a><div class=\"onoffswitch2 mash-large mashsb-noshadow\" style=\"display:none\"><\/div><\/div>\n            <\/div>\n                <div style=\"clear:both\"><\/div><div class=\"mashsb-toggle-container\"><\/div><\/aside>\n            <!-- Share buttons by mashshare.net - Version: 4.0.47-->\n<p><em>Por Angel Osiris Castillo Garc\u00eda\/Zunoticia<\/em><\/p>\n\n\n\n<p><strong>Tlanchinol, Hgo.-<\/strong> Dentro de la celebraci\u00f3n del D\u00eda de la Enfermera, el alcalde Gabino Hern\u00e1ndez Vite, reconoci\u00f3 la labor que realiza el personal de Salud en las comunidades y en los hospitales, destacando que los j\u00f3venes estudiantes prefirieren un Congreso de formaci\u00f3n acad\u00e9mica a un festejo y ofreci\u00f3 su respaldo, a trav\u00e9s del \u00e1rea de Desarrollo Econ\u00f3mico.<\/p>\n\n\n\n<p>Lo anterior se llev\u00f3 a cabo la ma\u00f1ana de este viernes, en el sal\u00f3n El Escondite, en donde el alcalde, Gabino Hern\u00e1ndez Vite, acudi\u00f3 como invitado de honor, junto a su esposa, la presidenta del DIF municipal, Anabel Mateos S\u00e1nchez, as\u00ed como funcionarios y el presidente del PAN, Gelasio Hern\u00e1ndez.<\/p>\n\n\n\n<p>Ah\u00ed, el alcalde reconoci\u00f3 la labor que realiza el personal de enfermer\u00eda, tanto hombres, como mujeres que practican esta profesi\u00f3n, sobre todo, en las comunidades a donde llegan sin importar las condiciones, recordando a una enfermera que conoci\u00f3 en su juventud, a quien observaba como llegaba cargando el termo de las vacunas hasta donde se necesitara.<\/p>\n\n\n\n<p>Ante esto, mencion\u00f3 que, cuando logr\u00f3 ser presidente en la primera administraci\u00f3n decidi\u00f3 nombrar una Casa de Salud de la comunidad de Tierra Nueva con el nombre de la enfermera Esther Vite, a quien conoc\u00edan con el apodo de La G\u00fcera, como una forma de hacerle un homenaje a las personas locales que hacen un esfuerzo extraordinario.<\/p>\n\n\n\n<p>Adem\u00e1s, felicit\u00f3 a los estudiantes de enfermer\u00eda por preferir que se realizara un Congreso Acad\u00e9mico en lugar de un baile, ya que eso sirve m\u00e1s a su formaci\u00f3n, adem\u00e1s, ofreci\u00f3 que, mediante la direcci\u00f3n de Desarrollo Econ\u00f3mico, para que puedan tener acceso a apoyos municipales.<\/p>\n","protected":false},"excerpt":{"rendered":"<p>Por Angel Osiris Castillo Garc\u00eda\/Zunoticia Tlanchinol, Hgo.- Dentro de la celebraci\u00f3n del D\u00eda de la Enfermera, el alcalde Gabino Hern\u00e1ndez Vite, reconoci\u00f3 la labor que realiza el personal de Salud en las comunidades y en los hospitales, destacando que los j\u00f3venes estudiantes prefirieren un Congreso de formaci\u00f3n acad\u00e9mica a un festejo y ofreci\u00f3 su respaldo,&hellip; <a class=\"more-link\" href=\"https:\/\/www.zunoticia.com\/noticias-de-hidalgo\/2026\/02\/06\/reconoce-el-alcalde-a-personal-de-enfermeria\/\">Seguir leyendo <span class=\"screen-reader-text\">Reconoce el alcalde a personal de enfermer\u00eda<\/span><\/a><\/p>\n","protected":false},"author":12,"featured_media":625115,"comment_status":"open","ping_status":"open","sticky":false,"template":"","format":"standard","meta":{"rop_custom_images_group":[],"rop_custom_messages_group":[],"rop_publish_now":"initial","rop_publish_now_accounts":{"facebook_10159540855086992_322828327761733":""},"rop_publish_now_history":[],"rop_publish_now_status":"pending","footnotes":""},"categories":[219,201],"tags":[127],"class_list":["post-625120","post","type-post","status-publish","format-standard","has-post-thumbnail","hentry","category-sierra","category-tlanchinol","tag-tlanchinol","entry"],"_links":{"self":[{"href":"https:\/\/www.zunoticia.com\/noticias-de-hidalgo\/wp-json\/wp\/v2\/posts\/625120","targetHints":{"allow":["GET"]}}],"collection":[{"href":"https:\/\/www.zunoticia.com\/noticias-de-hidalgo\/wp-json\/wp\/v2\/posts"}],"about":[{"href":"https:\/\/www.zunoticia.com\/noticias-de-hidalgo\/wp-json\/wp\/v2\/types\/post"}],"author":[{"embeddable":true,"href":"https:\/\/www.zunoticia.com\/noticias-de-hidalgo\/wp-json\/wp\/v2\/users\/12"}],"replies":[{"embeddable":true,"href":"https:\/\/www.zunoticia.com\/noticias-de-hidalgo\/wp-json\/wp\/v2\/comments?post=625120"}],"version-history":[{"count":1,"href":"https:\/\/www.zunoticia.com\/noticias-de-hidalgo\/wp-json\/wp\/v2\/posts\/625120\/revisions"}],"predecessor-version":[{"id":625121,"href":"https:\/\/www.zunoticia.com\/noticias-de-hidalgo\/wp-json\/wp\/v2\/posts\/625120\/revisions\/625121"}],"wp:featuredmedia":[{"embeddable":true,"href":"https:\/\/www.zunoticia.com\/noticias-de-hidalgo\/wp-json\/wp\/v2\/media\/625115"}],"wp:attachment":[{"href":"https:\/\/www.zunoticia.com\/noticias-de-hidalgo\/wp-json\/wp\/v2\/media?parent=625120"}],"wp:term":[{"taxonomy":"category","embeddable":true,"href":"https:\/\/www.zunoticia.com\/noticias-de-hidalgo\/wp-json\/wp\/v2\/categories?post=625120"},{"taxonomy":"post_tag","embeddable":true,"href":"https:\/\/www.zunoticia.com\/noticias-de-hidalgo\/wp-json\/wp\/v2\/tags?post=625120"}],"curies":[{"name":"wp","href":"https:\/\/api.w.org\/{rel}","templated":true}]}}