{"id":625122,"date":"2026-02-06T21:17:15","date_gmt":"2026-02-07T03:17:15","guid":{"rendered":"https:\/\/www.zunoticia.com\/noticias-de-hidalgo\/?p=625122"},"modified":"2026-02-06T21:17:17","modified_gmt":"2026-02-07T03:17:17","slug":"realizan-despedida-a-enfermera-tras-29-anos-de-servicio","status":"publish","type":"post","link":"https:\/\/www.zunoticia.com\/noticias-de-hidalgo\/2026\/02\/06\/realizan-despedida-a-enfermera-tras-29-anos-de-servicio\/","title":{"rendered":"Realizan despedida a enfermera, tras 29 a\u00f1os de servicio"},"content":{"rendered":"<aside class=\"mashsb-container mashsb-main mashsb-stretched\"><div class=\"mashsb-box\"><div class=\"mashsb-count mash-large\" style=\"float:left\"><div class=\"counts mashsbcount\">0<\/div><span class=\"mashsb-sharetext\">SHARES<\/span><\/div><div class=\"mashsb-buttons\"><a class=\"mashicon-facebook mash-large mash-center mashsb-noshadow\" href=\"https:\/\/www.facebook.com\/sharer.php?u=https%3A%2F%2Fwww.zunoticia.com%2Fnoticias-de-hidalgo%2F2026%2F02%2F06%2Frealizan-despedida-a-enfermera-tras-29-anos-de-servicio%2F\" target=\"_top\" rel=\"nofollow\"><span class=\"icon\"><\/span><span class=\"text\">Share<\/span><\/a><a class=\"mashicon-twitter mash-large mash-center mashsb-noshadow\" href=\"https:\/\/twitter.com\/intent\/tweet?text=&amp;url=https:\/\/www.zunoticia.com\/noticias-de-hidalgo\/2026\/02\/06\/realizan-despedida-a-enfermera-tras-29-anos-de-servicio\/\" target=\"_top\" rel=\"nofollow\"><span class=\"icon\"><\/span><span class=\"text\">Tweet<\/span><\/a><div class=\"onoffswitch2 mash-large mashsb-noshadow\" style=\"display:none\"><\/div><\/div>\n            <\/div>\n                <div style=\"clear:both\"><\/div><div class=\"mashsb-toggle-container\"><\/div><\/aside>\n            <!-- Share buttons by mashshare.net - Version: 4.0.47-->\n<p><em>Por Angel Osiris Castillo Garc\u00eda\/Zunoticia<\/em><\/p>\n\n\n\n<p><strong>Tlanchinol, Hgo.-<\/strong> Tras 29 a\u00f1os de servicio, la enfermera Mariana Reyes Jim\u00e9nez timbr\u00f3 por \u00faltima vez, antes de jubilarse, en una emotiva ceremonia en la que estuvo presente la Secretaria General del Sindicato de Trabajadores de la Secretar\u00eda de Salud en el estado, as\u00ed como el alcalde Gabino Hern\u00e1ndez Vite y funcionarios estatales y federales.<\/p>\n\n\n\n<p>De acuerdo con la semblanza le\u00edda durante la ceremonia, se inform\u00f3 que la enfermera veterana Mariana Reyes Jim\u00e9nez, naci\u00f3 en Tlahuelilpan, Hidalgo,<\/p>\n\n\n<div class=\"wp-block-image\">\n<figure class=\"aligncenter size-large\"><img fetchpriority=\"high\" decoding=\"async\" width=\"576\" height=\"1024\" src=\"https:\/\/www.zunoticia.com\/noticias-de-hidalgo\/wp-content\/uploads\/2026\/02\/eZy-Watermark_06-02-2026_09-07-30-4720p.m-576x1024.jpg\" alt=\"\" class=\"wp-image-625117\" srcset=\"https:\/\/www.zunoticia.com\/noticias-de-hidalgo\/wp-content\/uploads\/2026\/02\/eZy-Watermark_06-02-2026_09-07-30-4720p.m-576x1024.jpg 576w, https:\/\/www.zunoticia.com\/noticias-de-hidalgo\/wp-content\/uploads\/2026\/02\/eZy-Watermark_06-02-2026_09-07-30-4720p.m-169x300.jpg 169w, https:\/\/www.zunoticia.com\/noticias-de-hidalgo\/wp-content\/uploads\/2026\/02\/eZy-Watermark_06-02-2026_09-07-30-4720p.m-768x1365.jpg 768w, https:\/\/www.zunoticia.com\/noticias-de-hidalgo\/wp-content\/uploads\/2026\/02\/eZy-Watermark_06-02-2026_09-07-30-4720p.m-864x1536.jpg 864w, https:\/\/www.zunoticia.com\/noticias-de-hidalgo\/wp-content\/uploads\/2026\/02\/eZy-Watermark_06-02-2026_09-07-30-4720p.m.jpg 900w\" sizes=\"(max-width: 576px) 100vw, 576px\" \/><\/figure>\n<\/div>\n\n\n<p>Realiz\u00f3 sus estudios profesionales de 1991 a 1995 en el Centro de Estudios Tecnol\u00f3gicos Industriales y de Servicios en Tula de Allende, Hidalgo, donde obtuvo el t\u00edtulo de T\u00e9cnico Profesional en Enfermer\u00eda General.<\/p>\n\n\n\n<p>Inici\u00f3 su trabajo en la Secretar\u00eda de Salud en los Servicios de Salud de Hidalgo, como enfermera general y encargada de vacunaci\u00f3n en la regi\u00f3n de Tepehuac\u00e1n de Guerrero, Hidalgo, de 1997 al 2007. Durante su trabajo, en el primer nivel de salud, labor\u00f3 en casas de salud, centros de salud y coordinaci\u00f3n municipal en la regi\u00f3n de Tlanchinol, Hidalgo. De 2007 a la fecha labor\u00f3 en el segundo nivel de atenci\u00f3n, prestando su servicio en el Hospital Integral de Tlanchinol, Hidalgo.<\/p>\n\n\n\n<p>Resaltando que, durante 29 a\u00f1os de servicio, m\u00e1s all\u00e1 de su labor como enfermera, ha llevado esperanza, amor y calidez humana a quien m\u00e1s lo necesita.<\/p>\n\n\n\n<p>\u201cEn los momentos m\u00e1s vulnerables, ha sido signo de fortaleza, sabidur\u00eda y consejo\u201d acto seguido procedi\u00f3 a realizar el encendido de la vela, que simboliza a vocaci\u00f3n, el compromiso \u00e9tico, la compasi\u00f3n y el conocimiento necesarios para el cuidado de los pacientes. Esta tradici\u00f3n, basada en el legado de Florence Nightingale, quien atend\u00eda a los heridos con una l\u00e1mpara en la Guerra de Crimea, al hacerlo Mariana expres\u00f3, \u201cque seamos luz para todo el mundo. Que as\u00ed sea&#8221;.<\/p>\n","protected":false},"excerpt":{"rendered":"<p>Por Angel Osiris Castillo Garc\u00eda\/Zunoticia Tlanchinol, Hgo.- Tras 29 a\u00f1os de servicio, la enfermera Mariana Reyes Jim\u00e9nez timbr\u00f3 por \u00faltima vez, antes de jubilarse, en una emotiva ceremonia en la que estuvo presente la Secretaria General del Sindicato de Trabajadores de la Secretar\u00eda de Salud en el estado, as\u00ed como el alcalde Gabino Hern\u00e1ndez Vite&hellip; <a class=\"more-link\" href=\"https:\/\/www.zunoticia.com\/noticias-de-hidalgo\/2026\/02\/06\/realizan-despedida-a-enfermera-tras-29-anos-de-servicio\/\">Seguir leyendo <span class=\"screen-reader-text\">Realizan despedida a enfermera, tras 29 a\u00f1os de servicio<\/span><\/a><\/p>\n","protected":false},"author":12,"featured_media":625118,"comment_status":"open","ping_status":"open","sticky":false,"template":"","format":"standard","meta":{"rop_custom_images_group":[],"rop_custom_messages_group":[],"rop_publish_now":"initial","rop_publish_now_accounts":{"facebook_10159540855086992_322828327761733":""},"rop_publish_now_history":[],"rop_publish_now_status":"pending","footnotes":""},"categories":[219,201],"tags":[127],"class_list":["post-625122","post","type-post","status-publish","format-standard","has-post-thumbnail","hentry","category-sierra","category-tlanchinol","tag-tlanchinol","entry"],"_links":{"self":[{"href":"https:\/\/www.zunoticia.com\/noticias-de-hidalgo\/wp-json\/wp\/v2\/posts\/625122","targetHints":{"allow":["GET"]}}],"collection":[{"href":"https:\/\/www.zunoticia.com\/noticias-de-hidalgo\/wp-json\/wp\/v2\/posts"}],"about":[{"href":"https:\/\/www.zunoticia.com\/noticias-de-hidalgo\/wp-json\/wp\/v2\/types\/post"}],"author":[{"embeddable":true,"href":"https:\/\/www.zunoticia.com\/noticias-de-hidalgo\/wp-json\/wp\/v2\/users\/12"}],"replies":[{"embeddable":true,"href":"https:\/\/www.zunoticia.com\/noticias-de-hidalgo\/wp-json\/wp\/v2\/comments?post=625122"}],"version-history":[{"count":1,"href":"https:\/\/www.zunoticia.com\/noticias-de-hidalgo\/wp-json\/wp\/v2\/posts\/625122\/revisions"}],"predecessor-version":[{"id":625123,"href":"https:\/\/www.zunoticia.com\/noticias-de-hidalgo\/wp-json\/wp\/v2\/posts\/625122\/revisions\/625123"}],"wp:featuredmedia":[{"embeddable":true,"href":"https:\/\/www.zunoticia.com\/noticias-de-hidalgo\/wp-json\/wp\/v2\/media\/625118"}],"wp:attachment":[{"href":"https:\/\/www.zunoticia.com\/noticias-de-hidalgo\/wp-json\/wp\/v2\/media?parent=625122"}],"wp:term":[{"taxonomy":"category","embeddable":true,"href":"https:\/\/www.zunoticia.com\/noticias-de-hidalgo\/wp-json\/wp\/v2\/categories?post=625122"},{"taxonomy":"post_tag","embeddable":true,"href":"https:\/\/www.zunoticia.com\/noticias-de-hidalgo\/wp-json\/wp\/v2\/tags?post=625122"}],"curies":[{"name":"wp","href":"https:\/\/api.w.org\/{rel}","templated":true}]}}