{"id":625621,"date":"2026-02-10T20:47:37","date_gmt":"2026-02-11T02:47:37","guid":{"rendered":"https:\/\/www.zunoticia.com\/noticias-de-hidalgo\/?p=625621"},"modified":"2026-02-10T20:47:39","modified_gmt":"2026-02-11T02:47:39","slug":"biblioteca-realizara-taller-descubriendo-emociones","status":"publish","type":"post","link":"https:\/\/www.zunoticia.com\/noticias-de-hidalgo\/2026\/02\/10\/biblioteca-realizara-taller-descubriendo-emociones\/","title":{"rendered":"Biblioteca realizar\u00e1 taller \u201cDescubriendo emociones\u201d"},"content":{"rendered":"<aside class=\"mashsb-container mashsb-main mashsb-stretched\"><div class=\"mashsb-box\"><div class=\"mashsb-count mash-large\" style=\"float:left\"><div class=\"counts mashsbcount\">0<\/div><span class=\"mashsb-sharetext\">SHARES<\/span><\/div><div class=\"mashsb-buttons\"><a class=\"mashicon-facebook mash-large mash-center mashsb-noshadow\" href=\"https:\/\/www.facebook.com\/sharer.php?u=https%3A%2F%2Fwww.zunoticia.com%2Fnoticias-de-hidalgo%2F2026%2F02%2F10%2Fbiblioteca-realizara-taller-descubriendo-emociones%2F\" target=\"_top\" rel=\"nofollow\"><span class=\"icon\"><\/span><span class=\"text\">Share<\/span><\/a><a class=\"mashicon-twitter mash-large mash-center mashsb-noshadow\" href=\"https:\/\/twitter.com\/intent\/tweet?text=&amp;url=https:\/\/www.zunoticia.com\/noticias-de-hidalgo\/2026\/02\/10\/biblioteca-realizara-taller-descubriendo-emociones\/\" target=\"_top\" rel=\"nofollow\"><span class=\"icon\"><\/span><span class=\"text\">Tweet<\/span><\/a><div class=\"onoffswitch2 mash-large mashsb-noshadow\" style=\"display:none\"><\/div><\/div>\n            <\/div>\n                <div style=\"clear:both\"><\/div><div class=\"mashsb-toggle-container\"><\/div><\/aside>\n            <!-- Share buttons by mashshare.net - Version: 4.0.47-->\n<p><em>Por \u00c1ngel Osiris Castillo Garc\u00eda\/Zunoticia<\/em><\/p>\n\n\n\n<p><strong>Tlanchinol, Hgo.-<\/strong> Con el fin de promover el respeto por los valores, el cuidado de la naturaleza, as\u00ed como la sana convivencia, la biblioteca municipal llevar\u00e1 a cabo un taller dirigido a alumnos de nivel b\u00e1sico, mismo que tendr\u00e1 una duraci\u00f3n de dos d\u00edas, con un cupo limitado.<\/p>\n\n\n\n<p>Lo anterior fue dado a conocer por Elia Eri Villegas Rubio, Coordinadora de Bibliotecas de Tlanchinol, informando que el taller est\u00e1 dirigido a estudiantes de nivel b\u00e1sico (primaria) el d\u00eda 19 y 20 de febrero de 2:00 a 4:00 de la tarde.<\/p>\n\n\n\n<p>Explic\u00f3 que, \u201cconsiste en reforzar valores, crear convivencias sanas y, sobre todo, ayudar a los chicos a reforzar amistades. El taller se llama Descubriendo Emociones y pretende tener una actitud din\u00e1mica de conocimiento y los vamos a ayudar a ense\u00f1ar a que cuiden la naturaleza, porque al final de esta actividad se van a llevar una plantita para su casa\u201d.<\/p>\n\n\n\n<p>Inform\u00f3 que, realizar\u00e1n diversas actividades \u201cvamos a hacer reciclaje, maceteros con reciclaje, vamos a trabajar juegos, eso nos ha funcionado mucho en la din\u00e1mica de interacci\u00f3n con los chicos y chicas y adem\u00e1s vamos a hablar sobre la justicia social\u201d.<\/p>\n\n\n\n<p>\u201cEso es pr\u00e1cticamente lo que tendremos esos dos d\u00edas, los invitamos para que puedan acudir aqu\u00ed, a su biblioteca p\u00fablica municipal y dici\u00e9ndoles que todas estas actividades son completamente gratis, para que puedan acudir, tenemos un cupo de 25 espacios nada m\u00e1s, para que si gustan puedan venir aqu\u00ed a la biblioteca a pedir informes\u201d.<\/p>\n","protected":false},"excerpt":{"rendered":"<p>Por \u00c1ngel Osiris Castillo Garc\u00eda\/Zunoticia Tlanchinol, Hgo.- Con el fin de promover el respeto por los valores, el cuidado de la naturaleza, as\u00ed como la sana convivencia, la biblioteca municipal llevar\u00e1 a cabo un taller dirigido a alumnos de nivel b\u00e1sico, mismo que tendr\u00e1 una duraci\u00f3n de dos d\u00edas, con un cupo limitado. Lo anterior&hellip; <a class=\"more-link\" href=\"https:\/\/www.zunoticia.com\/noticias-de-hidalgo\/2026\/02\/10\/biblioteca-realizara-taller-descubriendo-emociones\/\">Seguir leyendo <span class=\"screen-reader-text\">Biblioteca realizar\u00e1 taller \u201cDescubriendo emociones\u201d<\/span><\/a><\/p>\n","protected":false},"author":12,"featured_media":625601,"comment_status":"open","ping_status":"open","sticky":false,"template":"","format":"standard","meta":{"rop_custom_images_group":[],"rop_custom_messages_group":[],"rop_publish_now":"initial","rop_publish_now_accounts":{"facebook_10159540855086992_322828327761733":""},"rop_publish_now_history":[],"rop_publish_now_status":"pending","footnotes":""},"categories":[219,201],"tags":[127],"class_list":["post-625621","post","type-post","status-publish","format-standard","has-post-thumbnail","hentry","category-sierra","category-tlanchinol","tag-tlanchinol","entry"],"_links":{"self":[{"href":"https:\/\/www.zunoticia.com\/noticias-de-hidalgo\/wp-json\/wp\/v2\/posts\/625621","targetHints":{"allow":["GET"]}}],"collection":[{"href":"https:\/\/www.zunoticia.com\/noticias-de-hidalgo\/wp-json\/wp\/v2\/posts"}],"about":[{"href":"https:\/\/www.zunoticia.com\/noticias-de-hidalgo\/wp-json\/wp\/v2\/types\/post"}],"author":[{"embeddable":true,"href":"https:\/\/www.zunoticia.com\/noticias-de-hidalgo\/wp-json\/wp\/v2\/users\/12"}],"replies":[{"embeddable":true,"href":"https:\/\/www.zunoticia.com\/noticias-de-hidalgo\/wp-json\/wp\/v2\/comments?post=625621"}],"version-history":[{"count":1,"href":"https:\/\/www.zunoticia.com\/noticias-de-hidalgo\/wp-json\/wp\/v2\/posts\/625621\/revisions"}],"predecessor-version":[{"id":625622,"href":"https:\/\/www.zunoticia.com\/noticias-de-hidalgo\/wp-json\/wp\/v2\/posts\/625621\/revisions\/625622"}],"wp:featuredmedia":[{"embeddable":true,"href":"https:\/\/www.zunoticia.com\/noticias-de-hidalgo\/wp-json\/wp\/v2\/media\/625601"}],"wp:attachment":[{"href":"https:\/\/www.zunoticia.com\/noticias-de-hidalgo\/wp-json\/wp\/v2\/media?parent=625621"}],"wp:term":[{"taxonomy":"category","embeddable":true,"href":"https:\/\/www.zunoticia.com\/noticias-de-hidalgo\/wp-json\/wp\/v2\/categories?post=625621"},{"taxonomy":"post_tag","embeddable":true,"href":"https:\/\/www.zunoticia.com\/noticias-de-hidalgo\/wp-json\/wp\/v2\/tags?post=625621"}],"curies":[{"name":"wp","href":"https:\/\/api.w.org\/{rel}","templated":true}]}}