{"id":625783,"date":"2026-02-12T09:39:20","date_gmt":"2026-02-12T15:39:20","guid":{"rendered":"https:\/\/www.zunoticia.com\/noticias-de-hidalgo\/?p=625783"},"modified":"2026-02-12T09:39:23","modified_gmt":"2026-02-12T15:39:23","slug":"no-es-obligatorio-el-uso-de-cubrebocas-en-la-huasteca-recomiendan-portarlo-si-hay-sintomas-de-enfermedad","status":"publish","type":"post","link":"https:\/\/www.zunoticia.com\/noticias-de-hidalgo\/2026\/02\/12\/no-es-obligatorio-el-uso-de-cubrebocas-en-la-huasteca-recomiendan-portarlo-si-hay-sintomas-de-enfermedad\/","title":{"rendered":"No es obligatorio el uso de cubrebocas en la Huasteca; recomiendan portarlo si hay s\u00edntomas de enfermedad"},"content":{"rendered":"<aside class=\"mashsb-container mashsb-main mashsb-stretched\"><div class=\"mashsb-box\"><div class=\"mashsb-count mash-large\" style=\"float:left\"><div class=\"counts mashsbcount\">0<\/div><span class=\"mashsb-sharetext\">SHARES<\/span><\/div><div class=\"mashsb-buttons\"><a class=\"mashicon-facebook mash-large mash-center mashsb-noshadow\" href=\"https:\/\/www.facebook.com\/sharer.php?u=https%3A%2F%2Fwww.zunoticia.com%2Fnoticias-de-hidalgo%2F2026%2F02%2F12%2Fno-es-obligatorio-el-uso-de-cubrebocas-en-la-huasteca-recomiendan-portarlo-si-hay-sintomas-de-enfermedad%2F\" target=\"_top\" rel=\"nofollow\"><span class=\"icon\"><\/span><span class=\"text\">Share<\/span><\/a><a class=\"mashicon-twitter mash-large mash-center mashsb-noshadow\" href=\"https:\/\/twitter.com\/intent\/tweet?text=&amp;url=https:\/\/www.zunoticia.com\/noticias-de-hidalgo\/2026\/02\/12\/no-es-obligatorio-el-uso-de-cubrebocas-en-la-huasteca-recomiendan-portarlo-si-hay-sintomas-de-enfermedad\/\" target=\"_top\" rel=\"nofollow\"><span class=\"icon\"><\/span><span class=\"text\">Tweet<\/span><\/a><div class=\"onoffswitch2 mash-large mashsb-noshadow\" style=\"display:none\"><\/div><\/div>\n            <\/div>\n                <div style=\"clear:both\"><\/div><div class=\"mashsb-toggle-container\"><\/div><\/aside>\n            <!-- Share buttons by mashshare.net - Version: 4.0.47-->\n<p><em>Por Enedino Hern\u00e1ndez Alonso \/ Zunoticia<\/em><\/p>\n\n\n\n<p><strong>Huejutla, Hidalgo. &#8211;<\/strong> El jefe de la Jurisdicci\u00f3n Sanitaria 04 Huejutla, Jes\u00fas Rodr\u00edguez Ortega, inform\u00f3 que en la regi\u00f3n Huasteca el uso del cubrebocas no es obligatorio; sin embargo, se est\u00e1 promoviendo su utilizaci\u00f3n en personas que presenten s\u00edntomas de alguna enfermedad respiratoria, ante los recientes contagios de sarampi\u00f3n registrados en algunos municipios en el estado.<\/p>\n\n\n\n<p>Explic\u00f3 que, aunque en ciertas localidades del estado se ha optado por establecer el cubrebocas como medida preventiva, en la regi\u00f3n la recomendaci\u00f3n principal es que lo utilicen las personas enfermas, desde quienes padecen una infecci\u00f3n respiratoria aguda hasta quienes presenten s\u00edntomas relacionados con el sarampi\u00f3n.<\/p>\n\n\n\n<p>\u201cNosotros estamos promoviendo el uso del cubrebocas siempre y cuando alguna persona tenga alguna enfermedad. El paciente enfermo es quien deber\u00eda utilizarlo si acude a realizar alg\u00fan tr\u00e1mite o asistir a la escuela\u201d.<\/p>\n\n\n\n<p>Jes\u00fas Rodr\u00edguez Ortega, indic\u00f3 que en los planteles educativos ya se est\u00e1 alertando para que se implementen filtros sanitarios, a fin de detectar oportunamente posibles casos.<\/p>\n\n\n\n<p>Entre los s\u00edntomas de alerta mencion\u00f3 fiebre, tos, gripa, salpullido cut\u00e1neo generalizado, as\u00ed como la presencia de manchas dentro de la garganta, conocidas como manchas de Koplik.<\/p>\n\n\n\n<p>Recomend\u00f3 que, ante la presencia de estos signos, las personas acudan de inmediato a un Centro de Salud para realizar el diagn\u00f3stico correspondiente o descartar la enfermedad.<\/p>\n\n\n\n<p>Asimismo, pidi\u00f3 que el paciente utilice cubrebocas para evitar contagiar a otras personas y que no asista a su centro de trabajo o escuela, permaneciendo en resguardo domiciliario hasta tener certeza sobre su estado de salud.<\/p>\n\n\n\n<p>El funcionario de salud subray\u00f3 que el cubrebocas sigue siendo una herramienta esencial tanto para protegerse como para evitar transmitir enfermedades a los dem\u00e1s \u201cel uso del cubrebocas es fundamental para no llevar a cabo alg\u00fan contagio. Es una medida de protecci\u00f3n personal y colectiva\u201d.<\/p>\n","protected":false},"excerpt":{"rendered":"<p>Por Enedino Hern\u00e1ndez Alonso \/ Zunoticia Huejutla, Hidalgo. &#8211; El jefe de la Jurisdicci\u00f3n Sanitaria 04 Huejutla, Jes\u00fas Rodr\u00edguez Ortega, inform\u00f3 que en la regi\u00f3n Huasteca el uso del cubrebocas no es obligatorio; sin embargo, se est\u00e1 promoviendo su utilizaci\u00f3n en personas que presenten s\u00edntomas de alguna enfermedad respiratoria, ante los recientes contagios de sarampi\u00f3n&hellip; <a class=\"more-link\" href=\"https:\/\/www.zunoticia.com\/noticias-de-hidalgo\/2026\/02\/12\/no-es-obligatorio-el-uso-de-cubrebocas-en-la-huasteca-recomiendan-portarlo-si-hay-sintomas-de-enfermedad\/\">Seguir leyendo <span class=\"screen-reader-text\">No es obligatorio el uso de cubrebocas en la Huasteca; recomiendan portarlo si hay s\u00edntomas de enfermedad<\/span><\/a><\/p>\n","protected":false},"author":23,"featured_media":625784,"comment_status":"open","ping_status":"open","sticky":false,"template":"","format":"standard","meta":{"rop_custom_images_group":[],"rop_custom_messages_group":[],"rop_publish_now":"initial","rop_publish_now_accounts":{"facebook_10159540855086992_322828327761733":""},"rop_publish_now_history":[],"rop_publish_now_status":"pending","footnotes":""},"categories":[181],"tags":[121],"class_list":["post-625783","post","type-post","status-publish","format-standard","has-post-thumbnail","hentry","category-huejutla","tag-huejutla","entry"],"_links":{"self":[{"href":"https:\/\/www.zunoticia.com\/noticias-de-hidalgo\/wp-json\/wp\/v2\/posts\/625783","targetHints":{"allow":["GET"]}}],"collection":[{"href":"https:\/\/www.zunoticia.com\/noticias-de-hidalgo\/wp-json\/wp\/v2\/posts"}],"about":[{"href":"https:\/\/www.zunoticia.com\/noticias-de-hidalgo\/wp-json\/wp\/v2\/types\/post"}],"author":[{"embeddable":true,"href":"https:\/\/www.zunoticia.com\/noticias-de-hidalgo\/wp-json\/wp\/v2\/users\/23"}],"replies":[{"embeddable":true,"href":"https:\/\/www.zunoticia.com\/noticias-de-hidalgo\/wp-json\/wp\/v2\/comments?post=625783"}],"version-history":[{"count":1,"href":"https:\/\/www.zunoticia.com\/noticias-de-hidalgo\/wp-json\/wp\/v2\/posts\/625783\/revisions"}],"predecessor-version":[{"id":625785,"href":"https:\/\/www.zunoticia.com\/noticias-de-hidalgo\/wp-json\/wp\/v2\/posts\/625783\/revisions\/625785"}],"wp:featuredmedia":[{"embeddable":true,"href":"https:\/\/www.zunoticia.com\/noticias-de-hidalgo\/wp-json\/wp\/v2\/media\/625784"}],"wp:attachment":[{"href":"https:\/\/www.zunoticia.com\/noticias-de-hidalgo\/wp-json\/wp\/v2\/media?parent=625783"}],"wp:term":[{"taxonomy":"category","embeddable":true,"href":"https:\/\/www.zunoticia.com\/noticias-de-hidalgo\/wp-json\/wp\/v2\/categories?post=625783"},{"taxonomy":"post_tag","embeddable":true,"href":"https:\/\/www.zunoticia.com\/noticias-de-hidalgo\/wp-json\/wp\/v2\/tags?post=625783"}],"curies":[{"name":"wp","href":"https:\/\/api.w.org\/{rel}","templated":true}]}}