{"id":625804,"date":"2026-02-12T13:46:30","date_gmt":"2026-02-12T19:46:30","guid":{"rendered":"https:\/\/www.zunoticia.com\/noticias-de-hidalgo\/?p=625804"},"modified":"2026-02-12T13:46:32","modified_gmt":"2026-02-12T19:46:32","slug":"comercios-y-emprendedores-listos-para-el-14-de-febrero","status":"publish","type":"post","link":"https:\/\/www.zunoticia.com\/noticias-de-hidalgo\/2026\/02\/12\/comercios-y-emprendedores-listos-para-el-14-de-febrero\/","title":{"rendered":"Comercios y emprendedores listos para el 14 de febrero"},"content":{"rendered":"<aside class=\"mashsb-container mashsb-main mashsb-stretched\"><div class=\"mashsb-box\"><div class=\"mashsb-count mash-large\" style=\"float:left\"><div class=\"counts mashsbcount\">0<\/div><span class=\"mashsb-sharetext\">SHARES<\/span><\/div><div class=\"mashsb-buttons\"><a class=\"mashicon-facebook mash-large mash-center mashsb-noshadow\" href=\"https:\/\/www.facebook.com\/sharer.php?u=https%3A%2F%2Fwww.zunoticia.com%2Fnoticias-de-hidalgo%2F2026%2F02%2F12%2Fcomercios-y-emprendedores-listos-para-el-14-de-febrero%2F\" target=\"_top\" rel=\"nofollow\"><span class=\"icon\"><\/span><span class=\"text\">Share<\/span><\/a><a class=\"mashicon-twitter mash-large mash-center mashsb-noshadow\" href=\"https:\/\/twitter.com\/intent\/tweet?text=&amp;url=https:\/\/www.zunoticia.com\/noticias-de-hidalgo\/2026\/02\/12\/comercios-y-emprendedores-listos-para-el-14-de-febrero\/\" target=\"_top\" rel=\"nofollow\"><span class=\"icon\"><\/span><span class=\"text\">Tweet<\/span><\/a><div class=\"onoffswitch2 mash-large mashsb-noshadow\" style=\"display:none\"><\/div><\/div>\n            <\/div>\n                <div style=\"clear:both\"><\/div><div class=\"mashsb-toggle-container\"><\/div><\/aside>\n            <!-- Share buttons by mashshare.net - Version: 4.0.47-->\n<p><em>Por Gabriela Hern\u00e1ndez\/Zunoticia<\/em><\/p>\n\n\n\n<p><strong>Huejutla, Hgo<\/strong>.- El D\u00eda de San Valent\u00edn se perfila como el primer term\u00f3metro comercial fuerte del a\u00f1o y podr\u00eda dejar un incremento de entre 15 y 30 por ciento en los ingresos de diversos negocios de la cabecera municipal de Huejutla.<\/p>\n\n\n\n<p>Con toda oportunidad los diversos comercios establecidos en la zona centro y Mercado municipal de la ciudad se encuentran ofreciendo variedad de art\u00edculos para esta festividad que no puede pasar desapercibida.<\/p>\n\n\n\n<p>Sobre la avenida Nuevo le\u00f3n, del Mercado municipal, la se\u00f1ora Margarita Cruz ofrece las tradicionales brochetas de bombones que no pueden faltar en esta fecha, ofreci\u00e9ndolos en un precio accesible de 20.00 pesos, al cuestionarle sobre sus ventas destac\u00f3 que han ido en aumento durante esta semana, sin embargo, espera que para el viernes 13 de febrero y el mismo 14, las ventas se disparen, pues los alumnos que caminan sobre la v\u00eda son los principales en adquirir este producto.<\/p>\n\n\n\n<p>M\u00e1s all\u00e1 del dinamismo econ\u00f3mico que representa para los comercios, el 14 de febrero tambi\u00e9n refleja c\u00f3mo el amor se ha convertido en un producto de consumo. A lo largo de d\u00e9cadas, campa\u00f1as publicitarias han reforzado la idea de que demostrar afecto est\u00e1 ligado de manera directa a la compra de bienes materiales, desde flores y chocolates, hasta joyer\u00eda, cenas costosas o viajes.<\/p>\n\n\n\n<figure class=\"wp-block-image size-full\"><img fetchpriority=\"high\" decoding=\"async\" width=\"933\" height=\"524\" src=\"https:\/\/www.zunoticia.com\/noticias-de-hidalgo\/wp-content\/uploads\/2026\/02\/Zunoticia-Huejutla-1-106.png\" alt=\"\" class=\"wp-image-625806\" srcset=\"https:\/\/www.zunoticia.com\/noticias-de-hidalgo\/wp-content\/uploads\/2026\/02\/Zunoticia-Huejutla-1-106.png 933w, https:\/\/www.zunoticia.com\/noticias-de-hidalgo\/wp-content\/uploads\/2026\/02\/Zunoticia-Huejutla-1-106-300x168.png 300w, https:\/\/www.zunoticia.com\/noticias-de-hidalgo\/wp-content\/uploads\/2026\/02\/Zunoticia-Huejutla-1-106-768x431.png 768w\" sizes=\"(max-width: 933px) 100vw, 933px\" \/><\/figure>\n","protected":false},"excerpt":{"rendered":"<p>Por Gabriela Hern\u00e1ndez\/Zunoticia Huejutla, Hgo.- El D\u00eda de San Valent\u00edn se perfila como el primer term\u00f3metro comercial fuerte del a\u00f1o y podr\u00eda dejar un incremento de entre 15 y 30 por ciento en los ingresos de diversos negocios de la cabecera municipal de Huejutla. Con toda oportunidad los diversos comercios establecidos en la zona centro&hellip; <a class=\"more-link\" href=\"https:\/\/www.zunoticia.com\/noticias-de-hidalgo\/2026\/02\/12\/comercios-y-emprendedores-listos-para-el-14-de-febrero\/\">Seguir leyendo <span class=\"screen-reader-text\">Comercios y emprendedores listos para el 14 de febrero<\/span><\/a><\/p>\n","protected":false},"author":20,"featured_media":625805,"comment_status":"open","ping_status":"open","sticky":false,"template":"","format":"standard","meta":{"rop_custom_images_group":[],"rop_custom_messages_group":[],"rop_publish_now":"initial","rop_publish_now_accounts":{"facebook_10159540855086992_322828327761733":""},"rop_publish_now_history":[],"rop_publish_now_status":"pending","footnotes":""},"categories":[181],"tags":[121],"class_list":["post-625804","post","type-post","status-publish","format-standard","has-post-thumbnail","hentry","category-huejutla","tag-huejutla","entry"],"_links":{"self":[{"href":"https:\/\/www.zunoticia.com\/noticias-de-hidalgo\/wp-json\/wp\/v2\/posts\/625804","targetHints":{"allow":["GET"]}}],"collection":[{"href":"https:\/\/www.zunoticia.com\/noticias-de-hidalgo\/wp-json\/wp\/v2\/posts"}],"about":[{"href":"https:\/\/www.zunoticia.com\/noticias-de-hidalgo\/wp-json\/wp\/v2\/types\/post"}],"author":[{"embeddable":true,"href":"https:\/\/www.zunoticia.com\/noticias-de-hidalgo\/wp-json\/wp\/v2\/users\/20"}],"replies":[{"embeddable":true,"href":"https:\/\/www.zunoticia.com\/noticias-de-hidalgo\/wp-json\/wp\/v2\/comments?post=625804"}],"version-history":[{"count":1,"href":"https:\/\/www.zunoticia.com\/noticias-de-hidalgo\/wp-json\/wp\/v2\/posts\/625804\/revisions"}],"predecessor-version":[{"id":625807,"href":"https:\/\/www.zunoticia.com\/noticias-de-hidalgo\/wp-json\/wp\/v2\/posts\/625804\/revisions\/625807"}],"wp:featuredmedia":[{"embeddable":true,"href":"https:\/\/www.zunoticia.com\/noticias-de-hidalgo\/wp-json\/wp\/v2\/media\/625805"}],"wp:attachment":[{"href":"https:\/\/www.zunoticia.com\/noticias-de-hidalgo\/wp-json\/wp\/v2\/media?parent=625804"}],"wp:term":[{"taxonomy":"category","embeddable":true,"href":"https:\/\/www.zunoticia.com\/noticias-de-hidalgo\/wp-json\/wp\/v2\/categories?post=625804"},{"taxonomy":"post_tag","embeddable":true,"href":"https:\/\/www.zunoticia.com\/noticias-de-hidalgo\/wp-json\/wp\/v2\/tags?post=625804"}],"curies":[{"name":"wp","href":"https:\/\/api.w.org\/{rel}","templated":true}]}}