{"id":625808,"date":"2026-02-12T13:53:34","date_gmt":"2026-02-12T19:53:34","guid":{"rendered":"https:\/\/www.zunoticia.com\/noticias-de-hidalgo\/?p=625808"},"modified":"2026-02-12T13:53:35","modified_gmt":"2026-02-12T19:53:35","slug":"cecah-region-huasteca-conmemorara-el-dia-de-la-educacion-ambiental","status":"publish","type":"post","link":"https:\/\/www.zunoticia.com\/noticias-de-hidalgo\/2026\/02\/12\/cecah-region-huasteca-conmemorara-el-dia-de-la-educacion-ambiental\/","title":{"rendered":"CECAH Regi\u00f3n Huasteca conmemorar\u00e1 el D\u00eda de la Educaci\u00f3n Ambiental"},"content":{"rendered":"<aside class=\"mashsb-container mashsb-main mashsb-stretched\"><div class=\"mashsb-box\"><div class=\"mashsb-count mash-large\" style=\"float:left\"><div class=\"counts mashsbcount\">0<\/div><span class=\"mashsb-sharetext\">SHARES<\/span><\/div><div class=\"mashsb-buttons\"><a class=\"mashicon-facebook mash-large mash-center mashsb-noshadow\" href=\"https:\/\/www.facebook.com\/sharer.php?u=https%3A%2F%2Fwww.zunoticia.com%2Fnoticias-de-hidalgo%2F2026%2F02%2F12%2Fcecah-region-huasteca-conmemorara-el-dia-de-la-educacion-ambiental%2F\" target=\"_top\" rel=\"nofollow\"><span class=\"icon\"><\/span><span class=\"text\">Share<\/span><\/a><a class=\"mashicon-twitter mash-large mash-center mashsb-noshadow\" href=\"https:\/\/twitter.com\/intent\/tweet?text=&amp;url=https:\/\/www.zunoticia.com\/noticias-de-hidalgo\/2026\/02\/12\/cecah-region-huasteca-conmemorara-el-dia-de-la-educacion-ambiental\/\" target=\"_top\" rel=\"nofollow\"><span class=\"icon\"><\/span><span class=\"text\">Tweet<\/span><\/a><div class=\"onoffswitch2 mash-large mashsb-noshadow\" style=\"display:none\"><\/div><\/div>\n            <\/div>\n                <div style=\"clear:both\"><\/div><div class=\"mashsb-toggle-container\"><\/div><\/aside>\n            <!-- Share buttons by mashshare.net - Version: 4.0.47-->\n<p><em>Por Enedino Hern\u00e1ndez Alonso \/ Zunoticia<\/em><\/p>\n\n\n\n<p><strong>Huejutla, Hgo<\/strong>.- El responsable del Centro de Educaci\u00f3n y Capacitaci\u00f3n Ambiental (CECAH) Regi\u00f3n Huasteca, Nicol\u00e1s Reyes Ramos, confirm\u00f3 que todo se encuentra preparado para el evento que se llevar\u00e1 a cabo este fin de semana con motivo de la conmemoraci\u00f3n del D\u00eda de la Educaci\u00f3n Ambiental.<\/p>\n\n\n\n<p>Detall\u00f3 que se espera la presencia de la secretaria del Medio Ambiente y Recursos Naturales de Hidalgo (SEMARNATH), Mtra. M\u00f3nica Patricia Mixtega Trejo, as\u00ed como la participaci\u00f3n de 11 escuelas, cada una en representaci\u00f3n de un municipio de la regi\u00f3n, adem\u00e1s se contempla la asistencia de Universidades, presidentes municipales, regidores y directores de Ecolog\u00eda.<\/p>\n\n\n\n<p>El evento tendr\u00e1 como sede las instalaciones del Parque Ecol\u00f3gico Municipal de Huejutla de Reyes, donde se desarrollar\u00e1 una feria ambiental enfocada en fortalecer la cultura ecol\u00f3gica en la Zona 4, correspondiente a la regi\u00f3n Huasteca.<\/p>\n\n\n\n<p>Nicolas Reyes Ramos, explic\u00f3 que durante la jornada se llevar\u00e1n a cabo talleres productivos sustentables, pl\u00e1ticas informativas y diversas exhibiciones, entre las que destacan la muestra de especies en biopreservaci\u00f3n, reptiles e insectos.<\/p>\n\n\n\n<p>Asimismo, habr\u00e1 exposici\u00f3n y venta de productos 100 por ciento naturales, con el prop\u00f3sito de que estas iniciativas puedan replicarse en los distintos municipios en beneficio del medio ambiente.<\/p>\n\n\n\n<p>Indic\u00f3 que actualmente se afinan los \u00faltimos detalles log\u00edsticos y se prev\u00e9 la asistencia de m\u00e1s de 500 personas provenientes de los municipios que integran la regi\u00f3n Huasteca.<\/p>\n\n\n\n<p>El responsable del CECAH subray\u00f3 que el objetivo principal de esta conmemoraci\u00f3n es fomentar la cultura ambiental, concientizar y orientar a la poblaci\u00f3n sobre el adecuado uso y manejo de los recursos naturales, promoviendo acciones responsables que contribuyan a la preservaci\u00f3n del entorno.<\/p>\n","protected":false},"excerpt":{"rendered":"<p>Por Enedino Hern\u00e1ndez Alonso \/ Zunoticia Huejutla, Hgo.- El responsable del Centro de Educaci\u00f3n y Capacitaci\u00f3n Ambiental (CECAH) Regi\u00f3n Huasteca, Nicol\u00e1s Reyes Ramos, confirm\u00f3 que todo se encuentra preparado para el evento que se llevar\u00e1 a cabo este fin de semana con motivo de la conmemoraci\u00f3n del D\u00eda de la Educaci\u00f3n Ambiental. Detall\u00f3 que se&hellip; <a class=\"more-link\" href=\"https:\/\/www.zunoticia.com\/noticias-de-hidalgo\/2026\/02\/12\/cecah-region-huasteca-conmemorara-el-dia-de-la-educacion-ambiental\/\">Seguir leyendo <span class=\"screen-reader-text\">CECAH Regi\u00f3n Huasteca conmemorar\u00e1 el D\u00eda de la Educaci\u00f3n Ambiental<\/span><\/a><\/p>\n","protected":false},"author":20,"featured_media":625809,"comment_status":"open","ping_status":"open","sticky":false,"template":"","format":"standard","meta":{"rop_custom_images_group":[],"rop_custom_messages_group":[],"rop_publish_now":"initial","rop_publish_now_accounts":{"facebook_10159540855086992_322828327761733":""},"rop_publish_now_history":[],"rop_publish_now_status":"pending","footnotes":""},"categories":[181],"tags":[121],"class_list":["post-625808","post","type-post","status-publish","format-standard","has-post-thumbnail","hentry","category-huejutla","tag-huejutla","entry"],"_links":{"self":[{"href":"https:\/\/www.zunoticia.com\/noticias-de-hidalgo\/wp-json\/wp\/v2\/posts\/625808","targetHints":{"allow":["GET"]}}],"collection":[{"href":"https:\/\/www.zunoticia.com\/noticias-de-hidalgo\/wp-json\/wp\/v2\/posts"}],"about":[{"href":"https:\/\/www.zunoticia.com\/noticias-de-hidalgo\/wp-json\/wp\/v2\/types\/post"}],"author":[{"embeddable":true,"href":"https:\/\/www.zunoticia.com\/noticias-de-hidalgo\/wp-json\/wp\/v2\/users\/20"}],"replies":[{"embeddable":true,"href":"https:\/\/www.zunoticia.com\/noticias-de-hidalgo\/wp-json\/wp\/v2\/comments?post=625808"}],"version-history":[{"count":1,"href":"https:\/\/www.zunoticia.com\/noticias-de-hidalgo\/wp-json\/wp\/v2\/posts\/625808\/revisions"}],"predecessor-version":[{"id":625810,"href":"https:\/\/www.zunoticia.com\/noticias-de-hidalgo\/wp-json\/wp\/v2\/posts\/625808\/revisions\/625810"}],"wp:featuredmedia":[{"embeddable":true,"href":"https:\/\/www.zunoticia.com\/noticias-de-hidalgo\/wp-json\/wp\/v2\/media\/625809"}],"wp:attachment":[{"href":"https:\/\/www.zunoticia.com\/noticias-de-hidalgo\/wp-json\/wp\/v2\/media?parent=625808"}],"wp:term":[{"taxonomy":"category","embeddable":true,"href":"https:\/\/www.zunoticia.com\/noticias-de-hidalgo\/wp-json\/wp\/v2\/categories?post=625808"},{"taxonomy":"post_tag","embeddable":true,"href":"https:\/\/www.zunoticia.com\/noticias-de-hidalgo\/wp-json\/wp\/v2\/tags?post=625808"}],"curies":[{"name":"wp","href":"https:\/\/api.w.org\/{rel}","templated":true}]}}