{"id":625830,"date":"2026-02-12T14:59:38","date_gmt":"2026-02-12T20:59:38","guid":{"rendered":"https:\/\/www.zunoticia.com\/noticias-de-hidalgo\/?p=625830"},"modified":"2026-02-12T14:59:40","modified_gmt":"2026-02-12T20:59:40","slug":"alumnos-del-cam-no-8-realizan-jornada-de-emprendimiento-en-la-plaza-21-de-mayo","status":"publish","type":"post","link":"https:\/\/www.zunoticia.com\/noticias-de-hidalgo\/2026\/02\/12\/alumnos-del-cam-no-8-realizan-jornada-de-emprendimiento-en-la-plaza-21-de-mayo\/","title":{"rendered":"Alumnos del CAM No. 8 realizan Jornada de emprendimiento en la Plaza 21 de Mayo"},"content":{"rendered":"<aside class=\"mashsb-container mashsb-main mashsb-stretched\"><div class=\"mashsb-box\"><div class=\"mashsb-count mash-large\" style=\"float:left\"><div class=\"counts mashsbcount\">0<\/div><span class=\"mashsb-sharetext\">SHARES<\/span><\/div><div class=\"mashsb-buttons\"><a class=\"mashicon-facebook mash-large mash-center mashsb-noshadow\" href=\"https:\/\/www.facebook.com\/sharer.php?u=https%3A%2F%2Fwww.zunoticia.com%2Fnoticias-de-hidalgo%2F2026%2F02%2F12%2Falumnos-del-cam-no-8-realizan-jornada-de-emprendimiento-en-la-plaza-21-de-mayo%2F\" target=\"_top\" rel=\"nofollow\"><span class=\"icon\"><\/span><span class=\"text\">Share<\/span><\/a><a class=\"mashicon-twitter mash-large mash-center mashsb-noshadow\" href=\"https:\/\/twitter.com\/intent\/tweet?text=&amp;url=https:\/\/www.zunoticia.com\/noticias-de-hidalgo\/2026\/02\/12\/alumnos-del-cam-no-8-realizan-jornada-de-emprendimiento-en-la-plaza-21-de-mayo\/\" target=\"_top\" rel=\"nofollow\"><span class=\"icon\"><\/span><span class=\"text\">Tweet<\/span><\/a><div class=\"onoffswitch2 mash-large mashsb-noshadow\" style=\"display:none\"><\/div><\/div>\n            <\/div>\n                <div style=\"clear:both\"><\/div><div class=\"mashsb-toggle-container\"><\/div><\/aside>\n            <!-- Share buttons by mashshare.net - Version: 4.0.47-->\n<p><em>Por Enedino Hern\u00e1ndez Alonso \/ Zunoticia<\/em><\/p>\n\n\n\n<p><strong>Huejutla, Hgo<\/strong>.- Con el objetivo de fomentar la inclusi\u00f3n y fortalecer las habilidades para la vida laboral, alumnos del Centro de Atenci\u00f3n M\u00faltiple (CAM) No. 8 de Huejutla de Reyes llevaron a cabo una jornada de emprendimiento en la Plaza 21 de Mayo, donde ofrecieron productos elaborados por ellos mismos.<\/p>\n\n\n\n<p>Acompa\u00f1ados por maestros y padres de familia, los estudiantes del grupo de Formaci\u00f3n para el trabajo y la vida adulta, instalaron su espacio de venta en un horario de 9:00 de la ma\u00f1ana a 1:00 de la tarde.<\/p>\n\n\n\n<p>La maestra Karina Guill\u00e9n, docente del CAM No. 8, explic\u00f3 que previamente en el aula los alumnos elaboraron diversos art\u00edculos con motivo del D\u00eda de San Valent\u00edn, entre ellos flores, dulces embolsados, lapiceros decorados y algunos postres, productos que desarrollan como parte de sus habilidades de la vida diaria.<\/p>\n\n\n\n<p>\u201cSon 14 alumnos en total; ahorita contamos con seis que ya est\u00e1n aqu\u00ed vendiendo. Es el \u00fanico d\u00eda que estaremos en la Plaza, pero tambi\u00e9n pueden acercarse a la escuela, donde en ocasiones realizamos m\u00e1s ventas\u201d.<\/p>\n\n\n\n<p>Destac\u00f3 que esta actividad cuenta con el respaldo permanente de los padres de familia, as\u00ed como del equipo multiprofesional integrado por la directora, el \u00e1rea de psicolog\u00eda y otros especialistas, quienes trabajan de manera coordinada para impulsar el desarrollo integral de los estudiantes.<\/p>\n\n\n\n<p>Por su parte, la Maestra Tallerista del grupo de formaci\u00f3n invit\u00f3 a la poblaci\u00f3n en general a apoyar estas acciones, subrayando que el emprendimiento representa una oportunidad para que los alumnos puedan sobresalir e integrarse activamente en la sociedad.<\/p>\n\n\n\n<p>Entre los productos que elaboran se encuentran pulseras, jabones artesanales, dulces embolsados, pan y otras actividades que forman parte de su capacitaci\u00f3n cotidiana.<\/p>\n\n\n\n<p>Finalmente, las docentes reiteraron el llamado a la ciudadan\u00eda para que se acerque y respalde estas iniciativas, ya que el prop\u00f3sito principal es integrar a los alumnos a la vida laboral, fortaleciendo su autonom\u00eda y brind\u00e1ndoles herramientas para su futuro.<\/p>\n","protected":false},"excerpt":{"rendered":"<p>Por Enedino Hern\u00e1ndez Alonso \/ Zunoticia Huejutla, Hgo.- Con el objetivo de fomentar la inclusi\u00f3n y fortalecer las habilidades para la vida laboral, alumnos del Centro de Atenci\u00f3n M\u00faltiple (CAM) No. 8 de Huejutla de Reyes llevaron a cabo una jornada de emprendimiento en la Plaza 21 de Mayo, donde ofrecieron productos elaborados por ellos&hellip; <a class=\"more-link\" href=\"https:\/\/www.zunoticia.com\/noticias-de-hidalgo\/2026\/02\/12\/alumnos-del-cam-no-8-realizan-jornada-de-emprendimiento-en-la-plaza-21-de-mayo\/\">Seguir leyendo <span class=\"screen-reader-text\">Alumnos del CAM No. 8 realizan Jornada de emprendimiento en la Plaza 21 de Mayo<\/span><\/a><\/p>\n","protected":false},"author":20,"featured_media":625831,"comment_status":"open","ping_status":"open","sticky":false,"template":"","format":"standard","meta":{"rop_custom_images_group":[],"rop_custom_messages_group":[],"rop_publish_now":"initial","rop_publish_now_accounts":{"facebook_10159540855086992_322828327761733":""},"rop_publish_now_history":[],"rop_publish_now_status":"pending","footnotes":""},"categories":[181],"tags":[121],"class_list":["post-625830","post","type-post","status-publish","format-standard","has-post-thumbnail","hentry","category-huejutla","tag-huejutla","entry"],"_links":{"self":[{"href":"https:\/\/www.zunoticia.com\/noticias-de-hidalgo\/wp-json\/wp\/v2\/posts\/625830","targetHints":{"allow":["GET"]}}],"collection":[{"href":"https:\/\/www.zunoticia.com\/noticias-de-hidalgo\/wp-json\/wp\/v2\/posts"}],"about":[{"href":"https:\/\/www.zunoticia.com\/noticias-de-hidalgo\/wp-json\/wp\/v2\/types\/post"}],"author":[{"embeddable":true,"href":"https:\/\/www.zunoticia.com\/noticias-de-hidalgo\/wp-json\/wp\/v2\/users\/20"}],"replies":[{"embeddable":true,"href":"https:\/\/www.zunoticia.com\/noticias-de-hidalgo\/wp-json\/wp\/v2\/comments?post=625830"}],"version-history":[{"count":1,"href":"https:\/\/www.zunoticia.com\/noticias-de-hidalgo\/wp-json\/wp\/v2\/posts\/625830\/revisions"}],"predecessor-version":[{"id":625832,"href":"https:\/\/www.zunoticia.com\/noticias-de-hidalgo\/wp-json\/wp\/v2\/posts\/625830\/revisions\/625832"}],"wp:featuredmedia":[{"embeddable":true,"href":"https:\/\/www.zunoticia.com\/noticias-de-hidalgo\/wp-json\/wp\/v2\/media\/625831"}],"wp:attachment":[{"href":"https:\/\/www.zunoticia.com\/noticias-de-hidalgo\/wp-json\/wp\/v2\/media?parent=625830"}],"wp:term":[{"taxonomy":"category","embeddable":true,"href":"https:\/\/www.zunoticia.com\/noticias-de-hidalgo\/wp-json\/wp\/v2\/categories?post=625830"},{"taxonomy":"post_tag","embeddable":true,"href":"https:\/\/www.zunoticia.com\/noticias-de-hidalgo\/wp-json\/wp\/v2\/tags?post=625830"}],"curies":[{"name":"wp","href":"https:\/\/api.w.org\/{rel}","templated":true}]}}