{"id":625837,"date":"2026-02-12T16:21:03","date_gmt":"2026-02-12T22:21:03","guid":{"rendered":"https:\/\/www.zunoticia.com\/noticias-de-hidalgo\/?p=625837"},"modified":"2026-02-12T16:21:04","modified_gmt":"2026-02-12T22:21:04","slug":"incendio-en-local-del-mercado-activara-operativo-de-revision-electrica","status":"publish","type":"post","link":"https:\/\/www.zunoticia.com\/noticias-de-hidalgo\/2026\/02\/12\/incendio-en-local-del-mercado-activara-operativo-de-revision-electrica\/","title":{"rendered":"Incendio en local del mercado activar\u00e1 operativo de revisi\u00f3n el\u00e9ctrica"},"content":{"rendered":"<aside class=\"mashsb-container mashsb-main mashsb-stretched\"><div class=\"mashsb-box\"><div class=\"mashsb-count mash-large\" style=\"float:left\"><div class=\"counts mashsbcount\">0<\/div><span class=\"mashsb-sharetext\">SHARES<\/span><\/div><div class=\"mashsb-buttons\"><a class=\"mashicon-facebook mash-large mash-center mashsb-noshadow\" href=\"https:\/\/www.facebook.com\/sharer.php?u=https%3A%2F%2Fwww.zunoticia.com%2Fnoticias-de-hidalgo%2F2026%2F02%2F12%2Fincendio-en-local-del-mercado-activara-operativo-de-revision-electrica%2F\" target=\"_top\" rel=\"nofollow\"><span class=\"icon\"><\/span><span class=\"text\">Share<\/span><\/a><a class=\"mashicon-twitter mash-large mash-center mashsb-noshadow\" href=\"https:\/\/twitter.com\/intent\/tweet?text=&amp;url=https:\/\/www.zunoticia.com\/noticias-de-hidalgo\/2026\/02\/12\/incendio-en-local-del-mercado-activara-operativo-de-revision-electrica\/\" target=\"_top\" rel=\"nofollow\"><span class=\"icon\"><\/span><span class=\"text\">Tweet<\/span><\/a><div class=\"onoffswitch2 mash-large mashsb-noshadow\" style=\"display:none\"><\/div><\/div>\n            <\/div>\n                <div style=\"clear:both\"><\/div><div class=\"mashsb-toggle-container\"><\/div><\/aside>\n            <!-- Share buttons by mashshare.net - Version: 4.0.47-->\n<p><em>Por Enedino Hern\u00e1ndez Alonso \/ Zunoticia<\/em><\/p>\n\n\n\n<p><strong>Huejutla, Hgo<\/strong>.- Luego del incendio registrado durante la ma\u00f1ana de este jueves en un local del Mercado municipal, presuntamente provocado por un cortocircuito, el secretario general de la Uni\u00f3n de Comerciantes Locatarios y Ambulantes (UCLA), Enrique Orta Lara, confirm\u00f3 que se implementar\u00e1 un operativo integral para revisar las condiciones del cableado el\u00e9ctrico en todos los locales.<\/p>\n\n\n\n<p>El dirigente asegur\u00f3 que, el siniestro fue controlado oportunamente gracias a la r\u00e1pida intervenci\u00f3n de comerciantes y personas que se encontraban en el lugar, quienes procedieron a sofocar las llamas en lo que arribaban los cuerpos de emergencia.<\/p>\n\n\n\n<p>\u201c\u00danicamente fue un accidente, fue un cortocircuito lo que ocasion\u00f3 el percance, gracias a la colaboraci\u00f3n de las personas que estaban presentes se logr\u00f3 medio apagar el fuego hasta que llegaron los Bomberos y se encargaron de la situaci\u00f3n\u201d.<\/p>\n\n\n\n<p>Indic\u00f3 que desde el primer momento estuvieron presentes como representaci\u00f3n de los comerciantes, coordinando acciones y brindando la informaci\u00f3n necesaria a las autoridades.<\/p>\n\n\n\n<p>Enrique Orta Lara, destac\u00f3 adem\u00e1s que, la organizaci\u00f3n cuenta con cuatro extintores grandes, cargados, los cuales no fue necesario utilizar ya que el fuego estaba controlado.<\/p>\n\n\n\n<p>Ante lo ocurrido, reconoci\u00f3 que el mercado representa un riesgo latente debido a las condiciones del sistema el\u00e9ctrico, por lo que se actuar\u00e1 de manera preventiva \u201csabemos que el mercado es una bomba de tiempo si no accionamos antes de que pase un percance mayor\u201d.<\/p>\n\n\n\n<p>A\u00f1adi\u00f3 que, se realizar\u00e1 un operativo que contemplar\u00e1 la revisi\u00f3n del cableado desde los postes hasta cada local, incluyendo inspecciones en las azoteas, donde muchos comerciantes desconocen cu\u00e1les son los cables que alimentan sus negocios; se exhortar\u00e1 a los locatarios a verificar las condiciones de sus instalaciones el\u00e9ctricas, desde el medidor hasta el interior del establecimiento.<\/p>\n\n\n\n<p>Asimismo, se solicitar\u00e1 el apoyo de Protecci\u00f3n Civil y de la Comisi\u00f3n Federal de Electricidad (CFE) para detectar conexiones irregulares y posibles tomas clandestinas \u201chay muchas personas que est\u00e1n tomando luz indebidamente y no somos especialistas para detectarlo; pediremos a la CFE que nos auxilie y que sancione a quienes est\u00e9n robando energ\u00eda\u201d.<\/p>\n\n\n\n<p>El dirigente dej\u00f3 en claro que no se esperar\u00e1 a que ocurra un incidente de mayor magnitud y que se aplicar\u00e1n sanciones a quienes hagan mal uso de los cableados o incumplan con las normas de seguridad.<\/p>\n\n\n\n<p>En cuanto a las medidas preventivas, inform\u00f3 que, entre un 30 y 40 por ciento de los comerciantes cuentan con extintor, requisito que consider\u00f3 indispensable, especialmente para quienes trabajan con fuego o utilizan gas.<\/p>\n\n\n\n<p>Aunque algunos locatarios argumentan falta de recursos para adquirir uno, se acord\u00f3 con Protecci\u00f3n Civil que pueden coordinarse entre comerciantes, locatarios vecinos, para comprar un extintor compartido, siempre manteniendo al menos uno disponible como medida de seguridad.<\/p>\n\n\n\n<p>El operativo se realizar\u00e1 de manera conjunta entre la UCLA, Protecci\u00f3n Civil y personal de la Comisi\u00f3n Federal de Electricidad, con el objetivo de reforzar la seguridad y prevenir futuros incidentes en el principal centro de abasto de Huejutla.<\/p>\n","protected":false},"excerpt":{"rendered":"<p>Por Enedino Hern\u00e1ndez Alonso \/ Zunoticia Huejutla, Hgo.- Luego del incendio registrado durante la ma\u00f1ana de este jueves en un local del Mercado municipal, presuntamente provocado por un cortocircuito, el secretario general de la Uni\u00f3n de Comerciantes Locatarios y Ambulantes (UCLA), Enrique Orta Lara, confirm\u00f3 que se implementar\u00e1 un operativo integral para revisar las condiciones&hellip; <a class=\"more-link\" href=\"https:\/\/www.zunoticia.com\/noticias-de-hidalgo\/2026\/02\/12\/incendio-en-local-del-mercado-activara-operativo-de-revision-electrica\/\">Seguir leyendo <span class=\"screen-reader-text\">Incendio en local del mercado activar\u00e1 operativo de revisi\u00f3n el\u00e9ctrica<\/span><\/a><\/p>\n","protected":false},"author":20,"featured_media":625838,"comment_status":"open","ping_status":"open","sticky":false,"template":"","format":"standard","meta":{"rop_custom_images_group":[],"rop_custom_messages_group":[],"rop_publish_now":"initial","rop_publish_now_accounts":{"facebook_10159540855086992_322828327761733":""},"rop_publish_now_history":[],"rop_publish_now_status":"pending","footnotes":""},"categories":[181],"tags":[121],"class_list":["post-625837","post","type-post","status-publish","format-standard","has-post-thumbnail","hentry","category-huejutla","tag-huejutla","entry"],"_links":{"self":[{"href":"https:\/\/www.zunoticia.com\/noticias-de-hidalgo\/wp-json\/wp\/v2\/posts\/625837","targetHints":{"allow":["GET"]}}],"collection":[{"href":"https:\/\/www.zunoticia.com\/noticias-de-hidalgo\/wp-json\/wp\/v2\/posts"}],"about":[{"href":"https:\/\/www.zunoticia.com\/noticias-de-hidalgo\/wp-json\/wp\/v2\/types\/post"}],"author":[{"embeddable":true,"href":"https:\/\/www.zunoticia.com\/noticias-de-hidalgo\/wp-json\/wp\/v2\/users\/20"}],"replies":[{"embeddable":true,"href":"https:\/\/www.zunoticia.com\/noticias-de-hidalgo\/wp-json\/wp\/v2\/comments?post=625837"}],"version-history":[{"count":1,"href":"https:\/\/www.zunoticia.com\/noticias-de-hidalgo\/wp-json\/wp\/v2\/posts\/625837\/revisions"}],"predecessor-version":[{"id":625839,"href":"https:\/\/www.zunoticia.com\/noticias-de-hidalgo\/wp-json\/wp\/v2\/posts\/625837\/revisions\/625839"}],"wp:featuredmedia":[{"embeddable":true,"href":"https:\/\/www.zunoticia.com\/noticias-de-hidalgo\/wp-json\/wp\/v2\/media\/625838"}],"wp:attachment":[{"href":"https:\/\/www.zunoticia.com\/noticias-de-hidalgo\/wp-json\/wp\/v2\/media?parent=625837"}],"wp:term":[{"taxonomy":"category","embeddable":true,"href":"https:\/\/www.zunoticia.com\/noticias-de-hidalgo\/wp-json\/wp\/v2\/categories?post=625837"},{"taxonomy":"post_tag","embeddable":true,"href":"https:\/\/www.zunoticia.com\/noticias-de-hidalgo\/wp-json\/wp\/v2\/tags?post=625837"}],"curies":[{"name":"wp","href":"https:\/\/api.w.org\/{rel}","templated":true}]}}