{"id":625840,"date":"2026-02-12T16:25:11","date_gmt":"2026-02-12T22:25:11","guid":{"rendered":"https:\/\/www.zunoticia.com\/noticias-de-hidalgo\/?p=625840"},"modified":"2026-02-12T16:25:13","modified_gmt":"2026-02-12T22:25:13","slug":"van-dos-conatos-de-incendio-en-el-mercado-dicen-que-la-tercera-es-la-vencida","status":"publish","type":"post","link":"https:\/\/www.zunoticia.com\/noticias-de-hidalgo\/2026\/02\/12\/van-dos-conatos-de-incendio-en-el-mercado-dicen-que-la-tercera-es-la-vencida\/","title":{"rendered":"Van dos conatos de incendio en el Mercado, dicen que &#8220;la tercera es la vencida&#8221;"},"content":{"rendered":"<aside class=\"mashsb-container mashsb-main mashsb-stretched\"><div class=\"mashsb-box\"><div class=\"mashsb-count mash-large\" style=\"float:left\"><div class=\"counts mashsbcount\">0<\/div><span class=\"mashsb-sharetext\">SHARES<\/span><\/div><div class=\"mashsb-buttons\"><a class=\"mashicon-facebook mash-large mash-center mashsb-noshadow\" href=\"https:\/\/www.facebook.com\/sharer.php?u=https%3A%2F%2Fwww.zunoticia.com%2Fnoticias-de-hidalgo%2F2026%2F02%2F12%2Fvan-dos-conatos-de-incendio-en-el-mercado-dicen-que-la-tercera-es-la-vencida%2F\" target=\"_top\" rel=\"nofollow\"><span class=\"icon\"><\/span><span class=\"text\">Share<\/span><\/a><a class=\"mashicon-twitter mash-large mash-center mashsb-noshadow\" href=\"https:\/\/twitter.com\/intent\/tweet?text=&amp;url=https:\/\/www.zunoticia.com\/noticias-de-hidalgo\/2026\/02\/12\/van-dos-conatos-de-incendio-en-el-mercado-dicen-que-la-tercera-es-la-vencida\/\" target=\"_top\" rel=\"nofollow\"><span class=\"icon\"><\/span><span class=\"text\">Tweet<\/span><\/a><div class=\"onoffswitch2 mash-large mashsb-noshadow\" style=\"display:none\"><\/div><\/div>\n            <\/div>\n                <div style=\"clear:both\"><\/div><div class=\"mashsb-toggle-container\"><\/div><\/aside>\n            <!-- Share buttons by mashshare.net - Version: 4.0.47-->\n<p><em>Por Salvador Altamirano\/Zunoticia<\/em><\/p>\n\n\n\n<p><strong>Huejutla, Hgo.-<\/strong> \u201cVan dos siniestros de incendio en el Mercado municipal, y dicen&nbsp; que \u2018la tercera es la vencida\u2019, por lo que la dirigencia de la Uni\u00f3n de Comerciantes Locatarios y Ambulantes (UCLA), que encabeza Enrique Orta, debe de tomar&nbsp; precauciones\u201d.<\/p>\n\n\n\n<p>Lo anterior, fue expresado por Pr\u00f3spero Hern\u00e1ndez Hern\u00e1ndez, locatario del Mercado municipal, quien explic\u00f3 que, el primer siniestro tuvo efecto en la zona de los sanitarios p\u00fablicos y, el segundo, este jueves en una tienda de abarrotes, lo cual es una advertencia que no se debe de pasar por alto, ya que el riesgo de un incendio en el inmueble es latente.<\/p>\n\n\n\n<p>Agreg\u00f3 que no es por criticar al comit\u00e9 de la UCLA, pero en lugar de estar haciendo obras como la rehabilitaci\u00f3n de la oficina y de la capilla, deben de rehabilitar el cableado el\u00e9ctrico interno, el cual es arcaico y an\u00e1rquico.<\/p>\n\n\n\n<p>Al expresarle que, seg\u00fan referencias hubo una tardanza de media hora para solicitar la intervenci\u00f3n de los Bomberos, ya que autoridades del mercado y comerciantes intentaban apagar el fuego, refiri\u00f3 que, fue falta de coordinaci\u00f3n e irresponsabilidad, ya que no todos saben manejar los extinguidos.<\/p>\n\n\n\n<p>Para finalizar, Hern\u00e1ndez Hern\u00e1ndez especific\u00f3 que, en el Mercado municipal laboran m\u00e1s de diez mil personas, y de incendiarse Dios no quiera -dijo-, se perder\u00edan muchas fuentes de empleo y patrimonios, por lo que reiter\u00f3 el requerimiento consistente en que se rehabilite el cableado de electricidad interno.<\/p>\n\n\n\n<p><\/p>\n","protected":false},"excerpt":{"rendered":"<p>Por Salvador Altamirano\/Zunoticia Huejutla, Hgo.- \u201cVan dos siniestros de incendio en el Mercado municipal, y dicen&nbsp; que \u2018la tercera es la vencida\u2019, por lo que la dirigencia de la Uni\u00f3n de Comerciantes Locatarios y Ambulantes (UCLA), que encabeza Enrique Orta, debe de tomar&nbsp; precauciones\u201d. Lo anterior, fue expresado por Pr\u00f3spero Hern\u00e1ndez Hern\u00e1ndez, locatario del Mercado&hellip; <a class=\"more-link\" href=\"https:\/\/www.zunoticia.com\/noticias-de-hidalgo\/2026\/02\/12\/van-dos-conatos-de-incendio-en-el-mercado-dicen-que-la-tercera-es-la-vencida\/\">Seguir leyendo <span class=\"screen-reader-text\">Van dos conatos de incendio en el Mercado, dicen que &#8220;la tercera es la vencida&#8221;<\/span><\/a><\/p>\n","protected":false},"author":20,"featured_media":625841,"comment_status":"open","ping_status":"open","sticky":false,"template":"","format":"standard","meta":{"rop_custom_images_group":[],"rop_custom_messages_group":[],"rop_publish_now":"initial","rop_publish_now_accounts":{"facebook_10159540855086992_322828327761733":""},"rop_publish_now_history":[],"rop_publish_now_status":"pending","footnotes":""},"categories":[181],"tags":[121],"class_list":["post-625840","post","type-post","status-publish","format-standard","has-post-thumbnail","hentry","category-huejutla","tag-huejutla","entry"],"_links":{"self":[{"href":"https:\/\/www.zunoticia.com\/noticias-de-hidalgo\/wp-json\/wp\/v2\/posts\/625840","targetHints":{"allow":["GET"]}}],"collection":[{"href":"https:\/\/www.zunoticia.com\/noticias-de-hidalgo\/wp-json\/wp\/v2\/posts"}],"about":[{"href":"https:\/\/www.zunoticia.com\/noticias-de-hidalgo\/wp-json\/wp\/v2\/types\/post"}],"author":[{"embeddable":true,"href":"https:\/\/www.zunoticia.com\/noticias-de-hidalgo\/wp-json\/wp\/v2\/users\/20"}],"replies":[{"embeddable":true,"href":"https:\/\/www.zunoticia.com\/noticias-de-hidalgo\/wp-json\/wp\/v2\/comments?post=625840"}],"version-history":[{"count":1,"href":"https:\/\/www.zunoticia.com\/noticias-de-hidalgo\/wp-json\/wp\/v2\/posts\/625840\/revisions"}],"predecessor-version":[{"id":625842,"href":"https:\/\/www.zunoticia.com\/noticias-de-hidalgo\/wp-json\/wp\/v2\/posts\/625840\/revisions\/625842"}],"wp:featuredmedia":[{"embeddable":true,"href":"https:\/\/www.zunoticia.com\/noticias-de-hidalgo\/wp-json\/wp\/v2\/media\/625841"}],"wp:attachment":[{"href":"https:\/\/www.zunoticia.com\/noticias-de-hidalgo\/wp-json\/wp\/v2\/media?parent=625840"}],"wp:term":[{"taxonomy":"category","embeddable":true,"href":"https:\/\/www.zunoticia.com\/noticias-de-hidalgo\/wp-json\/wp\/v2\/categories?post=625840"},{"taxonomy":"post_tag","embeddable":true,"href":"https:\/\/www.zunoticia.com\/noticias-de-hidalgo\/wp-json\/wp\/v2\/tags?post=625840"}],"curies":[{"name":"wp","href":"https:\/\/api.w.org\/{rel}","templated":true}]}}