{"id":625848,"date":"2026-02-12T16:38:39","date_gmt":"2026-02-12T22:38:39","guid":{"rendered":"https:\/\/www.zunoticia.com\/noticias-de-hidalgo\/?p=625848"},"modified":"2026-02-12T16:38:41","modified_gmt":"2026-02-12T22:38:41","slug":"carnaval-debe-concluir-el-martes-por-la-noche-conforme-a-la-tradicion-ghf","status":"publish","type":"post","link":"https:\/\/www.zunoticia.com\/noticias-de-hidalgo\/2026\/02\/12\/carnaval-debe-concluir-el-martes-por-la-noche-conforme-a-la-tradicion-ghf\/","title":{"rendered":"Carnaval debe concluir el martes por la noche, conforme a la tradici\u00f3n: GHF"},"content":{"rendered":"<aside class=\"mashsb-container mashsb-main mashsb-stretched\"><div class=\"mashsb-box\"><div class=\"mashsb-count mash-large\" style=\"float:left\"><div class=\"counts mashsbcount\">0<\/div><span class=\"mashsb-sharetext\">SHARES<\/span><\/div><div class=\"mashsb-buttons\"><a class=\"mashicon-facebook mash-large mash-center mashsb-noshadow\" href=\"https:\/\/www.facebook.com\/sharer.php?u=https%3A%2F%2Fwww.zunoticia.com%2Fnoticias-de-hidalgo%2F2026%2F02%2F12%2Fcarnaval-debe-concluir-el-martes-por-la-noche-conforme-a-la-tradicion-ghf%2F\" target=\"_top\" rel=\"nofollow\"><span class=\"icon\"><\/span><span class=\"text\">Share<\/span><\/a><a class=\"mashicon-twitter mash-large mash-center mashsb-noshadow\" href=\"https:\/\/twitter.com\/intent\/tweet?text=&amp;url=https:\/\/www.zunoticia.com\/noticias-de-hidalgo\/2026\/02\/12\/carnaval-debe-concluir-el-martes-por-la-noche-conforme-a-la-tradicion-ghf\/\" target=\"_top\" rel=\"nofollow\"><span class=\"icon\"><\/span><span class=\"text\">Tweet<\/span><\/a><div class=\"onoffswitch2 mash-large mashsb-noshadow\" style=\"display:none\"><\/div><\/div>\n            <\/div>\n                <div style=\"clear:both\"><\/div><div class=\"mashsb-toggle-container\"><\/div><\/aside>\n            <!-- Share buttons by mashshare.net - Version: 4.0.47-->\n<p><\/p>\n\n\n\n<p><em>Por Enedino Hern\u00e1ndez Alonso \/ Zunoticia<\/em><\/p>\n\n\n\n<p><strong>Huejutla, Hgo<\/strong>.- \u201cLa celebraci\u00f3n del Carnaval en la Huasteca debe realizarse de manera tradicional y concluirse durante la noche del martes, ya que al d\u00eda siguiente, con el Mi\u00e9rcoles de Ceniza se inicia el periodo de la Cuaresma rumbo a la Semana Santa\u201d, se\u00f1al\u00f3 Galileo Hern\u00e1ndez Francisco, conocedor de las costumbres y tradiciones de los pueblos ind\u00edgenas de la regi\u00f3n.<\/p>\n\n\n\n<p>Explic\u00f3 que, conforme a las ense\u00f1anzas heredadas por los antepasados, el Carnaval culmina el martes por la noche, siendo en las comunidades donde esta festividad se vive con mayor arraigo y participaci\u00f3n social.<\/p>\n\n\n\n<p>\u201cEsto es lo tradicional, en las comunidades donde s\u00ed se lleva a cabo el evento se nota m\u00e1s participaci\u00f3n, sobre todo de la juventud. Ya con el Mi\u00e9rcoles de Ceniza empieza la Cuaresma hasta llegar a la Semana Santa\u201d.<\/p>\n\n\n\n<p>Galileo Hern\u00e1ndez Francisco, destac\u00f3 que en municipios como Jaltoc\u00e1n, Atlapexco, Huautla y San Felipe Orizatl\u00e1n, entre otros, el Carnaval mantiene una participaci\u00f3n fuerte y representativa, lo que permite preservar esta importante manifestaci\u00f3n cultural de la Huasteca.<\/p>\n\n\n\n<p>A\u00f1adi\u00f3 que, una de las tradiciones que se conservan es la preparaci\u00f3n del zacahuil, platillo t\u00edpico que se comparte con los participantes y las familias invitadas \u201chay familias que tienen muy arraigado el hecho de preparar el zacahuil en el Carnaval\u201d.<\/p>\n\n\n\n<p>Finalmente, hizo un llamado a las familias de la regi\u00f3n para que contin\u00faen fomentando estas celebraciones y eviten que se pierdan con el paso del tiempo, exhortando principalmente a los j\u00f3venes a involucrarse con mayor entusiasmo \u201cpedimos que nuestra costumbre siga prevaleciendo, que la juventud tenga m\u00e1s empuje y que el inter\u00e9s por el Carnaval de la Huasteca vaya creciendo\u201d.<\/p>\n","protected":false},"excerpt":{"rendered":"<p>Por Enedino Hern\u00e1ndez Alonso \/ Zunoticia Huejutla, Hgo.- \u201cLa celebraci\u00f3n del Carnaval en la Huasteca debe realizarse de manera tradicional y concluirse durante la noche del martes, ya que al d\u00eda siguiente, con el Mi\u00e9rcoles de Ceniza se inicia el periodo de la Cuaresma rumbo a la Semana Santa\u201d, se\u00f1al\u00f3 Galileo Hern\u00e1ndez Francisco, conocedor de&hellip; <a class=\"more-link\" href=\"https:\/\/www.zunoticia.com\/noticias-de-hidalgo\/2026\/02\/12\/carnaval-debe-concluir-el-martes-por-la-noche-conforme-a-la-tradicion-ghf\/\">Seguir leyendo <span class=\"screen-reader-text\">Carnaval debe concluir el martes por la noche, conforme a la tradici\u00f3n: GHF<\/span><\/a><\/p>\n","protected":false},"author":20,"featured_media":625849,"comment_status":"open","ping_status":"open","sticky":false,"template":"","format":"standard","meta":{"rop_custom_images_group":[],"rop_custom_messages_group":[],"rop_publish_now":"initial","rop_publish_now_accounts":{"facebook_10159540855086992_322828327761733":""},"rop_publish_now_history":[],"rop_publish_now_status":"pending","footnotes":""},"categories":[181],"tags":[121],"class_list":["post-625848","post","type-post","status-publish","format-standard","has-post-thumbnail","hentry","category-huejutla","tag-huejutla","entry"],"_links":{"self":[{"href":"https:\/\/www.zunoticia.com\/noticias-de-hidalgo\/wp-json\/wp\/v2\/posts\/625848","targetHints":{"allow":["GET"]}}],"collection":[{"href":"https:\/\/www.zunoticia.com\/noticias-de-hidalgo\/wp-json\/wp\/v2\/posts"}],"about":[{"href":"https:\/\/www.zunoticia.com\/noticias-de-hidalgo\/wp-json\/wp\/v2\/types\/post"}],"author":[{"embeddable":true,"href":"https:\/\/www.zunoticia.com\/noticias-de-hidalgo\/wp-json\/wp\/v2\/users\/20"}],"replies":[{"embeddable":true,"href":"https:\/\/www.zunoticia.com\/noticias-de-hidalgo\/wp-json\/wp\/v2\/comments?post=625848"}],"version-history":[{"count":1,"href":"https:\/\/www.zunoticia.com\/noticias-de-hidalgo\/wp-json\/wp\/v2\/posts\/625848\/revisions"}],"predecessor-version":[{"id":625850,"href":"https:\/\/www.zunoticia.com\/noticias-de-hidalgo\/wp-json\/wp\/v2\/posts\/625848\/revisions\/625850"}],"wp:featuredmedia":[{"embeddable":true,"href":"https:\/\/www.zunoticia.com\/noticias-de-hidalgo\/wp-json\/wp\/v2\/media\/625849"}],"wp:attachment":[{"href":"https:\/\/www.zunoticia.com\/noticias-de-hidalgo\/wp-json\/wp\/v2\/media?parent=625848"}],"wp:term":[{"taxonomy":"category","embeddable":true,"href":"https:\/\/www.zunoticia.com\/noticias-de-hidalgo\/wp-json\/wp\/v2\/categories?post=625848"},{"taxonomy":"post_tag","embeddable":true,"href":"https:\/\/www.zunoticia.com\/noticias-de-hidalgo\/wp-json\/wp\/v2\/tags?post=625848"}],"curies":[{"name":"wp","href":"https:\/\/api.w.org\/{rel}","templated":true}]}}