{"id":625859,"date":"2026-02-12T17:21:01","date_gmt":"2026-02-12T23:21:01","guid":{"rendered":"https:\/\/www.zunoticia.com\/noticias-de-hidalgo\/?p=625859"},"modified":"2026-02-12T17:21:03","modified_gmt":"2026-02-12T23:21:03","slug":"sedena-realiza-la-exposicion-fotografica-honor-en-cada-mision","status":"publish","type":"post","link":"https:\/\/www.zunoticia.com\/noticias-de-hidalgo\/2026\/02\/12\/sedena-realiza-la-exposicion-fotografica-honor-en-cada-mision\/","title":{"rendered":"SEDENA realiza la Exposici\u00f3n fotogr\u00e1fica \u201cHonor en cada Misi\u00f3n\u201d"},"content":{"rendered":"<aside class=\"mashsb-container mashsb-main mashsb-stretched\"><div class=\"mashsb-box\"><div class=\"mashsb-count mash-large\" style=\"float:left\"><div class=\"counts mashsbcount\">0<\/div><span class=\"mashsb-sharetext\">SHARES<\/span><\/div><div class=\"mashsb-buttons\"><a class=\"mashicon-facebook mash-large mash-center mashsb-noshadow\" href=\"https:\/\/www.facebook.com\/sharer.php?u=https%3A%2F%2Fwww.zunoticia.com%2Fnoticias-de-hidalgo%2F2026%2F02%2F12%2Fsedena-realiza-la-exposicion-fotografica-honor-en-cada-mision%2F\" target=\"_top\" rel=\"nofollow\"><span class=\"icon\"><\/span><span class=\"text\">Share<\/span><\/a><a class=\"mashicon-twitter mash-large mash-center mashsb-noshadow\" href=\"https:\/\/twitter.com\/intent\/tweet?text=&amp;url=https:\/\/www.zunoticia.com\/noticias-de-hidalgo\/2026\/02\/12\/sedena-realiza-la-exposicion-fotografica-honor-en-cada-mision\/\" target=\"_top\" rel=\"nofollow\"><span class=\"icon\"><\/span><span class=\"text\">Tweet<\/span><\/a><div class=\"onoffswitch2 mash-large mashsb-noshadow\" style=\"display:none\"><\/div><\/div>\n            <\/div>\n                <div style=\"clear:both\"><\/div><div class=\"mashsb-toggle-container\"><\/div><\/aside>\n            <!-- Share buttons by mashshare.net - Version: 4.0.47-->\n<p><em>Por Enedino Hern\u00e1ndez Alonso \/ Zunoticia<\/em><\/p>\n\n\n\n<p><strong>Huejutla, Hgo<\/strong>.- Durante la tarde de este jueves 12 de febrero, en la explanada del reloj municipal en Huejutla de Reyes, se realiza la Exposici\u00f3n Fotogr\u00e1fica Honor en cada Misi\u00f3n con la cual se busca difundir las actividades que realiza la Secretar\u00eda de la Defensa Nacional.<\/p>\n\n\n\n<p>El subteniente de Sanidad del 84 Batall\u00f3n de Infanter\u00eda en Huejutla, Kevin Jael Rodr\u00edguez Pineda, expuso detalles acerca de esta exposici\u00f3n que se realiza en diversos municipios de la regi\u00f3n.<\/p>\n\n\n\n<p>La Exposici\u00f3n Fotogr\u00e1fica Honor en cada Misi\u00f3n comprende un total de seis mamparas en donde se expone material fotogr\u00e1fico de las actividades que se realizan en el Ej\u00e9rcito Mexicano.<\/p>\n\n\n\n<figure class=\"wp-block-gallery has-nested-images columns-default is-cropped wp-block-gallery-1 is-layout-flex wp-block-gallery-is-layout-flex\">\n<figure class=\"wp-block-image size-full\"><img fetchpriority=\"high\" decoding=\"async\" width=\"933\" height=\"524\" data-id=\"625861\" src=\"https:\/\/www.zunoticia.com\/noticias-de-hidalgo\/wp-content\/uploads\/2026\/02\/Zunoticia-Huejutla-1-114.png\" alt=\"\" class=\"wp-image-625861\" srcset=\"https:\/\/www.zunoticia.com\/noticias-de-hidalgo\/wp-content\/uploads\/2026\/02\/Zunoticia-Huejutla-1-114.png 933w, https:\/\/www.zunoticia.com\/noticias-de-hidalgo\/wp-content\/uploads\/2026\/02\/Zunoticia-Huejutla-1-114-300x168.png 300w, https:\/\/www.zunoticia.com\/noticias-de-hidalgo\/wp-content\/uploads\/2026\/02\/Zunoticia-Huejutla-1-114-768x431.png 768w\" sizes=\"(max-width: 933px) 100vw, 933px\" \/><\/figure>\n<\/figure>\n","protected":false},"excerpt":{"rendered":"<p>Por Enedino Hern\u00e1ndez Alonso \/ Zunoticia Huejutla, Hgo.- Durante la tarde de este jueves 12 de febrero, en la explanada del reloj municipal en Huejutla de Reyes, se realiza la Exposici\u00f3n Fotogr\u00e1fica Honor en cada Misi\u00f3n con la cual se busca difundir las actividades que realiza la Secretar\u00eda de la Defensa Nacional. El subteniente de&hellip; <a class=\"more-link\" href=\"https:\/\/www.zunoticia.com\/noticias-de-hidalgo\/2026\/02\/12\/sedena-realiza-la-exposicion-fotografica-honor-en-cada-mision\/\">Seguir leyendo <span class=\"screen-reader-text\">SEDENA realiza la Exposici\u00f3n fotogr\u00e1fica \u201cHonor en cada Misi\u00f3n\u201d<\/span><\/a><\/p>\n","protected":false},"author":20,"featured_media":625860,"comment_status":"open","ping_status":"open","sticky":false,"template":"","format":"standard","meta":{"rop_custom_images_group":[],"rop_custom_messages_group":[],"rop_publish_now":"initial","rop_publish_now_accounts":{"facebook_10159540855086992_322828327761733":""},"rop_publish_now_history":[],"rop_publish_now_status":"pending","footnotes":""},"categories":[181],"tags":[121],"class_list":["post-625859","post","type-post","status-publish","format-standard","has-post-thumbnail","hentry","category-huejutla","tag-huejutla","entry"],"_links":{"self":[{"href":"https:\/\/www.zunoticia.com\/noticias-de-hidalgo\/wp-json\/wp\/v2\/posts\/625859","targetHints":{"allow":["GET"]}}],"collection":[{"href":"https:\/\/www.zunoticia.com\/noticias-de-hidalgo\/wp-json\/wp\/v2\/posts"}],"about":[{"href":"https:\/\/www.zunoticia.com\/noticias-de-hidalgo\/wp-json\/wp\/v2\/types\/post"}],"author":[{"embeddable":true,"href":"https:\/\/www.zunoticia.com\/noticias-de-hidalgo\/wp-json\/wp\/v2\/users\/20"}],"replies":[{"embeddable":true,"href":"https:\/\/www.zunoticia.com\/noticias-de-hidalgo\/wp-json\/wp\/v2\/comments?post=625859"}],"version-history":[{"count":1,"href":"https:\/\/www.zunoticia.com\/noticias-de-hidalgo\/wp-json\/wp\/v2\/posts\/625859\/revisions"}],"predecessor-version":[{"id":625862,"href":"https:\/\/www.zunoticia.com\/noticias-de-hidalgo\/wp-json\/wp\/v2\/posts\/625859\/revisions\/625862"}],"wp:featuredmedia":[{"embeddable":true,"href":"https:\/\/www.zunoticia.com\/noticias-de-hidalgo\/wp-json\/wp\/v2\/media\/625860"}],"wp:attachment":[{"href":"https:\/\/www.zunoticia.com\/noticias-de-hidalgo\/wp-json\/wp\/v2\/media?parent=625859"}],"wp:term":[{"taxonomy":"category","embeddable":true,"href":"https:\/\/www.zunoticia.com\/noticias-de-hidalgo\/wp-json\/wp\/v2\/categories?post=625859"},{"taxonomy":"post_tag","embeddable":true,"href":"https:\/\/www.zunoticia.com\/noticias-de-hidalgo\/wp-json\/wp\/v2\/tags?post=625859"}],"curies":[{"name":"wp","href":"https:\/\/api.w.org\/{rel}","templated":true}]}}