{"id":625884,"date":"2026-02-12T18:45:33","date_gmt":"2026-02-13T00:45:33","guid":{"rendered":"https:\/\/www.zunoticia.com\/noticias-de-hidalgo\/?p=625884"},"modified":"2026-02-12T18:45:34","modified_gmt":"2026-02-13T00:45:34","slug":"hallaron-a-un-hombre-tirado-inconsciente-en-la-carretera","status":"publish","type":"post","link":"https:\/\/www.zunoticia.com\/noticias-de-hidalgo\/2026\/02\/12\/hallaron-a-un-hombre-tirado-inconsciente-en-la-carretera\/","title":{"rendered":"Hallaron a un hombre tirado inconsciente en la carretera"},"content":{"rendered":"<aside class=\"mashsb-container mashsb-main mashsb-stretched\"><div class=\"mashsb-box\"><div class=\"mashsb-count mash-large\" style=\"float:left\"><div class=\"counts mashsbcount\">0<\/div><span class=\"mashsb-sharetext\">SHARES<\/span><\/div><div class=\"mashsb-buttons\"><a class=\"mashicon-facebook mash-large mash-center mashsb-noshadow\" href=\"https:\/\/www.facebook.com\/sharer.php?u=https%3A%2F%2Fwww.zunoticia.com%2Fnoticias-de-hidalgo%2F2026%2F02%2F12%2Fhallaron-a-un-hombre-tirado-inconsciente-en-la-carretera%2F\" target=\"_top\" rel=\"nofollow\"><span class=\"icon\"><\/span><span class=\"text\">Share<\/span><\/a><a class=\"mashicon-twitter mash-large mash-center mashsb-noshadow\" href=\"https:\/\/twitter.com\/intent\/tweet?text=&amp;url=https:\/\/www.zunoticia.com\/noticias-de-hidalgo\/2026\/02\/12\/hallaron-a-un-hombre-tirado-inconsciente-en-la-carretera\/\" target=\"_top\" rel=\"nofollow\"><span class=\"icon\"><\/span><span class=\"text\">Tweet<\/span><\/a><div class=\"onoffswitch2 mash-large mashsb-noshadow\" style=\"display:none\"><\/div><\/div>\n            <\/div>\n                <div style=\"clear:both\"><\/div><div class=\"mashsb-toggle-container\"><\/div><\/aside>\n            <!-- Share buttons by mashshare.net - Version: 4.0.47-->\n<p><em>Por Roberto Meza Ram\u00edrez\/Zunoticia<\/em><\/p>\n\n\n\n<p><strong>Huejutla, Hgo<\/strong>.- Un hombre fue hallado tirado inconsciente en la v\u00eda p\u00fablica sobre la colonia Moreno, vecinos le brindaron los primeros auxilios al mismo tiempo solicitaron la presencia de los servicios de emergencias; al momento se desconoce la identidad de la persona, quien fue auxiliada por param\u00e9dicos y trasladada al Hospital Regional para su atenci\u00f3n m\u00e9dica.<\/p>\n\n\n\n<p>Fue la tarde de este jueves cuando el masculino caminaba sobre la v\u00eda federal M\u00e9xico -Tampico, pero despu\u00e9s de los sem\u00e1foros del Moreno qued\u00f3 tirado e inconsciente, r\u00e1pidamente los presentes lo auxiliaron, pero no respondi\u00f3. Al lugar llegaron los elementos de esa benem\u00e9rita instituci\u00f3n para brindarle las atenciones prehospitalarias.<\/p>\n\n\n\n<p>El hombre fue llevado al Hospital Regional de la huasteca para su atenci\u00f3n urgente ya que su vida est\u00e1 en riesgo. A ese punto tambi\u00e9n se dieron cita elementos de la Secretar\u00eda de Seguridad P\u00fablica Municipal para tomar conocimiento de los hechos.<\/p>\n\n\n\n<figure class=\"wp-block-gallery has-nested-images columns-default is-cropped wp-block-gallery-1 is-layout-flex wp-block-gallery-is-layout-flex\">\n<figure class=\"wp-block-image size-large\"><img fetchpriority=\"high\" decoding=\"async\" width=\"1024\" height=\"589\" data-id=\"625887\" src=\"https:\/\/www.zunoticia.com\/noticias-de-hidalgo\/wp-content\/uploads\/2026\/02\/WhatsApp-Image-2026-02-12-at-6.43.48-PM-1-1024x589.jpeg\" alt=\"\" class=\"wp-image-625887\" srcset=\"https:\/\/www.zunoticia.com\/noticias-de-hidalgo\/wp-content\/uploads\/2026\/02\/WhatsApp-Image-2026-02-12-at-6.43.48-PM-1-1024x589.jpeg 1024w, https:\/\/www.zunoticia.com\/noticias-de-hidalgo\/wp-content\/uploads\/2026\/02\/WhatsApp-Image-2026-02-12-at-6.43.48-PM-1-300x173.jpeg 300w, https:\/\/www.zunoticia.com\/noticias-de-hidalgo\/wp-content\/uploads\/2026\/02\/WhatsApp-Image-2026-02-12-at-6.43.48-PM-1-768x442.jpeg 768w, https:\/\/www.zunoticia.com\/noticias-de-hidalgo\/wp-content\/uploads\/2026\/02\/WhatsApp-Image-2026-02-12-at-6.43.48-PM-1.jpeg 1251w\" sizes=\"(max-width: 1024px) 100vw, 1024px\" \/><\/figure>\n\n\n\n<figure class=\"wp-block-image size-large\"><img decoding=\"async\" width=\"1024\" height=\"585\" data-id=\"625886\" src=\"https:\/\/www.zunoticia.com\/noticias-de-hidalgo\/wp-content\/uploads\/2026\/02\/WhatsApp-Image-2026-02-12-at-6.43.48-PM-1024x585.jpeg\" alt=\"\" class=\"wp-image-625886\" srcset=\"https:\/\/www.zunoticia.com\/noticias-de-hidalgo\/wp-content\/uploads\/2026\/02\/WhatsApp-Image-2026-02-12-at-6.43.48-PM-1024x585.jpeg 1024w, https:\/\/www.zunoticia.com\/noticias-de-hidalgo\/wp-content\/uploads\/2026\/02\/WhatsApp-Image-2026-02-12-at-6.43.48-PM-300x171.jpeg 300w, https:\/\/www.zunoticia.com\/noticias-de-hidalgo\/wp-content\/uploads\/2026\/02\/WhatsApp-Image-2026-02-12-at-6.43.48-PM-768x439.jpeg 768w, https:\/\/www.zunoticia.com\/noticias-de-hidalgo\/wp-content\/uploads\/2026\/02\/WhatsApp-Image-2026-02-12-at-6.43.48-PM.jpeg 1260w\" sizes=\"(max-width: 1024px) 100vw, 1024px\" \/><\/figure>\n<\/figure>\n","protected":false},"excerpt":{"rendered":"<p>Por Roberto Meza Ram\u00edrez\/Zunoticia Huejutla, Hgo.- Un hombre fue hallado tirado inconsciente en la v\u00eda p\u00fablica sobre la colonia Moreno, vecinos le brindaron los primeros auxilios al mismo tiempo solicitaron la presencia de los servicios de emergencias; al momento se desconoce la identidad de la persona, quien fue auxiliada por param\u00e9dicos y trasladada al Hospital&hellip; <a class=\"more-link\" href=\"https:\/\/www.zunoticia.com\/noticias-de-hidalgo\/2026\/02\/12\/hallaron-a-un-hombre-tirado-inconsciente-en-la-carretera\/\">Seguir leyendo <span class=\"screen-reader-text\">Hallaron a un hombre tirado inconsciente en la carretera<\/span><\/a><\/p>\n","protected":false},"author":20,"featured_media":625885,"comment_status":"open","ping_status":"open","sticky":false,"template":"","format":"standard","meta":{"rop_custom_images_group":[],"rop_custom_messages_group":[],"rop_publish_now":"initial","rop_publish_now_accounts":{"facebook_10159540855086992_322828327761733":""},"rop_publish_now_history":[],"rop_publish_now_status":"pending","footnotes":""},"categories":[178],"tags":[259],"class_list":["post-625884","post","type-post","status-publish","format-standard","has-post-thumbnail","hentry","category-policiaca","tag-policiaca","entry"],"_links":{"self":[{"href":"https:\/\/www.zunoticia.com\/noticias-de-hidalgo\/wp-json\/wp\/v2\/posts\/625884","targetHints":{"allow":["GET"]}}],"collection":[{"href":"https:\/\/www.zunoticia.com\/noticias-de-hidalgo\/wp-json\/wp\/v2\/posts"}],"about":[{"href":"https:\/\/www.zunoticia.com\/noticias-de-hidalgo\/wp-json\/wp\/v2\/types\/post"}],"author":[{"embeddable":true,"href":"https:\/\/www.zunoticia.com\/noticias-de-hidalgo\/wp-json\/wp\/v2\/users\/20"}],"replies":[{"embeddable":true,"href":"https:\/\/www.zunoticia.com\/noticias-de-hidalgo\/wp-json\/wp\/v2\/comments?post=625884"}],"version-history":[{"count":1,"href":"https:\/\/www.zunoticia.com\/noticias-de-hidalgo\/wp-json\/wp\/v2\/posts\/625884\/revisions"}],"predecessor-version":[{"id":625888,"href":"https:\/\/www.zunoticia.com\/noticias-de-hidalgo\/wp-json\/wp\/v2\/posts\/625884\/revisions\/625888"}],"wp:featuredmedia":[{"embeddable":true,"href":"https:\/\/www.zunoticia.com\/noticias-de-hidalgo\/wp-json\/wp\/v2\/media\/625885"}],"wp:attachment":[{"href":"https:\/\/www.zunoticia.com\/noticias-de-hidalgo\/wp-json\/wp\/v2\/media?parent=625884"}],"wp:term":[{"taxonomy":"category","embeddable":true,"href":"https:\/\/www.zunoticia.com\/noticias-de-hidalgo\/wp-json\/wp\/v2\/categories?post=625884"},{"taxonomy":"post_tag","embeddable":true,"href":"https:\/\/www.zunoticia.com\/noticias-de-hidalgo\/wp-json\/wp\/v2\/tags?post=625884"}],"curies":[{"name":"wp","href":"https:\/\/api.w.org\/{rel}","templated":true}]}}