{"id":625889,"date":"2026-02-12T18:51:55","date_gmt":"2026-02-13T00:51:55","guid":{"rendered":"https:\/\/www.zunoticia.com\/noticias-de-hidalgo\/?p=625889"},"modified":"2026-02-12T18:51:56","modified_gmt":"2026-02-13T00:51:56","slug":"herido-al-caerle-una-rama-de-arbol","status":"publish","type":"post","link":"https:\/\/www.zunoticia.com\/noticias-de-hidalgo\/2026\/02\/12\/herido-al-caerle-una-rama-de-arbol\/","title":{"rendered":"Herido al caerle una rama de \u00e1rbol"},"content":{"rendered":"<aside class=\"mashsb-container mashsb-main mashsb-stretched\"><div class=\"mashsb-box\"><div class=\"mashsb-count mash-large\" style=\"float:left\"><div class=\"counts mashsbcount\">0<\/div><span class=\"mashsb-sharetext\">SHARES<\/span><\/div><div class=\"mashsb-buttons\"><a class=\"mashicon-facebook mash-large mash-center mashsb-noshadow\" href=\"https:\/\/www.facebook.com\/sharer.php?u=https%3A%2F%2Fwww.zunoticia.com%2Fnoticias-de-hidalgo%2F2026%2F02%2F12%2Fherido-al-caerle-una-rama-de-arbol%2F\" target=\"_top\" rel=\"nofollow\"><span class=\"icon\"><\/span><span class=\"text\">Share<\/span><\/a><a class=\"mashicon-twitter mash-large mash-center mashsb-noshadow\" href=\"https:\/\/twitter.com\/intent\/tweet?text=&amp;url=https:\/\/www.zunoticia.com\/noticias-de-hidalgo\/2026\/02\/12\/herido-al-caerle-una-rama-de-arbol\/\" target=\"_top\" rel=\"nofollow\"><span class=\"icon\"><\/span><span class=\"text\">Tweet<\/span><\/a><div class=\"onoffswitch2 mash-large mashsb-noshadow\" style=\"display:none\"><\/div><\/div>\n            <\/div>\n                <div style=\"clear:both\"><\/div><div class=\"mashsb-toggle-container\"><\/div><\/aside>\n            <!-- Share buttons by mashshare.net - Version: 4.0.47-->\n<p><em>Por Roberto Meza Ram\u00edrez\/ Zunoticia<\/em><\/p>\n\n\n\n<p><strong>Yahualica, Hgo.-<\/strong> Ante un descuido, una persona del g\u00e9nero masculino sufri\u00f3 varias heridas al caerle la rama de un \u00e1rbol sobre su humanidad; sus familiares de inmediato lo movilizaron, traslad\u00e1ndolo a un hospital de esa regi\u00f3n de la Huasteca.<\/p>\n\n\n\n<p>El masculino identificado como I.H.M., llevaba labores en su parcela junto con otra persona, pero accidentalmente le cay\u00f3 una rama en la espalda, lo que le ocasion\u00f3 lesiones considerables, quedando recostado en el lugar; su compa\u00f1ero de trabajo solicit\u00f3 el apoyo y de esta manera fue auxiliado.<\/p>\n\n\n\n<p>De inmediato sus familiares lo trasladaron al Hospital Integral de Atlapexco para su atenci\u00f3n m\u00e9dica y m\u00e1s tarde fue canalizado a un hospital privado para agilizar su recuperaci\u00f3n, se inform\u00f3 que la salud de esta persona es delicada.<\/p>\n\n\n\n<p><\/p>\n","protected":false},"excerpt":{"rendered":"<p>Por Roberto Meza Ram\u00edrez\/ Zunoticia Yahualica, Hgo.- Ante un descuido, una persona del g\u00e9nero masculino sufri\u00f3 varias heridas al caerle la rama de un \u00e1rbol sobre su humanidad; sus familiares de inmediato lo movilizaron, traslad\u00e1ndolo a un hospital de esa regi\u00f3n de la Huasteca. El masculino identificado como I.H.M., llevaba labores en su parcela junto&hellip; <a class=\"more-link\" href=\"https:\/\/www.zunoticia.com\/noticias-de-hidalgo\/2026\/02\/12\/herido-al-caerle-una-rama-de-arbol\/\">Seguir leyendo <span class=\"screen-reader-text\">Herido al caerle una rama de \u00e1rbol<\/span><\/a><\/p>\n","protected":false},"author":20,"featured_media":625890,"comment_status":"open","ping_status":"open","sticky":false,"template":"","format":"standard","meta":{"rop_custom_images_group":[],"rop_custom_messages_group":[],"rop_publish_now":"initial","rop_publish_now_accounts":{"facebook_10159540855086992_322828327761733":""},"rop_publish_now_history":[],"rop_publish_now_status":"pending","footnotes":""},"categories":[178],"tags":[259],"class_list":["post-625889","post","type-post","status-publish","format-standard","has-post-thumbnail","hentry","category-policiaca","tag-policiaca","entry"],"_links":{"self":[{"href":"https:\/\/www.zunoticia.com\/noticias-de-hidalgo\/wp-json\/wp\/v2\/posts\/625889","targetHints":{"allow":["GET"]}}],"collection":[{"href":"https:\/\/www.zunoticia.com\/noticias-de-hidalgo\/wp-json\/wp\/v2\/posts"}],"about":[{"href":"https:\/\/www.zunoticia.com\/noticias-de-hidalgo\/wp-json\/wp\/v2\/types\/post"}],"author":[{"embeddable":true,"href":"https:\/\/www.zunoticia.com\/noticias-de-hidalgo\/wp-json\/wp\/v2\/users\/20"}],"replies":[{"embeddable":true,"href":"https:\/\/www.zunoticia.com\/noticias-de-hidalgo\/wp-json\/wp\/v2\/comments?post=625889"}],"version-history":[{"count":1,"href":"https:\/\/www.zunoticia.com\/noticias-de-hidalgo\/wp-json\/wp\/v2\/posts\/625889\/revisions"}],"predecessor-version":[{"id":625891,"href":"https:\/\/www.zunoticia.com\/noticias-de-hidalgo\/wp-json\/wp\/v2\/posts\/625889\/revisions\/625891"}],"wp:featuredmedia":[{"embeddable":true,"href":"https:\/\/www.zunoticia.com\/noticias-de-hidalgo\/wp-json\/wp\/v2\/media\/625890"}],"wp:attachment":[{"href":"https:\/\/www.zunoticia.com\/noticias-de-hidalgo\/wp-json\/wp\/v2\/media?parent=625889"}],"wp:term":[{"taxonomy":"category","embeddable":true,"href":"https:\/\/www.zunoticia.com\/noticias-de-hidalgo\/wp-json\/wp\/v2\/categories?post=625889"},{"taxonomy":"post_tag","embeddable":true,"href":"https:\/\/www.zunoticia.com\/noticias-de-hidalgo\/wp-json\/wp\/v2\/tags?post=625889"}],"curies":[{"name":"wp","href":"https:\/\/api.w.org\/{rel}","templated":true}]}}