{"id":625899,"date":"2026-02-12T23:31:52","date_gmt":"2026-02-13T05:31:52","guid":{"rendered":"https:\/\/www.zunoticia.com\/noticias-de-hidalgo\/?p=625899"},"modified":"2026-02-12T23:31:54","modified_gmt":"2026-02-13T05:31:54","slug":"espejeando-por-perseo-huasteca-386","status":"publish","type":"post","link":"https:\/\/www.zunoticia.com\/noticias-de-hidalgo\/2026\/02\/12\/espejeando-por-perseo-huasteca-386\/","title":{"rendered":"ESPEJEANDO POR PERSEO Huasteca"},"content":{"rendered":"<aside class=\"mashsb-container mashsb-main mashsb-stretched\"><div class=\"mashsb-box\"><div class=\"mashsb-count mash-large\" style=\"float:left\"><div class=\"counts mashsbcount\">0<\/div><span class=\"mashsb-sharetext\">SHARES<\/span><\/div><div class=\"mashsb-buttons\"><a class=\"mashicon-facebook mash-large mash-center mashsb-noshadow\" href=\"https:\/\/www.facebook.com\/sharer.php?u=https%3A%2F%2Fwww.zunoticia.com%2Fnoticias-de-hidalgo%2F2026%2F02%2F12%2Fespejeando-por-perseo-huasteca-386%2F\" target=\"_top\" rel=\"nofollow\"><span class=\"icon\"><\/span><span class=\"text\">Share<\/span><\/a><a class=\"mashicon-twitter mash-large mash-center mashsb-noshadow\" href=\"https:\/\/twitter.com\/intent\/tweet?text=&amp;url=https:\/\/www.zunoticia.com\/noticias-de-hidalgo\/2026\/02\/12\/espejeando-por-perseo-huasteca-386\/\" target=\"_top\" rel=\"nofollow\"><span class=\"icon\"><\/span><span class=\"text\">Tweet<\/span><\/a><div class=\"onoffswitch2 mash-large mashsb-noshadow\" style=\"display:none\"><\/div><\/div>\n            <\/div>\n                <div style=\"clear:both\"><\/div><div class=\"mashsb-toggle-container\"><\/div><\/aside>\n            <!-- Share buttons by mashshare.net - Version: 4.0.47-->\n<p>\u2022 A\u00daN CUANDO se menciona que es muy temprano para poder definir a las figuras que habr\u00e1n de contender en el siguiente proceso electoral, cierto es que el 2027 pr\u00e1cticamente ya comenz\u00f3, con el surgimiento de perfiles que han estado haciendo presencia constante, algunos de manera discreta y otros m\u00e1s evidente, pero, todos con la mira puesta en lo que viene.<\/p>\n\n\n\n<p>\u2022 PARA EL CASO DE HUEJUTLA existe ya una competencia clara entre actores de un mismo grupo, que buscan la presidencia municipal, en todos los casos se trata de personas que cuentan con la aprobaci\u00f3n de algunos sectores sociales principalmente, porque han estado trabajando de cerca con la propia ciudadan\u00eda, ya sea a trav\u00e9s de la ejecuci\u00f3n de obras o por el respaldo a actividades festivas.<\/p>\n\n\n\n<p>\u2022 Entre los perfiles j\u00f3venes se menciona a Jaime Redondo, quien ha hecho presencia en varios actos p\u00fablicos, como invitado especial, gracias a la cercan\u00eda que mantiene con algunas figuras que ocupan cargos de relevancia, tal es el caso del alcalde Alfredo San Rom\u00e1n, a quien anda acompa\u00f1ando en varios eventos.<\/p>\n\n\n\n<p>\u2022 Por otro lado, se encuentra To\u00f1o Mandujano, tambi\u00e9n un perfil joven, empresario, que se ha aventurado de una manera activa en la pol\u00edtica, impulsado por algunos grupos locales a buscar figurar para ser tomado en cuenta en el siguiente proceso electoral.<\/p>\n\n\n\n<p>\u2022 A\u00fan as\u00ed, tampoco se puede descartar al propio alcalde Alfredo San Rom\u00e1n para volver a participar, ya que, mientras algunos detractores intentan inducir que existe un rechazo o un desgaste social, lo cierto es que la figura de San Rom\u00e1n se encuentra m\u00e1s vigente que nunca, tanto en la zona rural, como en la zona urbana en donde, por cierto, se le ha dado atenci\u00f3n al mejoramiento de imagen, pero, sobre todo, en ordenamiento, algo que en administraciones pasadas no se hab\u00eda atendido.<\/p>\n\n\n\n<p>\u2022 Si el caso fuera, que se decidiera que, en Huejutla, Morena proponga mujer como se ha rumorado, tambi\u00e9n se ha visualizado una lista de perfiles que podr\u00edan tener el respaldo para contender y aunque ha manifestado que no tiene intenciones de participar por una presidencia municipal, el trabajo que ha realizado al frente del DIF municipal, le ha generado una proyecci\u00f3n a Kristel Rodr\u00edguez, sobre todo, porque posee un liderazgo propio.<\/p>\n\n\n\n<p>\u2022 Otro de los perfiles, por la l\u00ednea estatal, se ha mencionado a Briseida Torres, quien es directora general de \u00f3rganos de control y vigilancia de la Contralor\u00eda General del Estado, figura cercana al contralor \u00c1lvaro Bardales, aunque por la misma labor que desempe\u00f1a se le perfila m\u00e1s hacia una diputaci\u00f3n local, ya que \u00e9l tiene una presencia en varios municipios.<\/p>\n\n\n\n<p>\u2022 Y hablando de diputadas, a\u00fan cuando asegura que no buscar\u00e1 la reelecci\u00f3n al cargo, la legisladora local, Paloma Barrag\u00e1n, tambi\u00e9n es considerada como una propuesta hacia el municipio de Huejutla.<\/p>\n","protected":false},"excerpt":{"rendered":"<p>\u2022 A\u00daN CUANDO se menciona que es muy temprano para poder definir a las figuras que habr\u00e1n de contender en el siguiente proceso electoral, cierto es que el 2027 pr\u00e1cticamente ya comenz\u00f3, con el surgimiento de perfiles que han estado haciendo presencia constante, algunos de manera discreta y otros m\u00e1s evidente, pero, todos con la&hellip; <a class=\"more-link\" href=\"https:\/\/www.zunoticia.com\/noticias-de-hidalgo\/2026\/02\/12\/espejeando-por-perseo-huasteca-386\/\">Seguir leyendo <span class=\"screen-reader-text\">ESPEJEANDO POR PERSEO Huasteca<\/span><\/a><\/p>\n","protected":false},"author":12,"featured_media":625900,"comment_status":"open","ping_status":"open","sticky":false,"template":"","format":"standard","meta":{"rop_custom_images_group":[],"rop_custom_messages_group":[],"rop_publish_now":"initial","rop_publish_now_accounts":{"facebook_10159540855086992_322828327761733":""},"rop_publish_now_history":[],"rop_publish_now_status":"pending","footnotes":""},"categories":[176],"tags":[205],"class_list":["post-625899","post","type-post","status-publish","format-standard","has-post-thumbnail","hentry","category-espejeando","tag-espejeando","entry"],"_links":{"self":[{"href":"https:\/\/www.zunoticia.com\/noticias-de-hidalgo\/wp-json\/wp\/v2\/posts\/625899","targetHints":{"allow":["GET"]}}],"collection":[{"href":"https:\/\/www.zunoticia.com\/noticias-de-hidalgo\/wp-json\/wp\/v2\/posts"}],"about":[{"href":"https:\/\/www.zunoticia.com\/noticias-de-hidalgo\/wp-json\/wp\/v2\/types\/post"}],"author":[{"embeddable":true,"href":"https:\/\/www.zunoticia.com\/noticias-de-hidalgo\/wp-json\/wp\/v2\/users\/12"}],"replies":[{"embeddable":true,"href":"https:\/\/www.zunoticia.com\/noticias-de-hidalgo\/wp-json\/wp\/v2\/comments?post=625899"}],"version-history":[{"count":1,"href":"https:\/\/www.zunoticia.com\/noticias-de-hidalgo\/wp-json\/wp\/v2\/posts\/625899\/revisions"}],"predecessor-version":[{"id":625901,"href":"https:\/\/www.zunoticia.com\/noticias-de-hidalgo\/wp-json\/wp\/v2\/posts\/625899\/revisions\/625901"}],"wp:featuredmedia":[{"embeddable":true,"href":"https:\/\/www.zunoticia.com\/noticias-de-hidalgo\/wp-json\/wp\/v2\/media\/625900"}],"wp:attachment":[{"href":"https:\/\/www.zunoticia.com\/noticias-de-hidalgo\/wp-json\/wp\/v2\/media?parent=625899"}],"wp:term":[{"taxonomy":"category","embeddable":true,"href":"https:\/\/www.zunoticia.com\/noticias-de-hidalgo\/wp-json\/wp\/v2\/categories?post=625899"},{"taxonomy":"post_tag","embeddable":true,"href":"https:\/\/www.zunoticia.com\/noticias-de-hidalgo\/wp-json\/wp\/v2\/tags?post=625899"}],"curies":[{"name":"wp","href":"https:\/\/api.w.org\/{rel}","templated":true}]}}