{"id":626117,"date":"2026-02-15T14:07:56","date_gmt":"2026-02-15T20:07:56","guid":{"rendered":"https:\/\/www.zunoticia.com\/noticias-de-hidalgo\/?p=626117"},"modified":"2026-02-15T14:07:57","modified_gmt":"2026-02-15T20:07:57","slug":"integrante-de-la-ucla-solicita-que-candidato-de-unidad-para-secretario-se-elija-en-asamblea-general","status":"publish","type":"post","link":"https:\/\/www.zunoticia.com\/noticias-de-hidalgo\/2026\/02\/15\/integrante-de-la-ucla-solicita-que-candidato-de-unidad-para-secretario-se-elija-en-asamblea-general\/","title":{"rendered":"Integrante de la UCLA solicita que candidato de Unidad para secretario se elija en asamblea general"},"content":{"rendered":"<aside class=\"mashsb-container mashsb-main mashsb-stretched\"><div class=\"mashsb-box\"><div class=\"mashsb-count mash-large\" style=\"float:left\"><div class=\"counts mashsbcount\">0<\/div><span class=\"mashsb-sharetext\">SHARES<\/span><\/div><div class=\"mashsb-buttons\"><a class=\"mashicon-facebook mash-large mash-center mashsb-noshadow\" href=\"https:\/\/www.facebook.com\/sharer.php?u=https%3A%2F%2Fwww.zunoticia.com%2Fnoticias-de-hidalgo%2F2026%2F02%2F15%2Fintegrante-de-la-ucla-solicita-que-candidato-de-unidad-para-secretario-se-elija-en-asamblea-general%2F\" target=\"_top\" rel=\"nofollow\"><span class=\"icon\"><\/span><span class=\"text\">Share<\/span><\/a><a class=\"mashicon-twitter mash-large mash-center mashsb-noshadow\" href=\"https:\/\/twitter.com\/intent\/tweet?text=&amp;url=https:\/\/www.zunoticia.com\/noticias-de-hidalgo\/2026\/02\/15\/integrante-de-la-ucla-solicita-que-candidato-de-unidad-para-secretario-se-elija-en-asamblea-general\/\" target=\"_top\" rel=\"nofollow\"><span class=\"icon\"><\/span><span class=\"text\">Tweet<\/span><\/a><div class=\"onoffswitch2 mash-large mashsb-noshadow\" style=\"display:none\"><\/div><\/div>\n            <\/div>\n                <div style=\"clear:both\"><\/div><div class=\"mashsb-toggle-container\"><\/div><\/aside>\n            <!-- Share buttons by mashshare.net - Version: 4.0.47-->\n<p><em>Por Salvador Altamirano\/Zunoticia<\/em><\/p>\n\n\n\n<p><strong>Huejutla, Hgo.-<\/strong> Nos hemos enterado de que la actual dirigencia de la UCLA, para designar al nuevo dirigente de la organizaci\u00f3n, quiere lanzar, &#8220;seg\u00fan ellos, a un candidato de Unidad, pero lo legal es que convoquen a una reuni\u00f3n general para que de ah\u00ed se saque al candidato de unidad.<\/p>\n\n\n\n<p>Lo anterior fue expresado por Nereo Ram\u00edrez Mart\u00ednez, quien enfatiz\u00f3 que la elecci\u00f3n debe de ser democr\u00e1tica, \u201cpor lo que le pedimos a la asamblea que convoque a una reuni\u00f3n y en la votaci\u00f3n que participe el que quiera participar, sin importar de qu\u00e9 grupo sea, ya que todos los socios tenemos derecho\u201d.<\/p>\n\n\n\n<p>A pregunta expresa, refiri\u00f3 que \u201clos comerciantes del \u00e1rea del Laminado tienen a\u00f1os solicitando que se les mejore su \u00e1rea de trabajo y secretarios van y secretarios vienen y ninguno ha respaldado su petici\u00f3n, no obstante, que se los hemos pedido\u201d.<\/p>\n\n\n\n<p>Respecto al conato de incendio que esta semana se suscit\u00f3 en un local del Mercado, donde venden abarrotes, refiri\u00f3 que podr\u00eda ser por lo viejitos que est\u00e1n los cables de conducci\u00f3n de energ\u00eda el\u00e9ctrica interna.<\/p>\n\n\n\n<p>Para finalizar, Ram\u00edrez Mart\u00ednez solicit\u00f3 a la administraci\u00f3n del Mercado, a elementos de Protecci\u00f3n Civil y a la a\u00fan dirigencia de la UCLA, que hagan una revisi\u00f3n exhaustiva del cableado. Y al nuevo dirigente, acentu\u00f3, que el primer problema que aborde sea la rehabilitaci\u00f3n de este.<\/p>\n","protected":false},"excerpt":{"rendered":"<p>Por Salvador Altamirano\/Zunoticia Huejutla, Hgo.- Nos hemos enterado de que la actual dirigencia de la UCLA, para designar al nuevo dirigente de la organizaci\u00f3n, quiere lanzar, &#8220;seg\u00fan ellos, a un candidato de Unidad, pero lo legal es que convoquen a una reuni\u00f3n general para que de ah\u00ed se saque al candidato de unidad. Lo anterior&hellip; <a class=\"more-link\" href=\"https:\/\/www.zunoticia.com\/noticias-de-hidalgo\/2026\/02\/15\/integrante-de-la-ucla-solicita-que-candidato-de-unidad-para-secretario-se-elija-en-asamblea-general\/\">Seguir leyendo <span class=\"screen-reader-text\">Integrante de la UCLA solicita que candidato de Unidad para secretario se elija en asamblea general<\/span><\/a><\/p>\n","protected":false},"author":12,"featured_media":626115,"comment_status":"open","ping_status":"open","sticky":false,"template":"","format":"standard","meta":{"rop_custom_images_group":[],"rop_custom_messages_group":[],"rop_publish_now":"initial","rop_publish_now_accounts":{"facebook_10159540855086992_322828327761733":""},"rop_publish_now_history":[],"rop_publish_now_status":"pending","footnotes":""},"categories":[181],"tags":[121],"class_list":["post-626117","post","type-post","status-publish","format-standard","has-post-thumbnail","hentry","category-huejutla","tag-huejutla","entry"],"_links":{"self":[{"href":"https:\/\/www.zunoticia.com\/noticias-de-hidalgo\/wp-json\/wp\/v2\/posts\/626117","targetHints":{"allow":["GET"]}}],"collection":[{"href":"https:\/\/www.zunoticia.com\/noticias-de-hidalgo\/wp-json\/wp\/v2\/posts"}],"about":[{"href":"https:\/\/www.zunoticia.com\/noticias-de-hidalgo\/wp-json\/wp\/v2\/types\/post"}],"author":[{"embeddable":true,"href":"https:\/\/www.zunoticia.com\/noticias-de-hidalgo\/wp-json\/wp\/v2\/users\/12"}],"replies":[{"embeddable":true,"href":"https:\/\/www.zunoticia.com\/noticias-de-hidalgo\/wp-json\/wp\/v2\/comments?post=626117"}],"version-history":[{"count":1,"href":"https:\/\/www.zunoticia.com\/noticias-de-hidalgo\/wp-json\/wp\/v2\/posts\/626117\/revisions"}],"predecessor-version":[{"id":626118,"href":"https:\/\/www.zunoticia.com\/noticias-de-hidalgo\/wp-json\/wp\/v2\/posts\/626117\/revisions\/626118"}],"wp:featuredmedia":[{"embeddable":true,"href":"https:\/\/www.zunoticia.com\/noticias-de-hidalgo\/wp-json\/wp\/v2\/media\/626115"}],"wp:attachment":[{"href":"https:\/\/www.zunoticia.com\/noticias-de-hidalgo\/wp-json\/wp\/v2\/media?parent=626117"}],"wp:term":[{"taxonomy":"category","embeddable":true,"href":"https:\/\/www.zunoticia.com\/noticias-de-hidalgo\/wp-json\/wp\/v2\/categories?post=626117"},{"taxonomy":"post_tag","embeddable":true,"href":"https:\/\/www.zunoticia.com\/noticias-de-hidalgo\/wp-json\/wp\/v2\/tags?post=626117"}],"curies":[{"name":"wp","href":"https:\/\/api.w.org\/{rel}","templated":true}]}}