{"id":626148,"date":"2026-02-15T19:18:39","date_gmt":"2026-02-16T01:18:39","guid":{"rendered":"https:\/\/www.zunoticia.com\/noticias-de-hidalgo\/?p=626148"},"modified":"2026-02-15T19:18:41","modified_gmt":"2026-02-16T01:18:41","slug":"vim-denuncia-cobros-excesivos-y-actos-de-discriminacion-contra-personas-con-discapacidad","status":"publish","type":"post","link":"https:\/\/www.zunoticia.com\/noticias-de-hidalgo\/2026\/02\/15\/vim-denuncia-cobros-excesivos-y-actos-de-discriminacion-contra-personas-con-discapacidad\/","title":{"rendered":"VIM denuncia cobros excesivos y actos de discriminaci\u00f3n contra personas con discapacidad"},"content":{"rendered":"<aside class=\"mashsb-container mashsb-main mashsb-stretched\"><div class=\"mashsb-box\"><div class=\"mashsb-count mash-large\" style=\"float:left\"><div class=\"counts mashsbcount\">0<\/div><span class=\"mashsb-sharetext\">SHARES<\/span><\/div><div class=\"mashsb-buttons\"><a class=\"mashicon-facebook mash-large mash-center mashsb-noshadow\" href=\"https:\/\/www.facebook.com\/sharer.php?u=https%3A%2F%2Fwww.zunoticia.com%2Fnoticias-de-hidalgo%2F2026%2F02%2F15%2Fvim-denuncia-cobros-excesivos-y-actos-de-discriminacion-contra-personas-con-discapacidad%2F\" target=\"_top\" rel=\"nofollow\"><span class=\"icon\"><\/span><span class=\"text\">Share<\/span><\/a><a class=\"mashicon-twitter mash-large mash-center mashsb-noshadow\" href=\"https:\/\/twitter.com\/intent\/tweet?text=&amp;url=https:\/\/www.zunoticia.com\/noticias-de-hidalgo\/2026\/02\/15\/vim-denuncia-cobros-excesivos-y-actos-de-discriminacion-contra-personas-con-discapacidad\/\" target=\"_top\" rel=\"nofollow\"><span class=\"icon\"><\/span><span class=\"text\">Tweet<\/span><\/a><div class=\"onoffswitch2 mash-large mashsb-noshadow\" style=\"display:none\"><\/div><\/div>\n            <\/div>\n                <div style=\"clear:both\"><\/div><div class=\"mashsb-toggle-container\"><\/div><\/aside>\n            <!-- Share buttons by mashshare.net - Version: 4.0.47-->\n<p><em>Por Karen Rivera\/Zunoticia<\/em><\/p>\n\n\n\n<p><strong>Huejutla de Reyes, Hgo.-<\/strong> Cuando una persona en silla de ruedas solicita el servicio de taxi, muchas veces la negativa no es directa. En lugar de un \u201cno\u201d, la respuesta suele ser distinta \u201cS\u00ed te llevo, pero te cobro el triple\u201d.<\/p>\n\n\n\n<p>Es un claro ejemplo del d\u00eda a d\u00eda de una persona con discapacidad, quienes al no poderse valer por sus medios buscan la manera de desplazarse a sus destinos, sin embargo, al solicitar el transporte p\u00fablico, existen actos de discriminaci\u00f3n o cobros excesivos.<\/p>\n\n\n<div class=\"wp-block-image\">\n<figure class=\"aligncenter size-full\"><img fetchpriority=\"high\" decoding=\"async\" width=\"691\" height=\"1009\" src=\"https:\/\/www.zunoticia.com\/noticias-de-hidalgo\/wp-content\/uploads\/2026\/02\/eZy-Watermark_15-02-2026_03-53-31-0550p.m.jpg\" alt=\"\" class=\"wp-image-626150\" srcset=\"https:\/\/www.zunoticia.com\/noticias-de-hidalgo\/wp-content\/uploads\/2026\/02\/eZy-Watermark_15-02-2026_03-53-31-0550p.m.jpg 691w, https:\/\/www.zunoticia.com\/noticias-de-hidalgo\/wp-content\/uploads\/2026\/02\/eZy-Watermark_15-02-2026_03-53-31-0550p.m-205x300.jpg 205w\" sizes=\"(max-width: 691px) 100vw, 691px\" \/><\/figure>\n<\/div>\n\n\n<p>Al respecto, Rubicel Hern\u00e1ndez Garc\u00eda, representante de Vida Independiente M\u00e9xico sede Huejutla, se\u00f1al\u00f3 que, aunque actualmente varios taxistas ya brindan el servicio con mayor disposici\u00f3n, hace un par de a\u00f1os el panorama era distinto.<\/p>\n\n\n\n<p>\u201cS\u00ed, es muy cierto. Ahorita ya muchos taxistas nos conocen, pero, hace dos a\u00f1os el trato era de \u2018no te veo\u2019 o \u2018ya tengo carrera\u2019, sin decir directamente que no nos quieren prestar el servicio por no \u2018batallar\u2019\u201d, expres\u00f3.<\/p>\n\n\n\n<p>La situaci\u00f3n, indic\u00f3, ha mejorado gracias a la visibilizaci\u00f3n del tema y al trabajo de sensibilizaci\u00f3n, sin embargo, a\u00fan existen casos que evidencian la necesidad de fortalecer la cultura de inclusi\u00f3n y respeto.<\/p>\n\n\n\n<p>Integrantes del sector hacen un llamado a la sociedad y a las autoridades correspondientes para garantizar un trato digno e igualitario, recordando que la verdadera discapacidad no est\u00e1 en una silla de ruedas, sino en la mentalidad que pone precio a la movilidad y a los derechos de las personas.<\/p>\n","protected":false},"excerpt":{"rendered":"<p>Por Karen Rivera\/Zunoticia Huejutla de Reyes, Hgo.- Cuando una persona en silla de ruedas solicita el servicio de taxi, muchas veces la negativa no es directa. En lugar de un \u201cno\u201d, la respuesta suele ser distinta \u201cS\u00ed te llevo, pero te cobro el triple\u201d. Es un claro ejemplo del d\u00eda a d\u00eda de una persona&hellip; <a class=\"more-link\" href=\"https:\/\/www.zunoticia.com\/noticias-de-hidalgo\/2026\/02\/15\/vim-denuncia-cobros-excesivos-y-actos-de-discriminacion-contra-personas-con-discapacidad\/\">Seguir leyendo <span class=\"screen-reader-text\">VIM denuncia cobros excesivos y actos de discriminaci\u00f3n contra personas con discapacidad<\/span><\/a><\/p>\n","protected":false},"author":12,"featured_media":626149,"comment_status":"open","ping_status":"open","sticky":false,"template":"","format":"standard","meta":{"rop_custom_images_group":[],"rop_custom_messages_group":[],"rop_publish_now":"initial","rop_publish_now_accounts":{"facebook_10159540855086992_322828327761733":""},"rop_publish_now_history":[],"rop_publish_now_status":"pending","footnotes":""},"categories":[181],"tags":[121],"class_list":["post-626148","post","type-post","status-publish","format-standard","has-post-thumbnail","hentry","category-huejutla","tag-huejutla","entry"],"_links":{"self":[{"href":"https:\/\/www.zunoticia.com\/noticias-de-hidalgo\/wp-json\/wp\/v2\/posts\/626148","targetHints":{"allow":["GET"]}}],"collection":[{"href":"https:\/\/www.zunoticia.com\/noticias-de-hidalgo\/wp-json\/wp\/v2\/posts"}],"about":[{"href":"https:\/\/www.zunoticia.com\/noticias-de-hidalgo\/wp-json\/wp\/v2\/types\/post"}],"author":[{"embeddable":true,"href":"https:\/\/www.zunoticia.com\/noticias-de-hidalgo\/wp-json\/wp\/v2\/users\/12"}],"replies":[{"embeddable":true,"href":"https:\/\/www.zunoticia.com\/noticias-de-hidalgo\/wp-json\/wp\/v2\/comments?post=626148"}],"version-history":[{"count":1,"href":"https:\/\/www.zunoticia.com\/noticias-de-hidalgo\/wp-json\/wp\/v2\/posts\/626148\/revisions"}],"predecessor-version":[{"id":626151,"href":"https:\/\/www.zunoticia.com\/noticias-de-hidalgo\/wp-json\/wp\/v2\/posts\/626148\/revisions\/626151"}],"wp:featuredmedia":[{"embeddable":true,"href":"https:\/\/www.zunoticia.com\/noticias-de-hidalgo\/wp-json\/wp\/v2\/media\/626149"}],"wp:attachment":[{"href":"https:\/\/www.zunoticia.com\/noticias-de-hidalgo\/wp-json\/wp\/v2\/media?parent=626148"}],"wp:term":[{"taxonomy":"category","embeddable":true,"href":"https:\/\/www.zunoticia.com\/noticias-de-hidalgo\/wp-json\/wp\/v2\/categories?post=626148"},{"taxonomy":"post_tag","embeddable":true,"href":"https:\/\/www.zunoticia.com\/noticias-de-hidalgo\/wp-json\/wp\/v2\/tags?post=626148"}],"curies":[{"name":"wp","href":"https:\/\/api.w.org\/{rel}","templated":true}]}}