{"id":626162,"date":"2026-02-15T20:02:07","date_gmt":"2026-02-16T02:02:07","guid":{"rendered":"https:\/\/www.zunoticia.com\/noticias-de-hidalgo\/?p=626162"},"modified":"2026-02-15T20:02:09","modified_gmt":"2026-02-16T02:02:09","slug":"cbta-5-alista-participacion-en-desfile-de-carnaval-y-exposicion-agropecuaria","status":"publish","type":"post","link":"https:\/\/www.zunoticia.com\/noticias-de-hidalgo\/2026\/02\/15\/cbta-5-alista-participacion-en-desfile-de-carnaval-y-exposicion-agropecuaria\/","title":{"rendered":"CBTA 5 alista participaci\u00f3n en desfile de Carnaval y exposici\u00f3n agropecuaria"},"content":{"rendered":"<aside class=\"mashsb-container mashsb-main mashsb-stretched\"><div class=\"mashsb-box\"><div class=\"mashsb-count mash-large\" style=\"float:left\"><div class=\"counts mashsbcount\">0<\/div><span class=\"mashsb-sharetext\">SHARES<\/span><\/div><div class=\"mashsb-buttons\"><a class=\"mashicon-facebook mash-large mash-center mashsb-noshadow\" href=\"https:\/\/www.facebook.com\/sharer.php?u=https%3A%2F%2Fwww.zunoticia.com%2Fnoticias-de-hidalgo%2F2026%2F02%2F15%2Fcbta-5-alista-participacion-en-desfile-de-carnaval-y-exposicion-agropecuaria%2F\" target=\"_top\" rel=\"nofollow\"><span class=\"icon\"><\/span><span class=\"text\">Share<\/span><\/a><a class=\"mashicon-twitter mash-large mash-center mashsb-noshadow\" href=\"https:\/\/twitter.com\/intent\/tweet?text=&amp;url=https:\/\/www.zunoticia.com\/noticias-de-hidalgo\/2026\/02\/15\/cbta-5-alista-participacion-en-desfile-de-carnaval-y-exposicion-agropecuaria\/\" target=\"_top\" rel=\"nofollow\"><span class=\"icon\"><\/span><span class=\"text\">Tweet<\/span><\/a><div class=\"onoffswitch2 mash-large mashsb-noshadow\" style=\"display:none\"><\/div><\/div>\n            <\/div>\n                <div style=\"clear:both\"><\/div><div class=\"mashsb-toggle-container\"><\/div><\/aside>\n            <!-- Share buttons by mashshare.net - Version: 4.0.47-->\n<p><em>Por Karen Rivera\/Zunoticia<\/em><\/p>\n\n\n\n<p><strong>Huejutla de Reyes, Hgo.-<\/strong> El CBTA Plantel 5 inici\u00f3 el semestre con diversas actividades acad\u00e9micas, entre ellas su pr\u00f3xima participaci\u00f3n en el desfile de Carnaval y en una exposici\u00f3n agropecuaria organizada en el municipio.<\/p>\n\n\n\n<p>As\u00ed lo dio a conocer Felipe Hern\u00e1ndez Galv\u00e1n, jefe del Departamento de Vinculaci\u00f3n y Desarrollo Interinstitucional del plantel, quien destac\u00f3 que, adem\u00e1s del arranque de clases, la instituci\u00f3n ha recibido invitaciones para sumarse a eventos de relevancia regional.<\/p>\n\n\n\n<p>Se\u00f1al\u00f3 que, por invitaci\u00f3n de la Presidencia Municipal, el club de danza y la tabla r\u00edtmica del CBTA ya se preparan para participar en el desfile del Carnaval, evento considerado de gran importancia en la regi\u00f3n.<\/p>\n\n\n\n<p>\u201cNuestro club de danza ya se est\u00e1 preparando para representarnos en este evento, que es de suma importancia aqu\u00ed en nuestra regi\u00f3n\u201d, expres\u00f3.<\/p>\n\n\n\n<p>Asimismo, inform\u00f3 que, a solicitud de la SAGARPA, el plantel formar\u00e1 parte de una exposici\u00f3n agropecuaria el pr\u00f3ximo 21 de febrero en la plaza principal del municipio, donde presentar\u00e1n productos elaborados por docentes y alumnos de las carreras de Alimentos y Sistema de Producci\u00f3n de Alimentos.<\/p>\n\n\n\n<p>Los productos no solo ser\u00e1n exhibidos, sino que tambi\u00e9n estar\u00e1n disponibles para su venta, atendiendo la petici\u00f3n de los organizadores, adem\u00e1s, se contempla la exposici\u00f3n de miel producida en la instituci\u00f3n, como parte de la carrera de Producci\u00f3n Pecuaria.<\/p>\n\n\n\n<figure class=\"wp-block-image size-large\"><img fetchpriority=\"high\" decoding=\"async\" width=\"1024\" height=\"576\" src=\"https:\/\/www.zunoticia.com\/noticias-de-hidalgo\/wp-content\/uploads\/2026\/02\/eZy-Watermark_15-02-2026_06-35-05-5780p.m-1024x576.jpg\" alt=\"\" class=\"wp-image-626142\" srcset=\"https:\/\/www.zunoticia.com\/noticias-de-hidalgo\/wp-content\/uploads\/2026\/02\/eZy-Watermark_15-02-2026_06-35-05-5780p.m-1024x576.jpg 1024w, https:\/\/www.zunoticia.com\/noticias-de-hidalgo\/wp-content\/uploads\/2026\/02\/eZy-Watermark_15-02-2026_06-35-05-5780p.m-300x169.jpg 300w, https:\/\/www.zunoticia.com\/noticias-de-hidalgo\/wp-content\/uploads\/2026\/02\/eZy-Watermark_15-02-2026_06-35-05-5780p.m-768x432.jpg 768w, https:\/\/www.zunoticia.com\/noticias-de-hidalgo\/wp-content\/uploads\/2026\/02\/eZy-Watermark_15-02-2026_06-35-05-5780p.m-1536x864.jpg 1536w, https:\/\/www.zunoticia.com\/noticias-de-hidalgo\/wp-content\/uploads\/2026\/02\/eZy-Watermark_15-02-2026_06-35-05-5780p.m-1568x882.jpg 1568w, https:\/\/www.zunoticia.com\/noticias-de-hidalgo\/wp-content\/uploads\/2026\/02\/eZy-Watermark_15-02-2026_06-35-05-5780p.m.jpg 1599w\" sizes=\"(max-width: 1024px) 100vw, 1024px\" \/><\/figure>\n\n\n\n<p>Hern\u00e1ndez Galv\u00e1n subray\u00f3 que, estas actividades representan un beneficio integral, ya que fortalecen el aprendizaje pr\u00e1ctico de los estudiantes y contribuyen al desarrollo del plantel.<\/p>\n\n\n\n<p>\u201cTodas las actividades que se realizan tienen el enfoque acad\u00e9mico. Somos una escuela agropecuaria y nuestro objetivo es formar t\u00e9cnicos con competencias enfocadas a la carrera que est\u00e1n cursando\u201d, puntualiz\u00f3.<\/p>\n\n\n\n<p>Finalmente, destac\u00f3 que las pr\u00e1cticas productivas que se desarrollan en el CBTA generan productos de las \u00e1reas pecuaria, agr\u00edcola y de alimentos, consolidando as\u00ed la formaci\u00f3n t\u00e9cnica de los alumnos y su vinculaci\u00f3n con el entorno social y productivo de la regi\u00f3n.<\/p>\n","protected":false},"excerpt":{"rendered":"<p>Por Karen Rivera\/Zunoticia Huejutla de Reyes, Hgo.- El CBTA Plantel 5 inici\u00f3 el semestre con diversas actividades acad\u00e9micas, entre ellas su pr\u00f3xima participaci\u00f3n en el desfile de Carnaval y en una exposici\u00f3n agropecuaria organizada en el municipio. As\u00ed lo dio a conocer Felipe Hern\u00e1ndez Galv\u00e1n, jefe del Departamento de Vinculaci\u00f3n y Desarrollo Interinstitucional del plantel,&hellip; <a class=\"more-link\" href=\"https:\/\/www.zunoticia.com\/noticias-de-hidalgo\/2026\/02\/15\/cbta-5-alista-participacion-en-desfile-de-carnaval-y-exposicion-agropecuaria\/\">Seguir leyendo <span class=\"screen-reader-text\">CBTA 5 alista participaci\u00f3n en desfile de Carnaval y exposici\u00f3n agropecuaria<\/span><\/a><\/p>\n","protected":false},"author":12,"featured_media":626141,"comment_status":"open","ping_status":"open","sticky":false,"template":"","format":"standard","meta":{"rop_custom_images_group":[],"rop_custom_messages_group":[],"rop_publish_now":"initial","rop_publish_now_accounts":{"facebook_10159540855086992_322828327761733":""},"rop_publish_now_history":[],"rop_publish_now_status":"pending","footnotes":""},"categories":[181],"tags":[121],"class_list":["post-626162","post","type-post","status-publish","format-standard","has-post-thumbnail","hentry","category-huejutla","tag-huejutla","entry"],"_links":{"self":[{"href":"https:\/\/www.zunoticia.com\/noticias-de-hidalgo\/wp-json\/wp\/v2\/posts\/626162","targetHints":{"allow":["GET"]}}],"collection":[{"href":"https:\/\/www.zunoticia.com\/noticias-de-hidalgo\/wp-json\/wp\/v2\/posts"}],"about":[{"href":"https:\/\/www.zunoticia.com\/noticias-de-hidalgo\/wp-json\/wp\/v2\/types\/post"}],"author":[{"embeddable":true,"href":"https:\/\/www.zunoticia.com\/noticias-de-hidalgo\/wp-json\/wp\/v2\/users\/12"}],"replies":[{"embeddable":true,"href":"https:\/\/www.zunoticia.com\/noticias-de-hidalgo\/wp-json\/wp\/v2\/comments?post=626162"}],"version-history":[{"count":1,"href":"https:\/\/www.zunoticia.com\/noticias-de-hidalgo\/wp-json\/wp\/v2\/posts\/626162\/revisions"}],"predecessor-version":[{"id":626163,"href":"https:\/\/www.zunoticia.com\/noticias-de-hidalgo\/wp-json\/wp\/v2\/posts\/626162\/revisions\/626163"}],"wp:featuredmedia":[{"embeddable":true,"href":"https:\/\/www.zunoticia.com\/noticias-de-hidalgo\/wp-json\/wp\/v2\/media\/626141"}],"wp:attachment":[{"href":"https:\/\/www.zunoticia.com\/noticias-de-hidalgo\/wp-json\/wp\/v2\/media?parent=626162"}],"wp:term":[{"taxonomy":"category","embeddable":true,"href":"https:\/\/www.zunoticia.com\/noticias-de-hidalgo\/wp-json\/wp\/v2\/categories?post=626162"},{"taxonomy":"post_tag","embeddable":true,"href":"https:\/\/www.zunoticia.com\/noticias-de-hidalgo\/wp-json\/wp\/v2\/tags?post=626162"}],"curies":[{"name":"wp","href":"https:\/\/api.w.org\/{rel}","templated":true}]}}