{"id":626454,"date":"2026-02-17T21:42:59","date_gmt":"2026-02-18T03:42:59","guid":{"rendered":"https:\/\/www.zunoticia.com\/noticias-de-hidalgo\/?p=626454"},"modified":"2026-02-17T22:02:42","modified_gmt":"2026-02-18T04:02:42","slug":"secretaria-de-cultura-y-representante-africano-asisten-a-carnaval-huasteco","status":"publish","type":"post","link":"https:\/\/www.zunoticia.com\/noticias-de-hidalgo\/2026\/02\/17\/secretaria-de-cultura-y-representante-africano-asisten-a-carnaval-huasteco\/","title":{"rendered":"Secretaria de Cultura y representante africano asisten a Carnaval huasteco"},"content":{"rendered":"<aside class=\"mashsb-container mashsb-main mashsb-stretched\"><div class=\"mashsb-box\"><div class=\"mashsb-count mash-large\" style=\"float:left\"><div class=\"counts mashsbcount\">0<\/div><span class=\"mashsb-sharetext\">SHARES<\/span><\/div><div class=\"mashsb-buttons\"><a class=\"mashicon-facebook mash-large mash-center mashsb-noshadow\" href=\"https:\/\/www.facebook.com\/sharer.php?u=https%3A%2F%2Fwww.zunoticia.com%2Fnoticias-de-hidalgo%2F2026%2F02%2F17%2Fsecretaria-de-cultura-y-representante-africano-asisten-a-carnaval-huasteco%2F\" target=\"_top\" rel=\"nofollow\"><span class=\"icon\"><\/span><span class=\"text\">Share<\/span><\/a><a class=\"mashicon-twitter mash-large mash-center mashsb-noshadow\" href=\"https:\/\/twitter.com\/intent\/tweet?text=&amp;url=https:\/\/www.zunoticia.com\/noticias-de-hidalgo\/2026\/02\/17\/secretaria-de-cultura-y-representante-africano-asisten-a-carnaval-huasteco\/\" target=\"_top\" rel=\"nofollow\"><span class=\"icon\"><\/span><span class=\"text\">Tweet<\/span><\/a><div class=\"onoffswitch2 mash-large mashsb-noshadow\" style=\"display:none\"><\/div><\/div>\n            <\/div>\n                <div style=\"clear:both\"><\/div><div class=\"mashsb-toggle-container\"><\/div><\/aside>\n            <!-- Share buttons by mashshare.net - Version: 4.0.47-->\n<p><em>Por Angel Osiris Castillo Garc\u00eda\/Zunoticia<\/em><\/p>\n\n\n\n<p><strong>Yahualica Hgo.-<\/strong> La secretaria de cultura de Gobierno del Estado, Neyda Naranjo Baltazar, destac\u00f3 el inter\u00e9s de los huastecos por preservar sus tradiciones, como es la celebraci\u00f3n del Carnaval, mencionando que existe un reconocimiento por parte del Gobernador del Estado.<\/p>\n\n\n\n<figure class=\"wp-block-image size-large\"><img fetchpriority=\"high\" decoding=\"async\" width=\"1024\" height=\"576\" src=\"https:\/\/www.zunoticia.com\/noticias-de-hidalgo\/wp-content\/uploads\/2026\/02\/eZy-Watermark_17-02-2026_09-29-14-4010p.m-1024x576.jpg\" alt=\"\" class=\"wp-image-626455\" srcset=\"https:\/\/www.zunoticia.com\/noticias-de-hidalgo\/wp-content\/uploads\/2026\/02\/eZy-Watermark_17-02-2026_09-29-14-4010p.m-1024x576.jpg 1024w, https:\/\/www.zunoticia.com\/noticias-de-hidalgo\/wp-content\/uploads\/2026\/02\/eZy-Watermark_17-02-2026_09-29-14-4010p.m-300x169.jpg 300w, https:\/\/www.zunoticia.com\/noticias-de-hidalgo\/wp-content\/uploads\/2026\/02\/eZy-Watermark_17-02-2026_09-29-14-4010p.m-768x432.jpg 768w, https:\/\/www.zunoticia.com\/noticias-de-hidalgo\/wp-content\/uploads\/2026\/02\/eZy-Watermark_17-02-2026_09-29-14-4010p.m-1536x864.jpg 1536w, https:\/\/www.zunoticia.com\/noticias-de-hidalgo\/wp-content\/uploads\/2026\/02\/eZy-Watermark_17-02-2026_09-29-14-4010p.m-1568x882.jpg 1568w, https:\/\/www.zunoticia.com\/noticias-de-hidalgo\/wp-content\/uploads\/2026\/02\/eZy-Watermark_17-02-2026_09-29-14-4010p.m.jpg 1600w\" sizes=\"(max-width: 1024px) 100vw, 1024px\" \/><\/figure>\n\n\n\n<p>Asistiendo como invitada especial, la funcionaria recibi\u00f3 el reconocimiento y agradecimiento de parte del comit\u00e9 organizador, en palabras del primer comandante del Carnaval, quien resalt\u00f3 la importancia que se le da al municipio al recibir directamente a la secretaria de Cultura del Gobierno del Estado.<\/p>\n\n\n\n<figure class=\"wp-block-image size-large\"><img decoding=\"async\" width=\"1024\" height=\"576\" src=\"https:\/\/www.zunoticia.com\/noticias-de-hidalgo\/wp-content\/uploads\/2026\/02\/eZy-Watermark_17-02-2026_09-33-07-9770p.m-1024x576.jpg\" alt=\"\" class=\"wp-image-626458\" srcset=\"https:\/\/www.zunoticia.com\/noticias-de-hidalgo\/wp-content\/uploads\/2026\/02\/eZy-Watermark_17-02-2026_09-33-07-9770p.m-1024x576.jpg 1024w, https:\/\/www.zunoticia.com\/noticias-de-hidalgo\/wp-content\/uploads\/2026\/02\/eZy-Watermark_17-02-2026_09-33-07-9770p.m-300x169.jpg 300w, https:\/\/www.zunoticia.com\/noticias-de-hidalgo\/wp-content\/uploads\/2026\/02\/eZy-Watermark_17-02-2026_09-33-07-9770p.m-768x432.jpg 768w, https:\/\/www.zunoticia.com\/noticias-de-hidalgo\/wp-content\/uploads\/2026\/02\/eZy-Watermark_17-02-2026_09-33-07-9770p.m-1536x864.jpg 1536w, https:\/\/www.zunoticia.com\/noticias-de-hidalgo\/wp-content\/uploads\/2026\/02\/eZy-Watermark_17-02-2026_09-33-07-9770p.m-1568x882.jpg 1568w, https:\/\/www.zunoticia.com\/noticias-de-hidalgo\/wp-content\/uploads\/2026\/02\/eZy-Watermark_17-02-2026_09-33-07-9770p.m.jpg 1600w\" sizes=\"(max-width: 1024px) 100vw, 1024px\" \/><\/figure>\n\n\n\n<p>Naranjo Baltazar por su parte extern\u00f3 que toda manifestaci\u00f3n cultural merece ser impulsada y reconocida, como lo es el Carnaval, ya que esto representa no solo al municipio, sino a todo el estado de Hidalgo y su multiculturalidad.<\/p>\n\n\n\n<figure class=\"wp-block-image size-large\"><img decoding=\"async\" width=\"1024\" height=\"576\" src=\"https:\/\/www.zunoticia.com\/noticias-de-hidalgo\/wp-content\/uploads\/2026\/02\/eZy-Watermark_17-02-2026_09-29-31-1310p.m-1024x576.jpg\" alt=\"\" class=\"wp-image-626457\" srcset=\"https:\/\/www.zunoticia.com\/noticias-de-hidalgo\/wp-content\/uploads\/2026\/02\/eZy-Watermark_17-02-2026_09-29-31-1310p.m-1024x576.jpg 1024w, https:\/\/www.zunoticia.com\/noticias-de-hidalgo\/wp-content\/uploads\/2026\/02\/eZy-Watermark_17-02-2026_09-29-31-1310p.m-300x169.jpg 300w, https:\/\/www.zunoticia.com\/noticias-de-hidalgo\/wp-content\/uploads\/2026\/02\/eZy-Watermark_17-02-2026_09-29-31-1310p.m-768x432.jpg 768w, https:\/\/www.zunoticia.com\/noticias-de-hidalgo\/wp-content\/uploads\/2026\/02\/eZy-Watermark_17-02-2026_09-29-31-1310p.m-1536x864.jpg 1536w, https:\/\/www.zunoticia.com\/noticias-de-hidalgo\/wp-content\/uploads\/2026\/02\/eZy-Watermark_17-02-2026_09-29-31-1310p.m-1568x882.jpg 1568w, https:\/\/www.zunoticia.com\/noticias-de-hidalgo\/wp-content\/uploads\/2026\/02\/eZy-Watermark_17-02-2026_09-29-31-1310p.m.jpg 1600w\" sizes=\"(max-width: 1024px) 100vw, 1024px\" \/><\/figure>\n\n\n\n<p>La funcionaria estuvo acompa\u00f1ada de la alcaldesa Francisca Lara, as\u00ed como dem\u00e1s funcionarios de la administraci\u00f3n, adem\u00e1s de un embajador cultural de Nigeria, \u00c1frica, que tambi\u00e9n asisti\u00f3 como invitado.<\/p>\n","protected":false},"excerpt":{"rendered":"<p>Por Angel Osiris Castillo Garc\u00eda\/Zunoticia Yahualica Hgo.- La secretaria de cultura de Gobierno del Estado, Neyda Naranjo Baltazar, destac\u00f3 el inter\u00e9s de los huastecos por preservar sus tradiciones, como es la celebraci\u00f3n del Carnaval, mencionando que existe un reconocimiento por parte del Gobernador del Estado. Asistiendo como invitada especial, la funcionaria recibi\u00f3 el reconocimiento y&hellip; <a class=\"more-link\" href=\"https:\/\/www.zunoticia.com\/noticias-de-hidalgo\/2026\/02\/17\/secretaria-de-cultura-y-representante-africano-asisten-a-carnaval-huasteco\/\">Seguir leyendo <span class=\"screen-reader-text\">Secretaria de Cultura y representante africano asisten a Carnaval huasteco<\/span><\/a><\/p>\n","protected":false},"author":12,"featured_media":626456,"comment_status":"open","ping_status":"open","sticky":false,"template":"","format":"standard","meta":{"rop_custom_images_group":[],"rop_custom_messages_group":[],"rop_publish_now":"initial","rop_publish_now_accounts":{"facebook_10159540855086992_322828327761733":""},"rop_publish_now_history":[],"rop_publish_now_status":"pending","footnotes":""},"categories":[179,203],"tags":[123],"class_list":["post-626454","post","type-post","status-publish","format-standard","has-post-thumbnail","hentry","category-huasteca","category-yahualica","tag-yahualica","entry"],"_links":{"self":[{"href":"https:\/\/www.zunoticia.com\/noticias-de-hidalgo\/wp-json\/wp\/v2\/posts\/626454","targetHints":{"allow":["GET"]}}],"collection":[{"href":"https:\/\/www.zunoticia.com\/noticias-de-hidalgo\/wp-json\/wp\/v2\/posts"}],"about":[{"href":"https:\/\/www.zunoticia.com\/noticias-de-hidalgo\/wp-json\/wp\/v2\/types\/post"}],"author":[{"embeddable":true,"href":"https:\/\/www.zunoticia.com\/noticias-de-hidalgo\/wp-json\/wp\/v2\/users\/12"}],"replies":[{"embeddable":true,"href":"https:\/\/www.zunoticia.com\/noticias-de-hidalgo\/wp-json\/wp\/v2\/comments?post=626454"}],"version-history":[{"count":2,"href":"https:\/\/www.zunoticia.com\/noticias-de-hidalgo\/wp-json\/wp\/v2\/posts\/626454\/revisions"}],"predecessor-version":[{"id":626460,"href":"https:\/\/www.zunoticia.com\/noticias-de-hidalgo\/wp-json\/wp\/v2\/posts\/626454\/revisions\/626460"}],"wp:featuredmedia":[{"embeddable":true,"href":"https:\/\/www.zunoticia.com\/noticias-de-hidalgo\/wp-json\/wp\/v2\/media\/626456"}],"wp:attachment":[{"href":"https:\/\/www.zunoticia.com\/noticias-de-hidalgo\/wp-json\/wp\/v2\/media?parent=626454"}],"wp:term":[{"taxonomy":"category","embeddable":true,"href":"https:\/\/www.zunoticia.com\/noticias-de-hidalgo\/wp-json\/wp\/v2\/categories?post=626454"},{"taxonomy":"post_tag","embeddable":true,"href":"https:\/\/www.zunoticia.com\/noticias-de-hidalgo\/wp-json\/wp\/v2\/tags?post=626454"}],"curies":[{"name":"wp","href":"https:\/\/api.w.org\/{rel}","templated":true}]}}