{"id":626518,"date":"2026-02-18T14:59:29","date_gmt":"2026-02-18T20:59:29","guid":{"rendered":"https:\/\/www.zunoticia.com\/noticias-de-hidalgo\/?p=626518"},"modified":"2026-02-18T14:59:35","modified_gmt":"2026-02-18T20:59:35","slug":"parroquia-san-agustin-se-prepara-para-semana-santa","status":"publish","type":"post","link":"https:\/\/www.zunoticia.com\/noticias-de-hidalgo\/2026\/02\/18\/parroquia-san-agustin-se-prepara-para-semana-santa\/","title":{"rendered":"Parroquia San Agust\u00edn se prepara para Semana Santa"},"content":{"rendered":"<aside class=\"mashsb-container mashsb-main mashsb-stretched\"><div class=\"mashsb-box\"><div class=\"mashsb-count mash-large\" style=\"float:left\"><div class=\"counts mashsbcount\">0<\/div><span class=\"mashsb-sharetext\">SHARES<\/span><\/div><div class=\"mashsb-buttons\"><a class=\"mashicon-facebook mash-large mash-center mashsb-noshadow\" href=\"https:\/\/www.facebook.com\/sharer.php?u=https%3A%2F%2Fwww.zunoticia.com%2Fnoticias-de-hidalgo%2F2026%2F02%2F18%2Fparroquia-san-agustin-se-prepara-para-semana-santa%2F\" target=\"_top\" rel=\"nofollow\"><span class=\"icon\"><\/span><span class=\"text\">Share<\/span><\/a><a class=\"mashicon-twitter mash-large mash-center mashsb-noshadow\" href=\"https:\/\/twitter.com\/intent\/tweet?text=&amp;url=https:\/\/www.zunoticia.com\/noticias-de-hidalgo\/2026\/02\/18\/parroquia-san-agustin-se-prepara-para-semana-santa\/\" target=\"_top\" rel=\"nofollow\"><span class=\"icon\"><\/span><span class=\"text\">Tweet<\/span><\/a><div class=\"onoffswitch2 mash-large mashsb-noshadow\" style=\"display:none\"><\/div><\/div>\n            <\/div>\n                <div style=\"clear:both\"><\/div><div class=\"mashsb-toggle-container\"><\/div><\/aside>\n            <!-- Share buttons by mashshare.net - Version: 4.0.47-->\n<p><em>Por \u00c1ngel Osiris Castillo Garc\u00eda\/Zunoticia<\/em><\/p>\n\n\n\n<p><strong>Tlanchinol Hgo<\/strong>.- En el inicio de la Cuaresma, la parroquia de San Agust\u00edn llev\u00f3 a cabo la imposici\u00f3n de ceniza a los feligreses que acudieron desde temprana hora, adem\u00e1s de preparar las actividades de Semana Santa.<\/p>\n\n\n\n<p>A primera hora las campanas de la parroquia comenzaron a repicar llamando a misa, con motivo del inicio de la Cuaresma, por lo que las personas comenzaron a llegar de los diferentes barrios y colonias de la cabecera municipal para participar en la celebraci\u00f3n de la misa de Mi\u00e9rcoles de Ceniza.<\/p>\n\n\n\n<figure class=\"wp-block-image size-full\"><img fetchpriority=\"high\" decoding=\"async\" width=\"933\" height=\"524\" src=\"https:\/\/www.zunoticia.com\/noticias-de-hidalgo\/wp-content\/uploads\/2026\/02\/Zunoticia-Huejutla-245.png\" alt=\"\" class=\"wp-image-626520\" srcset=\"https:\/\/www.zunoticia.com\/noticias-de-hidalgo\/wp-content\/uploads\/2026\/02\/Zunoticia-Huejutla-245.png 933w, https:\/\/www.zunoticia.com\/noticias-de-hidalgo\/wp-content\/uploads\/2026\/02\/Zunoticia-Huejutla-245-300x168.png 300w, https:\/\/www.zunoticia.com\/noticias-de-hidalgo\/wp-content\/uploads\/2026\/02\/Zunoticia-Huejutla-245-768x431.png 768w\" sizes=\"(max-width: 933px) 100vw, 933px\" \/><\/figure>\n\n\n\n<p>Durante la ma\u00f1ana se estuvieron realizando misas en diferentes horarios, por lo que personas de todas las edades acud\u00edan para recibir la imposici\u00f3n de la Cruz en la frente, marcando de esta manera el inicio de la Cuaresma.<\/p>\n\n\n\n<p>Adem\u00e1s, se dio a conocer que, se llevan a cabo los preparativos para las actividades que se realizar\u00e1n en la Semana Santa cuando se contar\u00e1 con la representaci\u00f3n del Viacrucis viviente que ser\u00e1 interpretado por el joven Roger en el papel de Jes\u00fas y que partir\u00e1 desde la plaza principal.<\/p>\n","protected":false},"excerpt":{"rendered":"<p>Por \u00c1ngel Osiris Castillo Garc\u00eda\/Zunoticia Tlanchinol Hgo.- En el inicio de la Cuaresma, la parroquia de San Agust\u00edn llev\u00f3 a cabo la imposici\u00f3n de ceniza a los feligreses que acudieron desde temprana hora, adem\u00e1s de preparar las actividades de Semana Santa. A primera hora las campanas de la parroquia comenzaron a repicar llamando a misa,&hellip; <a class=\"more-link\" href=\"https:\/\/www.zunoticia.com\/noticias-de-hidalgo\/2026\/02\/18\/parroquia-san-agustin-se-prepara-para-semana-santa\/\">Seguir leyendo <span class=\"screen-reader-text\">Parroquia San Agust\u00edn se prepara para Semana Santa<\/span><\/a><\/p>\n","protected":false},"author":20,"featured_media":626519,"comment_status":"open","ping_status":"open","sticky":false,"template":"","format":"standard","meta":{"rop_custom_images_group":[],"rop_custom_messages_group":[],"rop_publish_now":"initial","rop_publish_now_accounts":{"facebook_10159540855086992_322828327761733":""},"rop_publish_now_history":[],"rop_publish_now_status":"pending","footnotes":""},"categories":[201],"tags":[127],"class_list":["post-626518","post","type-post","status-publish","format-standard","has-post-thumbnail","hentry","category-tlanchinol","tag-tlanchinol","entry"],"_links":{"self":[{"href":"https:\/\/www.zunoticia.com\/noticias-de-hidalgo\/wp-json\/wp\/v2\/posts\/626518","targetHints":{"allow":["GET"]}}],"collection":[{"href":"https:\/\/www.zunoticia.com\/noticias-de-hidalgo\/wp-json\/wp\/v2\/posts"}],"about":[{"href":"https:\/\/www.zunoticia.com\/noticias-de-hidalgo\/wp-json\/wp\/v2\/types\/post"}],"author":[{"embeddable":true,"href":"https:\/\/www.zunoticia.com\/noticias-de-hidalgo\/wp-json\/wp\/v2\/users\/20"}],"replies":[{"embeddable":true,"href":"https:\/\/www.zunoticia.com\/noticias-de-hidalgo\/wp-json\/wp\/v2\/comments?post=626518"}],"version-history":[{"count":1,"href":"https:\/\/www.zunoticia.com\/noticias-de-hidalgo\/wp-json\/wp\/v2\/posts\/626518\/revisions"}],"predecessor-version":[{"id":626521,"href":"https:\/\/www.zunoticia.com\/noticias-de-hidalgo\/wp-json\/wp\/v2\/posts\/626518\/revisions\/626521"}],"wp:featuredmedia":[{"embeddable":true,"href":"https:\/\/www.zunoticia.com\/noticias-de-hidalgo\/wp-json\/wp\/v2\/media\/626519"}],"wp:attachment":[{"href":"https:\/\/www.zunoticia.com\/noticias-de-hidalgo\/wp-json\/wp\/v2\/media?parent=626518"}],"wp:term":[{"taxonomy":"category","embeddable":true,"href":"https:\/\/www.zunoticia.com\/noticias-de-hidalgo\/wp-json\/wp\/v2\/categories?post=626518"},{"taxonomy":"post_tag","embeddable":true,"href":"https:\/\/www.zunoticia.com\/noticias-de-hidalgo\/wp-json\/wp\/v2\/tags?post=626518"}],"curies":[{"name":"wp","href":"https:\/\/api.w.org\/{rel}","templated":true}]}}