{"id":626874,"date":"2026-02-20T16:28:33","date_gmt":"2026-02-20T22:28:33","guid":{"rendered":"https:\/\/www.zunoticia.com\/noticias-de-hidalgo\/?p=626874"},"modified":"2026-02-20T16:28:35","modified_gmt":"2026-02-20T22:28:35","slug":"destacada-actuacion-de-alumnos-del-plantel-atlapexco-en-evento-regional-del-cecyteh","status":"publish","type":"post","link":"https:\/\/www.zunoticia.com\/noticias-de-hidalgo\/2026\/02\/20\/destacada-actuacion-de-alumnos-del-plantel-atlapexco-en-evento-regional-del-cecyteh\/","title":{"rendered":"Destacada actuaci\u00f3n de alumnos del plantel Atlapexco en evento regional del CECyTEH"},"content":{"rendered":"<aside class=\"mashsb-container mashsb-main mashsb-stretched\"><div class=\"mashsb-box\"><div class=\"mashsb-count mash-large\" style=\"float:left\"><div class=\"counts mashsbcount\">0<\/div><span class=\"mashsb-sharetext\">SHARES<\/span><\/div><div class=\"mashsb-buttons\"><a class=\"mashicon-facebook mash-large mash-center mashsb-noshadow\" href=\"https:\/\/www.facebook.com\/sharer.php?u=https%3A%2F%2Fwww.zunoticia.com%2Fnoticias-de-hidalgo%2F2026%2F02%2F20%2Fdestacada-actuacion-de-alumnos-del-plantel-atlapexco-en-evento-regional-del-cecyteh%2F\" target=\"_top\" rel=\"nofollow\"><span class=\"icon\"><\/span><span class=\"text\">Share<\/span><\/a><a class=\"mashicon-twitter mash-large mash-center mashsb-noshadow\" href=\"https:\/\/twitter.com\/intent\/tweet?text=&amp;url=https:\/\/www.zunoticia.com\/noticias-de-hidalgo\/2026\/02\/20\/destacada-actuacion-de-alumnos-del-plantel-atlapexco-en-evento-regional-del-cecyteh\/\" target=\"_top\" rel=\"nofollow\"><span class=\"icon\"><\/span><span class=\"text\">Tweet<\/span><\/a><div class=\"onoffswitch2 mash-large mashsb-noshadow\" style=\"display:none\"><\/div><\/div>\n            <\/div>\n                <div style=\"clear:both\"><\/div><div class=\"mashsb-toggle-container\"><\/div><\/aside>\n            <!-- Share buttons by mashshare.net - Version: 4.0.47-->\n<p><em>Por Salvador Altamirano\/Zunoticia<\/em><\/p>\n\n\n\n<p><strong>Atlapexco, Hgo<\/strong>.- \u201cEn cada una de las cinco regiones del Estado de Hidalgo, los CECyTEHs est\u00e1n llevando a cabo un evento cultural, intercultural y arte, denominado &#8220;Ra\u00edces Vivas&#8221;, en el cual el pasado jueves en la ciudad de Huejutla participaron once planteles de la Sierra y Huasteca\u201d.<\/p>\n\n\n\n<p>Lo anterior, fue expresado por el director del plantel Atlapexco, Jennigs Ibarra Hern\u00e1ndez, quien explic\u00f3 que, los alumnos de la instituci\u00f3n participaron en las diferentes disciplinas: danza; oratoria; medicina tradicional; cuento corto; gastronom\u00eda; fotograf\u00eda; catrinas y escolta.<\/p>\n\n\n\n<p>Subray\u00f3 que, de manera general tuvieron una destacada actuaci\u00f3n, ya que en danza, medicina tradicional y cuento corto, obtuvieron primeros lugares; en gastronom\u00eda, escolta y oratoria, segundos lugares y, en fotograf\u00eda, representaci\u00f3n de D\u00eda de Muertos y catrinas, terceros lugares, \u201cpor lo que logramos ocho premiaciones\u201d.<\/p>\n\n\n\n<p>Enfatiz\u00f3 \u201c\u00e9xito alcanzado es resultado del trabajo de alumnos y asesores, por lo que me encuentro muy satisfecho, ya que la competencia estuvo muy re\u00f1ida, los dem\u00e1s planteles hermanos traen excelentes participaciones, por lo que todos los que ganaron en esta etapa har\u00e1n un excelente papel representado a la Sierra y Huasteca en el evento estatal de arte y cultura\u201d.<\/p>\n\n\n\n<p>A pregunta expresa, refiri\u00f3 que, el evento estatal est\u00e1 programado para los d\u00edas 26 y 27 de marzo, el cual se llevar\u00e1 a cabo en este municipio de Atlapexco, para cuyo efecto est\u00e1n ya realizando los avances y preparativos.<\/p>\n\n\n\n<p>Asimismo, coment\u00f3 que, los pasados martes y mi\u00e9rcoles, alumnos y asesores participaron en el &#8220;Carnaval Atlapexco 2026&#8221;, con una cuadrilla de mecos; una comparsa y un carro aleg\u00f3rico.<\/p>\n\n\n\n<p>Para finalizar, Ibarra Hern\u00e1ndez env\u00edo una felicitaci\u00f3n general a todos los alumnos que participaron en ambos eventos, por su desempe\u00f1o, alcanzado con el apoyo de sus maestros y padres de familia.<\/p>\n\n\n\n<p><\/p>\n","protected":false},"excerpt":{"rendered":"<p>Por Salvador Altamirano\/Zunoticia Atlapexco, Hgo.- \u201cEn cada una de las cinco regiones del Estado de Hidalgo, los CECyTEHs est\u00e1n llevando a cabo un evento cultural, intercultural y arte, denominado &#8220;Ra\u00edces Vivas&#8221;, en el cual el pasado jueves en la ciudad de Huejutla participaron once planteles de la Sierra y Huasteca\u201d. Lo anterior, fue expresado por&hellip; <a class=\"more-link\" href=\"https:\/\/www.zunoticia.com\/noticias-de-hidalgo\/2026\/02\/20\/destacada-actuacion-de-alumnos-del-plantel-atlapexco-en-evento-regional-del-cecyteh\/\">Seguir leyendo <span class=\"screen-reader-text\">Destacada actuaci\u00f3n de alumnos del plantel Atlapexco en evento regional del CECyTEH<\/span><\/a><\/p>\n","protected":false},"author":20,"featured_media":626875,"comment_status":"open","ping_status":"open","sticky":false,"template":"","format":"standard","meta":{"rop_custom_images_group":[],"rop_custom_messages_group":[],"rop_publish_now":"initial","rop_publish_now_accounts":{"facebook_10159540855086992_322828327761733":""},"rop_publish_now_history":[],"rop_publish_now_status":"pending","footnotes":""},"categories":[182,179],"tags":[133,229],"class_list":["post-626874","post","type-post","status-publish","format-standard","has-post-thumbnail","hentry","category-atlapexco","category-huasteca","tag-atlapexco","tag-huasteca","entry"],"_links":{"self":[{"href":"https:\/\/www.zunoticia.com\/noticias-de-hidalgo\/wp-json\/wp\/v2\/posts\/626874","targetHints":{"allow":["GET"]}}],"collection":[{"href":"https:\/\/www.zunoticia.com\/noticias-de-hidalgo\/wp-json\/wp\/v2\/posts"}],"about":[{"href":"https:\/\/www.zunoticia.com\/noticias-de-hidalgo\/wp-json\/wp\/v2\/types\/post"}],"author":[{"embeddable":true,"href":"https:\/\/www.zunoticia.com\/noticias-de-hidalgo\/wp-json\/wp\/v2\/users\/20"}],"replies":[{"embeddable":true,"href":"https:\/\/www.zunoticia.com\/noticias-de-hidalgo\/wp-json\/wp\/v2\/comments?post=626874"}],"version-history":[{"count":1,"href":"https:\/\/www.zunoticia.com\/noticias-de-hidalgo\/wp-json\/wp\/v2\/posts\/626874\/revisions"}],"predecessor-version":[{"id":626876,"href":"https:\/\/www.zunoticia.com\/noticias-de-hidalgo\/wp-json\/wp\/v2\/posts\/626874\/revisions\/626876"}],"wp:featuredmedia":[{"embeddable":true,"href":"https:\/\/www.zunoticia.com\/noticias-de-hidalgo\/wp-json\/wp\/v2\/media\/626875"}],"wp:attachment":[{"href":"https:\/\/www.zunoticia.com\/noticias-de-hidalgo\/wp-json\/wp\/v2\/media?parent=626874"}],"wp:term":[{"taxonomy":"category","embeddable":true,"href":"https:\/\/www.zunoticia.com\/noticias-de-hidalgo\/wp-json\/wp\/v2\/categories?post=626874"},{"taxonomy":"post_tag","embeddable":true,"href":"https:\/\/www.zunoticia.com\/noticias-de-hidalgo\/wp-json\/wp\/v2\/tags?post=626874"}],"curies":[{"name":"wp","href":"https:\/\/api.w.org\/{rel}","templated":true}]}}