{"id":626917,"date":"2026-02-20T17:48:41","date_gmt":"2026-02-20T23:48:41","guid":{"rendered":"https:\/\/www.zunoticia.com\/noticias-de-hidalgo\/?p=626917"},"modified":"2026-02-20T17:48:42","modified_gmt":"2026-02-20T23:48:42","slug":"inauguran-eventos-deportivos-sector-6-de-telesecundaria","status":"publish","type":"post","link":"https:\/\/www.zunoticia.com\/noticias-de-hidalgo\/2026\/02\/20\/inauguran-eventos-deportivos-sector-6-de-telesecundaria\/","title":{"rendered":"Inauguran Eventos Deportivos Sector 6 de Telesecundaria"},"content":{"rendered":"<aside class=\"mashsb-container mashsb-main mashsb-stretched\"><div class=\"mashsb-box\"><div class=\"mashsb-count mash-large\" style=\"float:left\"><div class=\"counts mashsbcount\">0<\/div><span class=\"mashsb-sharetext\">SHARES<\/span><\/div><div class=\"mashsb-buttons\"><a class=\"mashicon-facebook mash-large mash-center mashsb-noshadow\" href=\"https:\/\/www.facebook.com\/sharer.php?u=https%3A%2F%2Fwww.zunoticia.com%2Fnoticias-de-hidalgo%2F2026%2F02%2F20%2Finauguran-eventos-deportivos-sector-6-de-telesecundaria%2F\" target=\"_top\" rel=\"nofollow\"><span class=\"icon\"><\/span><span class=\"text\">Share<\/span><\/a><a class=\"mashicon-twitter mash-large mash-center mashsb-noshadow\" href=\"https:\/\/twitter.com\/intent\/tweet?text=&amp;url=https:\/\/www.zunoticia.com\/noticias-de-hidalgo\/2026\/02\/20\/inauguran-eventos-deportivos-sector-6-de-telesecundaria\/\" target=\"_top\" rel=\"nofollow\"><span class=\"icon\"><\/span><span class=\"text\">Tweet<\/span><\/a><div class=\"onoffswitch2 mash-large mashsb-noshadow\" style=\"display:none\"><\/div><\/div>\n            <\/div>\n                <div style=\"clear:both\"><\/div><div class=\"mashsb-toggle-container\"><\/div><\/aside>\n            <!-- Share buttons by mashshare.net - Version: 4.0.47-->\n<p><em>Por \u00c1ngel Osiris Castillo Garc\u00eda\/Zunoticia<\/em><\/p>\n\n\n\n<p><strong>Tlanchinol, Hgo<\/strong>.- Con la participaci\u00f3n de delegaciones de diferentes zonas escolares, la ma\u00f1ana de este viernes se llev\u00f3 la inauguraci\u00f3n de los Eventos Deportivos Sector 6 de Telesecundarias, contando con la presencia del director general de Telesecundarias a Nivel Estado, as\u00ed como el alcalde Gabino Hern\u00e1ndez Vite, adem\u00e1s de personal de las supervisiones y personal docente.<\/p>\n\n\n\n<p>Lo anterior se llev\u00f3 a cabo en la Unidad Deportiva del Municipio en donde se dieron cita los representantes de las zonas 30 de Acoxcatl\u00e1n, zona 45 Teyahuala, zona 53 Ahuehueco, zona 04 Tlanchinol, as\u00ed como los supervisores y jefes de sector de cada una, con la presencia del director general de Telesecundarias en el estado, Hazael Oviedo Ter\u00e1n, as\u00ed como del presidente municipal Gabino Hern\u00e1ndez Vite.<\/p>\n\n\n\n<figure class=\"wp-block-gallery has-nested-images columns-default is-cropped wp-block-gallery-1 is-layout-flex wp-block-gallery-is-layout-flex\">\n<figure class=\"wp-block-image size-large\"><img fetchpriority=\"high\" decoding=\"async\" width=\"933\" height=\"524\" data-id=\"626919\" src=\"https:\/\/www.zunoticia.com\/noticias-de-hidalgo\/wp-content\/uploads\/2026\/02\/Zunoticia-Huejutla-1-217.png\" alt=\"\" class=\"wp-image-626919\" srcset=\"https:\/\/www.zunoticia.com\/noticias-de-hidalgo\/wp-content\/uploads\/2026\/02\/Zunoticia-Huejutla-1-217.png 933w, https:\/\/www.zunoticia.com\/noticias-de-hidalgo\/wp-content\/uploads\/2026\/02\/Zunoticia-Huejutla-1-217-300x168.png 300w, https:\/\/www.zunoticia.com\/noticias-de-hidalgo\/wp-content\/uploads\/2026\/02\/Zunoticia-Huejutla-1-217-768x431.png 768w\" sizes=\"(max-width: 933px) 100vw, 933px\" \/><\/figure>\n\n\n\n<figure class=\"wp-block-image size-large\"><img decoding=\"async\" width=\"933\" height=\"524\" data-id=\"626920\" src=\"https:\/\/www.zunoticia.com\/noticias-de-hidalgo\/wp-content\/uploads\/2026\/02\/Zunoticia-Huejutla-300.png\" alt=\"\" class=\"wp-image-626920\" srcset=\"https:\/\/www.zunoticia.com\/noticias-de-hidalgo\/wp-content\/uploads\/2026\/02\/Zunoticia-Huejutla-300.png 933w, https:\/\/www.zunoticia.com\/noticias-de-hidalgo\/wp-content\/uploads\/2026\/02\/Zunoticia-Huejutla-300-300x168.png 300w, https:\/\/www.zunoticia.com\/noticias-de-hidalgo\/wp-content\/uploads\/2026\/02\/Zunoticia-Huejutla-300-768x431.png 768w\" sizes=\"(max-width: 933px) 100vw, 933px\" \/><\/figure>\n<\/figure>\n\n\n\n<p>Previamente se realiz\u00f3 la ceremonia de honores a los s\u00edmbolos patrios, y posteriormente el alcalde dirigi\u00f3 un mensaje a los asistentes, a quienes le dio la bienvenida al municipio, reconociendo el trabajo de los maestros que acuden a las comunidades m\u00e1s alejadas, recordando su paso por el CONAFE como instructor, adem\u00e1s reiter\u00f3 su compromiso con los maestros de Tlanchinol, para realizarles su festejo del D\u00eda del Maestro.<\/p>\n\n\n\n<p>Adem\u00e1s, anunci\u00f3 que habr\u00e1 de llevar a cabo la construcci\u00f3n de las oficinas de la Supervisi\u00f3n de la Zona 06, con el fin de que los maestros de Telesecundaria cuenten con espacios dignos y en buenas condiciones.<\/p>\n","protected":false},"excerpt":{"rendered":"<p>Por \u00c1ngel Osiris Castillo Garc\u00eda\/Zunoticia Tlanchinol, Hgo.- Con la participaci\u00f3n de delegaciones de diferentes zonas escolares, la ma\u00f1ana de este viernes se llev\u00f3 la inauguraci\u00f3n de los Eventos Deportivos Sector 6 de Telesecundarias, contando con la presencia del director general de Telesecundarias a Nivel Estado, as\u00ed como el alcalde Gabino Hern\u00e1ndez Vite, adem\u00e1s de personal&hellip; <a class=\"more-link\" href=\"https:\/\/www.zunoticia.com\/noticias-de-hidalgo\/2026\/02\/20\/inauguran-eventos-deportivos-sector-6-de-telesecundaria\/\">Seguir leyendo <span class=\"screen-reader-text\">Inauguran Eventos Deportivos Sector 6 de Telesecundaria<\/span><\/a><\/p>\n","protected":false},"author":20,"featured_media":626918,"comment_status":"open","ping_status":"open","sticky":false,"template":"","format":"standard","meta":{"rop_custom_images_group":[],"rop_custom_messages_group":[],"rop_publish_now":"initial","rop_publish_now_accounts":{"facebook_10159540855086992_322828327761733":""},"rop_publish_now_history":[],"rop_publish_now_status":"pending","footnotes":""},"categories":[201],"tags":[127],"class_list":["post-626917","post","type-post","status-publish","format-standard","has-post-thumbnail","hentry","category-tlanchinol","tag-tlanchinol","entry"],"_links":{"self":[{"href":"https:\/\/www.zunoticia.com\/noticias-de-hidalgo\/wp-json\/wp\/v2\/posts\/626917","targetHints":{"allow":["GET"]}}],"collection":[{"href":"https:\/\/www.zunoticia.com\/noticias-de-hidalgo\/wp-json\/wp\/v2\/posts"}],"about":[{"href":"https:\/\/www.zunoticia.com\/noticias-de-hidalgo\/wp-json\/wp\/v2\/types\/post"}],"author":[{"embeddable":true,"href":"https:\/\/www.zunoticia.com\/noticias-de-hidalgo\/wp-json\/wp\/v2\/users\/20"}],"replies":[{"embeddable":true,"href":"https:\/\/www.zunoticia.com\/noticias-de-hidalgo\/wp-json\/wp\/v2\/comments?post=626917"}],"version-history":[{"count":1,"href":"https:\/\/www.zunoticia.com\/noticias-de-hidalgo\/wp-json\/wp\/v2\/posts\/626917\/revisions"}],"predecessor-version":[{"id":626921,"href":"https:\/\/www.zunoticia.com\/noticias-de-hidalgo\/wp-json\/wp\/v2\/posts\/626917\/revisions\/626921"}],"wp:featuredmedia":[{"embeddable":true,"href":"https:\/\/www.zunoticia.com\/noticias-de-hidalgo\/wp-json\/wp\/v2\/media\/626918"}],"wp:attachment":[{"href":"https:\/\/www.zunoticia.com\/noticias-de-hidalgo\/wp-json\/wp\/v2\/media?parent=626917"}],"wp:term":[{"taxonomy":"category","embeddable":true,"href":"https:\/\/www.zunoticia.com\/noticias-de-hidalgo\/wp-json\/wp\/v2\/categories?post=626917"},{"taxonomy":"post_tag","embeddable":true,"href":"https:\/\/www.zunoticia.com\/noticias-de-hidalgo\/wp-json\/wp\/v2\/tags?post=626917"}],"curies":[{"name":"wp","href":"https:\/\/api.w.org\/{rel}","templated":true}]}}