{"id":627595,"date":"2026-02-25T17:57:46","date_gmt":"2026-02-25T23:57:46","guid":{"rendered":"https:\/\/www.zunoticia.com\/noticias-de-hidalgo\/?p=627595"},"modified":"2026-02-25T17:57:47","modified_gmt":"2026-02-25T23:57:47","slug":"tlanchinol-podria-tener-sus-propios-voladores","status":"publish","type":"post","link":"https:\/\/www.zunoticia.com\/noticias-de-hidalgo\/2026\/02\/25\/tlanchinol-podria-tener-sus-propios-voladores\/","title":{"rendered":"Tlanchinol podr\u00eda tener sus propios Voladores"},"content":{"rendered":"<aside class=\"mashsb-container mashsb-main mashsb-stretched\"><div class=\"mashsb-box\"><div class=\"mashsb-count mash-large\" style=\"float:left\"><div class=\"counts mashsbcount\">0<\/div><span class=\"mashsb-sharetext\">SHARES<\/span><\/div><div class=\"mashsb-buttons\"><a class=\"mashicon-facebook mash-large mash-center mashsb-noshadow\" href=\"https:\/\/www.facebook.com\/sharer.php?u=https%3A%2F%2Fwww.zunoticia.com%2Fnoticias-de-hidalgo%2F2026%2F02%2F25%2Ftlanchinol-podria-tener-sus-propios-voladores%2F\" target=\"_top\" rel=\"nofollow\"><span class=\"icon\"><\/span><span class=\"text\">Share<\/span><\/a><a class=\"mashicon-twitter mash-large mash-center mashsb-noshadow\" href=\"https:\/\/twitter.com\/intent\/tweet?text=&amp;url=https:\/\/www.zunoticia.com\/noticias-de-hidalgo\/2026\/02\/25\/tlanchinol-podria-tener-sus-propios-voladores\/\" target=\"_top\" rel=\"nofollow\"><span class=\"icon\"><\/span><span class=\"text\">Tweet<\/span><\/a><div class=\"onoffswitch2 mash-large mashsb-noshadow\" style=\"display:none\"><\/div><\/div>\n            <\/div>\n                <div style=\"clear:both\"><\/div><div class=\"mashsb-toggle-container\"><\/div><\/aside>\n            <!-- Share buttons by mashshare.net - Version: 4.0.47-->\n<p><em>Por \u00c1ngel Osiris Castillo Garc\u00eda\/Zunoticia<\/em><\/p>\n\n\n\n<p><strong>Tlanchinol, Hgo<\/strong>.- Tras la apertura de la ventanilla del programa PACMYC, se llev\u00f3 a cabo una reuni\u00f3n con varias comunidades del municipio, en donde se presentaron diversos proyectos culturales, entre los cuales se encuentra un grupo de voladores de Papantla, entre otras pr\u00e1cticas tradicionales.<\/p>\n\n\n\n<p>Lo anterior fue dado a conocer por el director de cultura del municipio, Jos\u00e9 Alberto Bustamante Vera, quien explic\u00f3 \u201cel programa PACMYC es, en pocas palabras, un impulso financiero y t\u00e9cnico para las tradiciones vivas de M\u00e9xico, para que apoyen a danzas tradicionales, a tr\u00edos musicales, a medicina tradicional y todo eso. Entonces Tlanchinol fue sede de esa capacitaci\u00f3n\u201d.<\/p>\n\n\n\n<p>Se\u00f1al\u00f3 que estuvo dirigida a todas las comunidades del municipio, en donde se dieron cita gente de Pueblo Hidalgo, Paguayo, Calnali, Santa Luc\u00eda, Pilcoatla, Santa Marta, Olotla, Coatlimax, entre otras.<\/p>\n\n\n\n<p>&nbsp;Dentro de esta capacitaci\u00f3n se dieron a conocer los diferentes apoyos y rubros que tiene este programa para ayudar a cada una de las personas, en donde ronda hasta un tope de 150 mil pesos por proyecto.<\/p>\n\n\n\n<p>Inform\u00f3 que, hay un plazo para el cierre de la ventanilla \u201cEstas plataformas de inscripci\u00f3n quedan abiertas hasta el 18 de abril del presente a\u00f1o, y pues s\u00ed hubo muchas personas interesadas desde cocina tradicional, medicina tradicional, y lo que son las artes como la danza y la m\u00fasica\u201d.<\/p>\n\n\n\n<p>El hecho de que se inscriban y metan sus expedientes, no garantiza que todos vayan a ser beneficiados, \u201cNo, claro, como les explicaban ayer los capacitadores entran a un concurso en donde se eval\u00faan todos los proyectos de todo el Estado. Despu\u00e9s de esa evaluaci\u00f3n les dan un aviso a las personas que van a ser apoyadas\u201d.<\/p>\n\n\n\n<p>Adem\u00e1s, dio a conocer que se tiene un proyecto novedoso para el municipio y la regi\u00f3n \u201cTen\u00edamos la participaci\u00f3n de unos ni\u00f1os de Santa Mar\u00eda que justamente est\u00e1n empezando con el tema de los voladores de Papantla. Ven\u00edan los pap\u00e1s, los tutores de esos ni\u00f1os de una primaria de la comunidad de Santa Mar\u00eda, donde buscan un apoyo para traer ese tipo de tradici\u00f3n para ac\u00e1 que es los voladores de Papantla. Me comentaban que ya tienen un a\u00f1o practic\u00e1ndolo y los ni\u00f1os ya lo hacen con todo el ritual y todo\u201d.<\/p>\n\n\n\n<p>Agreg\u00f3, \u201cel a\u00f1o pasado se lanz\u00f3 la convocatoria, desgraciadamente solo tuvimos dos personas interesadas y los proyectos se dan a conocer hasta finales de este a\u00f1o. Entonces vamos un a\u00f1o atr\u00e1s\u201d.<\/p>\n","protected":false},"excerpt":{"rendered":"<p>Por \u00c1ngel Osiris Castillo Garc\u00eda\/Zunoticia Tlanchinol, Hgo.- Tras la apertura de la ventanilla del programa PACMYC, se llev\u00f3 a cabo una reuni\u00f3n con varias comunidades del municipio, en donde se presentaron diversos proyectos culturales, entre los cuales se encuentra un grupo de voladores de Papantla, entre otras pr\u00e1cticas tradicionales. Lo anterior fue dado a conocer&hellip; <a class=\"more-link\" href=\"https:\/\/www.zunoticia.com\/noticias-de-hidalgo\/2026\/02\/25\/tlanchinol-podria-tener-sus-propios-voladores\/\">Seguir leyendo <span class=\"screen-reader-text\">Tlanchinol podr\u00eda tener sus propios Voladores<\/span><\/a><\/p>\n","protected":false},"author":20,"featured_media":627596,"comment_status":"open","ping_status":"open","sticky":false,"template":"","format":"standard","meta":{"rop_custom_images_group":[],"rop_custom_messages_group":[],"rop_publish_now":"initial","rop_publish_now_accounts":{"facebook_10159540855086992_322828327761733":""},"rop_publish_now_history":[],"rop_publish_now_status":"pending","footnotes":""},"categories":[201],"tags":[127],"class_list":["post-627595","post","type-post","status-publish","format-standard","has-post-thumbnail","hentry","category-tlanchinol","tag-tlanchinol","entry"],"_links":{"self":[{"href":"https:\/\/www.zunoticia.com\/noticias-de-hidalgo\/wp-json\/wp\/v2\/posts\/627595","targetHints":{"allow":["GET"]}}],"collection":[{"href":"https:\/\/www.zunoticia.com\/noticias-de-hidalgo\/wp-json\/wp\/v2\/posts"}],"about":[{"href":"https:\/\/www.zunoticia.com\/noticias-de-hidalgo\/wp-json\/wp\/v2\/types\/post"}],"author":[{"embeddable":true,"href":"https:\/\/www.zunoticia.com\/noticias-de-hidalgo\/wp-json\/wp\/v2\/users\/20"}],"replies":[{"embeddable":true,"href":"https:\/\/www.zunoticia.com\/noticias-de-hidalgo\/wp-json\/wp\/v2\/comments?post=627595"}],"version-history":[{"count":1,"href":"https:\/\/www.zunoticia.com\/noticias-de-hidalgo\/wp-json\/wp\/v2\/posts\/627595\/revisions"}],"predecessor-version":[{"id":627597,"href":"https:\/\/www.zunoticia.com\/noticias-de-hidalgo\/wp-json\/wp\/v2\/posts\/627595\/revisions\/627597"}],"wp:featuredmedia":[{"embeddable":true,"href":"https:\/\/www.zunoticia.com\/noticias-de-hidalgo\/wp-json\/wp\/v2\/media\/627596"}],"wp:attachment":[{"href":"https:\/\/www.zunoticia.com\/noticias-de-hidalgo\/wp-json\/wp\/v2\/media?parent=627595"}],"wp:term":[{"taxonomy":"category","embeddable":true,"href":"https:\/\/www.zunoticia.com\/noticias-de-hidalgo\/wp-json\/wp\/v2\/categories?post=627595"},{"taxonomy":"post_tag","embeddable":true,"href":"https:\/\/www.zunoticia.com\/noticias-de-hidalgo\/wp-json\/wp\/v2\/tags?post=627595"}],"curies":[{"name":"wp","href":"https:\/\/api.w.org\/{rel}","templated":true}]}}