{"id":628106,"date":"2026-03-02T13:52:58","date_gmt":"2026-03-02T19:52:58","guid":{"rendered":"https:\/\/www.zunoticia.com\/noticias-de-hidalgo\/?p=628106"},"modified":"2026-03-02T13:53:00","modified_gmt":"2026-03-02T19:53:00","slug":"el-magisterio-indigena-celebra-62-anos-de-historia-identidad-y-compromiso-educativo","status":"publish","type":"post","link":"https:\/\/www.zunoticia.com\/noticias-de-hidalgo\/2026\/03\/02\/el-magisterio-indigena-celebra-62-anos-de-historia-identidad-y-compromiso-educativo\/","title":{"rendered":"El Magisterio Ind\u00edgena celebra 62 a\u00f1os de historia, identidad y compromiso educativo"},"content":{"rendered":"<aside class=\"mashsb-container mashsb-main mashsb-stretched\"><div class=\"mashsb-box\"><div class=\"mashsb-count mash-large\" style=\"float:left\"><div class=\"counts mashsbcount\">0<\/div><span class=\"mashsb-sharetext\">SHARES<\/span><\/div><div class=\"mashsb-buttons\"><a class=\"mashicon-facebook mash-large mash-center mashsb-noshadow\" href=\"https:\/\/www.facebook.com\/sharer.php?u=https%3A%2F%2Fwww.zunoticia.com%2Fnoticias-de-hidalgo%2F2026%2F03%2F02%2Fel-magisterio-indigena-celebra-62-anos-de-historia-identidad-y-compromiso-educativo%2F\" target=\"_top\" rel=\"nofollow\"><span class=\"icon\"><\/span><span class=\"text\">Share<\/span><\/a><a class=\"mashicon-twitter mash-large mash-center mashsb-noshadow\" href=\"https:\/\/twitter.com\/intent\/tweet?text=&amp;url=https:\/\/www.zunoticia.com\/noticias-de-hidalgo\/2026\/03\/02\/el-magisterio-indigena-celebra-62-anos-de-historia-identidad-y-compromiso-educativo\/\" target=\"_top\" rel=\"nofollow\"><span class=\"icon\"><\/span><span class=\"text\">Tweet<\/span><\/a><div class=\"onoffswitch2 mash-large mashsb-noshadow\" style=\"display:none\"><\/div><\/div>\n            <\/div>\n                <div style=\"clear:both\"><\/div><div class=\"mashsb-toggle-container\"><\/div><\/aside>\n            <!-- Share buttons by mashshare.net - Version: 4.0.47-->\n<ul class=\"wp-block-list\">\n<li>Maestros de las diferentes zonas del Estado asistieron al magno evento.<\/li>\n<\/ul>\n\n\n\n<p><em>Por Karen Rivera \/ Zunoticia<\/em><\/p>\n\n\n\n<p><strong>Atlapexco, Hgo<\/strong>.- Con una emotiva jornada c\u00edvico-cultural, autoridades educativas, sindicales y municipales conmemoraron el LXII aniversario del Sistema de Educaci\u00f3n Ind\u00edgena en el municipio, destacando m\u00e1s de seis d\u00e9cadas de labor en favor de la ense\u00f1anza y la preservaci\u00f3n cultural de los pueblos originarios.<\/p>\n\n\n\n<p>En el marco del LXII Aniversario del Servicio Nacional de Promotores Culturales y Promotores Biling\u00fces, este municipio huasteco se convirti\u00f3 en punto de encuentro para la convivencia, la expresi\u00f3n cultural y el intercambio deportivo de maestras y maestros que, desde las aulas, fortalecen la identidad de las comunidades ind\u00edgenas.<\/p>\n\n\n\n<p>En el pres\u00eddium se cont\u00f3 con la asistencia del secretario de Educaci\u00f3n P\u00fablica en Hidalgo, Natividad Castrej\u00f3n Valdez; secretario general de la Secci\u00f3n 15 del Sindicato Nacional de Trabajadores de la Educaci\u00f3n (SNTE); Said Vargas S\u00e1enz;&nbsp; Jes\u00fas Jaime Roch\u00edn Carrillo, representante del Comit\u00e9 Ejecutivo Nacional en la Secci\u00f3n 15; as\u00ed como los presidentes municipales Jos\u00e9 Alfredo San Rom\u00e1n Duval; Vanessa Mej\u00eda Hern\u00e1ndez y Juan de Dios Nochebuena Hern\u00e1ndez, tambi\u00e9n se cont\u00f3 con la presencia del diputado local, Jorge Arg\u00fcelles Salazar y el diputado federal, Daniel Andrade Zurutuza, adem\u00e1s del profesor Fausto Baltazar Solares, jefe del Sector 04 de Educaci\u00f3n Ind\u00edgena, &nbsp;jefes de sector, supervisores y personal docente del subsistema.<\/p>\n\n\n\n<p>Durante su mensaje, el alcalde Juan de Dios Nochebuena Hern\u00e1ndez coloc\u00f3 a Atlapexco en el centro del mapa educativo intercultural, evocando un proverbio hind\u00fa: \u201cEl conocimiento, si no se comparte, tiende a perderse\u201d, para reconocer la misi\u00f3n hist\u00f3rica de las maestras y los maestros biling\u00fces en la formaci\u00f3n de ciudadanos comprometidos con su entorno.<\/p>\n\n\n\n<p>Agradeci\u00f3 la confianza del dirigente sindical Said Vargas para que el municipio fuera nuevamente sede de este encuentro, as\u00ed como la presencia del secretario Natividad Castrej\u00f3n, en representaci\u00f3n de las pol\u00edticas educativas impulsadas por el gobernador Julio Menchaca Salazar.<\/p>\n\n\n\n<p>Asimismo, destac\u00f3 que, su administraci\u00f3n mantiene una inversi\u00f3n constante en el rubro educativo, al considerarlo la verdadera palanca de transformaci\u00f3n social.<\/p>\n\n\n\n<figure class=\"wp-block-gallery has-nested-images columns-default is-cropped wp-block-gallery-1 is-layout-flex wp-block-gallery-is-layout-flex\">\n<figure class=\"wp-block-image size-large\"><img fetchpriority=\"high\" decoding=\"async\" width=\"933\" height=\"524\" data-id=\"628108\" src=\"https:\/\/www.zunoticia.com\/noticias-de-hidalgo\/wp-content\/uploads\/2026\/03\/Zunoticia-Huejutla-2-1.png\" alt=\"\" class=\"wp-image-628108\" srcset=\"https:\/\/www.zunoticia.com\/noticias-de-hidalgo\/wp-content\/uploads\/2026\/03\/Zunoticia-Huejutla-2-1.png 933w, https:\/\/www.zunoticia.com\/noticias-de-hidalgo\/wp-content\/uploads\/2026\/03\/Zunoticia-Huejutla-2-1-300x168.png 300w, https:\/\/www.zunoticia.com\/noticias-de-hidalgo\/wp-content\/uploads\/2026\/03\/Zunoticia-Huejutla-2-1-768x431.png 768w\" sizes=\"(max-width: 933px) 100vw, 933px\" \/><\/figure>\n\n\n\n<figure class=\"wp-block-image size-large\"><img decoding=\"async\" width=\"933\" height=\"524\" data-id=\"628109\" src=\"https:\/\/www.zunoticia.com\/noticias-de-hidalgo\/wp-content\/uploads\/2026\/03\/Zunoticia-Huejutla-1-1.png\" alt=\"\" class=\"wp-image-628109\" srcset=\"https:\/\/www.zunoticia.com\/noticias-de-hidalgo\/wp-content\/uploads\/2026\/03\/Zunoticia-Huejutla-1-1.png 933w, https:\/\/www.zunoticia.com\/noticias-de-hidalgo\/wp-content\/uploads\/2026\/03\/Zunoticia-Huejutla-1-1-300x168.png 300w, https:\/\/www.zunoticia.com\/noticias-de-hidalgo\/wp-content\/uploads\/2026\/03\/Zunoticia-Huejutla-1-1-768x431.png 768w\" sizes=\"(max-width: 933px) 100vw, 933px\" \/><\/figure>\n<\/figure>\n\n\n\n<p>Por su parte, los legisladores Jorge Arg\u00fcelles y Daniel Andrade reconocieron la labor de los docentes que integran este subsistema, pieza clave en la formaci\u00f3n acad\u00e9mica y el fortalecimiento de la identidad cultural en las comunidades ind\u00edgenas de Hidalgo.<\/p>\n\n\n\n<p>La celebraci\u00f3n incluy\u00f3 actividades culturales y deportivas con la participaci\u00f3n de docentes provenientes de las regiones Otom\u00ed-Tepehua, Tulancingo-Acaxochitl\u00e1n, Valle del Mezquital y Huasteca, quienes demostraron unidad, compromiso y orgullo por su vocaci\u00f3n.<\/p>\n\n\n\n<p>Autoridades y asistentes coincidieron en que Atlapexco no solo fue sede, sino el escenario donde la educaci\u00f3n ind\u00edgena se reafirm\u00f3 como motor de transformaci\u00f3n social y base del desarrollo comunitario, honrando 62 a\u00f1os de historia, trabajo y dedicaci\u00f3n al servicio de la ni\u00f1ez hidalguense y consolidando \u201cLa Nueva Historia del Magisterio\u201d, un proyecto orientado a fortalecer un sistema educativo m\u00e1s incluyente, con identidad y sentido social.<\/p>\n\n\n\n<p>Foto: Celebran el 62 aniversario de la Educaci\u00f3n Ind\u00edgena.<\/p>\n","protected":false},"excerpt":{"rendered":"<p>Por Karen Rivera \/ Zunoticia Atlapexco, Hgo.- Con una emotiva jornada c\u00edvico-cultural, autoridades educativas, sindicales y municipales conmemoraron el LXII aniversario del Sistema de Educaci\u00f3n Ind\u00edgena en el municipio, destacando m\u00e1s de seis d\u00e9cadas de labor en favor de la ense\u00f1anza y la preservaci\u00f3n cultural de los pueblos originarios. En el marco del LXII Aniversario&hellip; <a class=\"more-link\" href=\"https:\/\/www.zunoticia.com\/noticias-de-hidalgo\/2026\/03\/02\/el-magisterio-indigena-celebra-62-anos-de-historia-identidad-y-compromiso-educativo\/\">Seguir leyendo <span class=\"screen-reader-text\">El Magisterio Ind\u00edgena celebra 62 a\u00f1os de historia, identidad y compromiso educativo<\/span><\/a><\/p>\n","protected":false},"author":20,"featured_media":628107,"comment_status":"open","ping_status":"open","sticky":false,"template":"","format":"standard","meta":{"rop_custom_images_group":[],"rop_custom_messages_group":[],"rop_publish_now":"initial","rop_publish_now_accounts":{"facebook_10159540855086992_322828327761733":""},"rop_publish_now_history":[],"rop_publish_now_status":"pending","footnotes":""},"categories":[182,179],"tags":[133,229],"class_list":["post-628106","post","type-post","status-publish","format-standard","has-post-thumbnail","hentry","category-atlapexco","category-huasteca","tag-atlapexco","tag-huasteca","entry"],"_links":{"self":[{"href":"https:\/\/www.zunoticia.com\/noticias-de-hidalgo\/wp-json\/wp\/v2\/posts\/628106","targetHints":{"allow":["GET"]}}],"collection":[{"href":"https:\/\/www.zunoticia.com\/noticias-de-hidalgo\/wp-json\/wp\/v2\/posts"}],"about":[{"href":"https:\/\/www.zunoticia.com\/noticias-de-hidalgo\/wp-json\/wp\/v2\/types\/post"}],"author":[{"embeddable":true,"href":"https:\/\/www.zunoticia.com\/noticias-de-hidalgo\/wp-json\/wp\/v2\/users\/20"}],"replies":[{"embeddable":true,"href":"https:\/\/www.zunoticia.com\/noticias-de-hidalgo\/wp-json\/wp\/v2\/comments?post=628106"}],"version-history":[{"count":1,"href":"https:\/\/www.zunoticia.com\/noticias-de-hidalgo\/wp-json\/wp\/v2\/posts\/628106\/revisions"}],"predecessor-version":[{"id":628110,"href":"https:\/\/www.zunoticia.com\/noticias-de-hidalgo\/wp-json\/wp\/v2\/posts\/628106\/revisions\/628110"}],"wp:featuredmedia":[{"embeddable":true,"href":"https:\/\/www.zunoticia.com\/noticias-de-hidalgo\/wp-json\/wp\/v2\/media\/628107"}],"wp:attachment":[{"href":"https:\/\/www.zunoticia.com\/noticias-de-hidalgo\/wp-json\/wp\/v2\/media?parent=628106"}],"wp:term":[{"taxonomy":"category","embeddable":true,"href":"https:\/\/www.zunoticia.com\/noticias-de-hidalgo\/wp-json\/wp\/v2\/categories?post=628106"},{"taxonomy":"post_tag","embeddable":true,"href":"https:\/\/www.zunoticia.com\/noticias-de-hidalgo\/wp-json\/wp\/v2\/tags?post=628106"}],"curies":[{"name":"wp","href":"https:\/\/api.w.org\/{rel}","templated":true}]}}